{"id":177308,"date":"2025-06-15T02:08:10","date_gmt":"2025-06-15T02:08:10","guid":{"rendered":"https:\/\/www.europesays.com\/fr\/177308\/"},"modified":"2025-06-15T02:08:10","modified_gmt":"2025-06-15T02:08:10","slug":"au-congres-du-ps-les-militants-cherchent-a-reconcilier-les-irreconciliables-mediapart","status":"publish","type":"post","link":"https:\/\/www.europesays.com\/fr\/177308\/","title":{"rendered":"Au congr\u00e8s du PS, les militants cherchent \u00e0 r\u00e9concilier les irr\u00e9conciliables &#8211; Mediapart"},"content":{"rendered":"<ol>\n<li><a href=\"https:\/\/news.google.com\/rss\/articles\/CBMiwAFBVV95cUxNdzE1SWRHbXN2d0ZrVk04RUc2Nzlabkk2b1ZyVExBZVc1SGlLUDNRbTFQTlBodWNOOUtXdWF3TGNia1pwMWs4TlhWMkNOb1ZyTDhZMkNxS0hlMVNjOWllRzF2LWdkWXkwYmJHNjJkQUczTUpBaERGNTJ6ZFFVYnlkUm8yXzJ0SHktbTlxYVkybkt2QjVicUpLZGFZMzBMVkFrVm5Da3pwZlcyTU03dWc0OFVWT0JnWUVZQUhlMDJMUW4?oc=5\" target=\"_blank\" rel=\"noopener\">Au congr\u00e8s du PS, les militants cherchent \u00e0 r\u00e9concilier les irr\u00e9conciliables<\/a>&nbsp;&nbsp;Mediapart<\/li>\n<li><a href=\"https:\/\/news.google.com\/rss\/articles\/CBMixAFBVV95cUxOci1Gc1MwamlJRVpGUmxyNEhTT3lPc01USE5FVDB0TlFneXdxTWZGOGQ2Vmh5dkRpV2w4eHcyOTJELVA4V0hQbzZtZFZoMFNTaXNFcUY5cDVmNDJmNU56VUV1NDJDTWc2dXc1RVlOYTVlYVEwU2lpbUhfZkJWUVFMaTBOZEZWeU1DMTVKeHYwb3BXbVMxWTMyc3drcjQ1SmlsU1RKcGNqanoteHZmTFVpMTFPQTVaT1V2bGtYNHdMRXAxdmdr?oc=5\" target=\"_blank\" rel=\"noopener\">Congr\u00e8s du PS : malgr\u00e9 la victoire de Faure, Delga ne quittera finalement pas le parti<\/a>&nbsp;&nbsp;Le Figaro<\/li>\n<li><a href=\"https:\/\/news.google.com\/rss\/articles\/CBMiswFBVV95cUxPd0JScjhZMS1CWFVhZHNYbzllbzR6elY5MUkzaWpPaW54ay1vTHdqVVdHeUh0blFIWjFYRmZkVVRncUQ0MWFuWmE1VEpQRHdvelZSNzZIaEFUem4tdDAwNUw4SHRfTFJ3dE9wOWFSSjNmUmVJY1Mxd0VyYTVHbDllXzdfbjNTekItcWZONURrQjFtV05XaXIyeWNIMXRYZzkxY1JoaVlUeWhkLUYwamtEWFdNUQ?oc=5\" target=\"_blank\" rel=\"noopener\">Malgr\u00e9 les appels \u00e0 l&rsquo;unit\u00e9, le congr\u00e8s du PS s&rsquo;envenime<\/a>&nbsp;&nbsp;Les Echos<\/li>\n<li><a href=\"https:\/\/news.google.com\/rss\/articles\/CBMi1gFBVV95cUxPVk1udlpIblYwNV9wUkFoV2NfOUV2eXBQNG5BRGlJcWR4akhDaDBYTUh3cUZhRGJjcTMwRGhJc0RIeGNEUndlNjZEUVJuYUZfaFQzNGNrTkEyRkVWUHhmVzFtdmdfSk5LMTF4R25veGhCY2dNczczMjNZMHlPM05zZEgxUkdNRHZNc1dYQ3VSbmQ1eUR3bUxHZnR3Y3RoQlpVb25BRm56OU15akFMYTVmb010YnRJSmU2YXRpS0NQbDdvNkI4ZFIwTi14RWNMc3ZrNjdOSkhn?oc=5\" target=\"_blank\" rel=\"noopener\">Congr\u00e8s du PS : \u00e0 Nancy, les militants veulent le grand rassemblement<\/a>&nbsp;&nbsp;Lib\u00e9ration<\/li>\n<li><a href=\"https:\/\/news.google.com\/rss\/articles\/CBMiyAFBVV95cUxPOHRGTnVKR29EVlNYWEwxWU81MFpta1k3bktQNjh5WmNsTXoxMFdtRDV4Y3pZb2txSk42R2YwSHQ5X1RaSTh3d3B5ajJzZ3RNc29wTEMwQ3hXb2thSmExd2tOODIzcGFHbTgwTnpRNkJXdnhWOGFSaXJSR0xsVi1PLWU2WFkwMnZLMUxuMzdKa21WbllTUDNfbmdlRlBRTEJGUXBEWWxVT3l6ckZqZHVqVFBiTFBuakwwUkF2MmNBWG5TRFpSYXpZaw?oc=5\" target=\"_blank\" rel=\"noopener\">Dr\u00f4me. \u00c9lections du premier secr\u00e9taire du Parti socialiste : un vote \u201cpas sinc\u00e8re\u201d \u00e0 Valence ?<\/a>&nbsp;&nbsp;Le Dauphin\u00e9 Lib\u00e9r\u00e9<\/li>\n<\/ol>\n","protected":false},"excerpt":{"rendered":"Au congr\u00e8s du PS, les militants cherchent \u00e0 r\u00e9concilier les irr\u00e9conciliables&nbsp;&nbsp;Mediapart Congr\u00e8s du PS : malgr\u00e9 la victoire&hellip;\n","protected":false},"author":2,"featured_media":177309,"comment_status":"","ping_status":"","sticky":false,"template":"","format":"standard","meta":{"footnotes":""},"categories":[4],"tags":[11,1011,27,7740,3081,2338,12,13268,4393,3541,25],"class_list":{"0":"post-177308","1":"post","2":"type-post","3":"status-publish","4":"format-standard","5":"has-post-thumbnail","7":"category-france","8":"tag-actualites","9":"tag-fr","10":"tag-france","11":"tag-gauches","12":"tag-jean-luc-melenchon","13":"tag-la-france-insoumise","14":"tag-news","15":"tag-nicolas-mayer-rossignol","16":"tag-olivier-faure","17":"tag-parti-socialiste","18":"tag-republique-francaise"},"share_on_mastodon":{"url":"https:\/\/pubeurope.com\/@fr\/114684946245171231","error":""},"_links":{"self":[{"href":"https:\/\/www.europesays.com\/fr\/wp-json\/wp\/v2\/posts\/177308","targetHints":{"allow":["GET"]}}],"collection":[{"href":"https:\/\/www.europesays.com\/fr\/wp-json\/wp\/v2\/posts"}],"about":[{"href":"https:\/\/www.europesays.com\/fr\/wp-json\/wp\/v2\/types\/post"}],"author":[{"embeddable":true,"href":"https:\/\/www.europesays.com\/fr\/wp-json\/wp\/v2\/users\/2"}],"replies":[{"embeddable":true,"href":"https:\/\/www.europesays.com\/fr\/wp-json\/wp\/v2\/comments?post=177308"}],"version-history":[{"count":0,"href":"https:\/\/www.europesays.com\/fr\/wp-json\/wp\/v2\/posts\/177308\/revisions"}],"wp:featuredmedia":[{"embeddable":true,"href":"https:\/\/www.europesays.com\/fr\/wp-json\/wp\/v2\/media\/177309"}],"wp:attachment":[{"href":"https:\/\/www.europesays.com\/fr\/wp-json\/wp\/v2\/media?parent=177308"}],"wp:term":[{"taxonomy":"category","embeddable":true,"href":"https:\/\/www.europesays.com\/fr\/wp-json\/wp\/v2\/categories?post=177308"},{"taxonomy":"post_tag","embeddable":true,"href":"https:\/\/www.europesays.com\/fr\/wp-json\/wp\/v2\/tags?post=177308"}],"curies":[{"name":"wp","href":"https:\/\/api.w.org\/{rel}","templated":true}]}}