{"id":177312,"date":"2025-06-15T02:10:17","date_gmt":"2025-06-15T02:10:17","guid":{"rendered":"https:\/\/www.europesays.com\/fr\/177312\/"},"modified":"2025-06-15T02:10:17","modified_gmt":"2025-06-15T02:10:17","slug":"police-judiciaire-enquete-sur-les-heures-supplementaires-a-lhotel-de-ville-de-saint-chamond","status":"publish","type":"post","link":"https:\/\/www.europesays.com\/fr\/177312\/","title":{"rendered":"POLICE JUDICIAIRE : ENQU\u00caTE SUR LES HEURES SUPPL\u00c9MENTAIRES \u00c0 L&rsquo;H\u00d4TEL DE VILLE DE SAINT-CHAMOND"},"content":{"rendered":"<p>Les autorit\u00e9s municipales pr\u00e9cisent qu\u2019il s\u2019agit de v\u00e9rifications administratives li\u00e9es aux heures suppl\u00e9mentaires, en lien avec les observations de la Chambre r\u00e9gionale des comptes.<\/p>\n<p>Une enqu\u00eate qui fait suite aux remarques de la CRC<\/p>\n<p>L\u2019intervention des enqu\u00eateurs trouve son origine dans le rapport de la Chambre r\u00e9gionale des comptes publi\u00e9 fin 2022. Ce document, fruit d\u2019une ann\u00e9e d\u2019analyse approfondie, portait sur la gestion municipale entre 2015 et 2020. Les investigations actuelles concernent sp\u00e9cifiquement la gestion des heures suppl\u00e9mentaires d\u2019une dizaine d\u2019agents sur un effectif total de 800 employ\u00e9s municipaux.<\/p>\n<p>La municipalit\u00e9 tient \u00e0 distinguer cette proc\u00e9dure des accusations formul\u00e9es par l\u2019opposition, notamment par Isabelle Surply, concernant l\u2019utilisation de l\u2019argent public. Selon le communiqu\u00e9 officiel, il s\u2019agirait exclusivement de v\u00e9rifications techniques d\u00e9coulant des recommandations de la juridiction administrative.<\/p>\n<p>Des irr\u00e9gularit\u00e9s point\u00e9es par les contr\u00f4leurs<\/p>\n<p>L\u2019examen du rapport de la CRC r\u00e9v\u00e8le plusieurs dysfonctionnements dans la gestion des heures suppl\u00e9mentaires municipales. Les contr\u00f4leurs ont identifi\u00e9 \u00ab\u00a0diverses anomalies et irr\u00e9gularit\u00e9s\u00a0\u00bb dans un syst\u00e8me o\u00f9 les montants ont progress\u00e9 de 137 000 euros en 2017 \u00e0 150 000 euros en 2019.<\/p>\n<p>Le principal probl\u00e8me soulev\u00e9 concerne l\u2019absence de dispositif automatis\u00e9 de contr\u00f4le des horaires. La r\u00e9glementation impose pourtant la mise en place de moyens de pointage automatis\u00e9s lorsque les heures suppl\u00e9mentaires donnent lieu \u00e0 indemnisation plut\u00f4t qu\u2019\u00e0 r\u00e9cup\u00e9ration.<\/p>\n<p>L\u2019analyse de la CRC met en lumi\u00e8re des pratiques particuli\u00e8rement pr\u00e9occupantes. Plusieurs agents ont b\u00e9n\u00e9fici\u00e9 de forfaits d\u2019heures suppl\u00e9mentaires de 25 heures, soit le plafond l\u00e9gal maximum pour un m\u00eame agent. Cette attribution syst\u00e9matique soul\u00e8ve des interrogations sur la r\u00e9alit\u00e9 du travail effectu\u00e9.<\/p>\n<p>Plus troublant encore, les contr\u00f4leurs ont constat\u00e9 des d\u00e9passements du plafond r\u00e9glementaire, certains agents percevant des indemnisations pour plus de 25 heures suppl\u00e9mentaires mensuelles. L\u2019attribution r\u00e9p\u00e9t\u00e9e de forfaits de 24,5 heures aux agents des services techniques interpelle \u00e9galement les v\u00e9rificateurs quant \u00e0 l\u2019authenticit\u00e9 des prestations r\u00e9alis\u00e9es.<\/p>\n<p>Un cas de recrutement irr\u00e9gulier<\/p>\n<p>Le rapport \u00e9pingle aussi le recrutement d\u2019un chef de projet contractuel dont les conditions d\u2019embauche posent question. Cet agent a b\u00e9n\u00e9fici\u00e9 d\u00e8s son entr\u00e9e en fonction d\u2019un accord sur un forfait mensuel d\u2019heures suppl\u00e9mentaires, valid\u00e9 par sa hi\u00e9rarchie avant m\u00eame sa prise de poste. Cette pratique, destin\u00e9e \u00e0 augmenter artificiellement sa r\u00e9mun\u00e9ration, est qualifi\u00e9e d\u2019irr\u00e9guli\u00e8re par la CRC.<\/p>\n<p>Les contr\u00f4leurs avaient enjoint la municipalit\u00e9 de r\u00e9viser ces conditions de versement et de veiller au strict respect de la r\u00e9glementation applicable aux heures suppl\u00e9mentaires dans la fonction publique territoriale.<\/p>\n<p>Une intervention judiciaire qui interroge<\/p>\n<p>Si la mairie pr\u00e9sente cette intervention comme \u00ab\u00a0une proc\u00e9dure classique\u00a0\u00bb, la mobilisation de la police judiciaire n\u2019est pas anodine. En effet, la Chambre r\u00e9gionale des comptes ne transmet un dossier \u00e0 l\u2019autorit\u00e9 judiciaire qu\u2019en cas de suspicion d\u2019atteinte \u00e0 la probit\u00e9 publique.<\/p>\n<p>Cette escalade proc\u00e9durale sugg\u00e8re que les irr\u00e9gularit\u00e9s constat\u00e9es pourraient d\u00e9passer le simple cadre administratif pour entrer dans le champ p\u00e9nal. Toutefois, les autorit\u00e9s municipales maintiennent leur version d\u2019une v\u00e9rification de routine, se retranchant derri\u00e8re le secret de l\u2019enqu\u00eate en cours.<\/p>\n<p>Face aux interrogations l\u00e9gitimes que suscite cette affaire, la mairie s\u2019engage \u00e0 communiquer toute information suppl\u00e9mentaire \u00ab\u00a0dans un souci de transparence\u00a0\u00bb. Pour l\u2019heure, les responsables municipaux se contentent de renvoyer aux \u00e9l\u00e9ments contenus dans leur communiqu\u00e9 de presse initial.<\/p>\n","protected":false},"excerpt":{"rendered":"Les autorit\u00e9s municipales pr\u00e9cisent qu\u2019il s\u2019agit de v\u00e9rifications administratives li\u00e9es aux heures suppl\u00e9mentaires, en lien avec les observations&hellip;\n","protected":false},"author":2,"featured_media":177313,"comment_status":"","ping_status":"","sticky":false,"template":"","format":"standard","meta":{"footnotes":""},"categories":[9653],"tags":[1111,11,2430,1777,674,118,1011,27,3367,12,25,9669,4001],"class_list":{"0":"post-177312","1":"post","2":"type-post","3":"status-publish","4":"format-standard","5":"has-post-thumbnail","7":"category-saint-etienne","8":"tag-actu","9":"tag-actualites","10":"tag-auvergne-rhone-alpes","11":"tag-eu","12":"tag-europe","13":"tag-faits-divers","14":"tag-fr","15":"tag-france","16":"tag-loire","17":"tag-news","18":"tag-republique-francaise","19":"tag-saint-chamond","20":"tag-saint-etienne"},"share_on_mastodon":{"url":"https:\/\/pubeurope.com\/@fr\/114684954300666788","error":""},"_links":{"self":[{"href":"https:\/\/www.europesays.com\/fr\/wp-json\/wp\/v2\/posts\/177312","targetHints":{"allow":["GET"]}}],"collection":[{"href":"https:\/\/www.europesays.com\/fr\/wp-json\/wp\/v2\/posts"}],"about":[{"href":"https:\/\/www.europesays.com\/fr\/wp-json\/wp\/v2\/types\/post"}],"author":[{"embeddable":true,"href":"https:\/\/www.europesays.com\/fr\/wp-json\/wp\/v2\/users\/2"}],"replies":[{"embeddable":true,"href":"https:\/\/www.europesays.com\/fr\/wp-json\/wp\/v2\/comments?post=177312"}],"version-history":[{"count":0,"href":"https:\/\/www.europesays.com\/fr\/wp-json\/wp\/v2\/posts\/177312\/revisions"}],"wp:featuredmedia":[{"embeddable":true,"href":"https:\/\/www.europesays.com\/fr\/wp-json\/wp\/v2\/media\/177313"}],"wp:attachment":[{"href":"https:\/\/www.europesays.com\/fr\/wp-json\/wp\/v2\/media?parent=177312"}],"wp:term":[{"taxonomy":"category","embeddable":true,"href":"https:\/\/www.europesays.com\/fr\/wp-json\/wp\/v2\/categories?post=177312"},{"taxonomy":"post_tag","embeddable":true,"href":"https:\/\/www.europesays.com\/fr\/wp-json\/wp\/v2\/tags?post=177312"}],"curies":[{"name":"wp","href":"https:\/\/api.w.org\/{rel}","templated":true}]}}