{"id":177314,"date":"2025-06-15T02:11:12","date_gmt":"2025-06-15T02:11:12","guid":{"rendered":"https:\/\/www.europesays.com\/fr\/177314\/"},"modified":"2025-06-15T02:11:12","modified_gmt":"2025-06-15T02:11:12","slug":"deux-adolescents-de-14-et-15-ans-se-noient-dans-la-loire","status":"publish","type":"post","link":"https:\/\/www.europesays.com\/fr\/177314\/","title":{"rendered":"Deux adolescents de 14 et 15 ans se noient dans la Loire"},"content":{"rendered":"<p>Deux <a href=\"https:\/\/www.20minutes.fr\/dossier\/adolescent\" class=\"color-ultramarine c-link\" rel=\"nofollow noopener\" target=\"_blank\">adolescents<\/a> de 14 et 15 ans sont morts <a href=\"https:\/\/www.20minutes.fr\/dossier\/noyade\" class=\"color-ultramarine c-link\" rel=\"nofollow noopener\" target=\"_blank\">noy\u00e9s<\/a> ce samedi dans une zone sauvage des bords de Loire interdite \u00e0 la baignade, pr\u00e8s de <a href=\"https:\/\/www.20minutes.fr\/dossier\/saint-etienne\" class=\"color-ultramarine c-link\" rel=\"nofollow noopener\" target=\"_blank\">Saint-Etienne<\/a> (Loire), a-t-on appris aupr\u00e8s de la pr\u00e9fecture et du maire de la ville.<\/p>\n<p>Les deux adolescents faisaient partie d\u2019un groupe d\u2019une quinzaine de gar\u00e7ons, selon la pr\u00e9fecture de la <a href=\"https:\/\/www.20minutes.fr\/dossier\/loire\" class=\"color-ultramarine c-link\" rel=\"nofollow noopener\" target=\"_blank\">Loire<\/a>, venus se baigner pr\u00e8s de la commune d\u2019Unieux, dans une zone isol\u00e9e, \u00e9loign\u00e9e d\u2019une base nautique, et alors que la r\u00e9gion connaissait de <a href=\"https:\/\/www.20minutes.fr\/dossier\/canicule\" class=\"color-ultramarine c-link\" rel=\"nofollow noopener\" target=\"_blank\">fortes chaleurs<\/a>.<\/p>\n<p>Un des adolescents meurt en tentant de sauver son ami<\/p>\n<p>L\u2019une des deux victimes a p\u00e9ri en tentant de \u00ab\u00a0venir au secours\u00a0\u00bb de la premi\u00e8re, qui peinait \u00e0 \u00ab\u00a0regagner la rive\u00a0\u00bb apr\u00e8s avoir \u00ab\u00a0plong\u00e9 depuis un rocher\u00a0\u00bb, a indiqu\u00e9 le maire de Saint-Etienne Ga\u00ebl Perdriau, confirmant une information du quotidien <a href=\"https:\/\/www.leprogres.fr\/faits-divers-justice\/2025\/06\/14\/deux-adolescents-meurent-noyes-dans-la-loire\" rel=\"nofollow noopener\" target=\"_blank\" class=\"color-ultramarine c-link\">Le Progr\u00e8s<\/a>.<\/p>\n<p>Les corps deux adolescents ont \u00e9t\u00e9 rep\u00each\u00e9s \u00e0 sept et dix m\u00e8tres de profondeur par les sapeurs-pompiers appel\u00e9s par les jeunes. L\u2019un n\u2019a pas pu \u00eatre ranim\u00e9 sur place, le second est d\u00e9c\u00e9d\u00e9 lors de son transfert vers l\u2019h\u00e9licopt\u00e8re du Samu, selon l\u2019\u00e9lu, qui s\u2019est rendu sur place.<\/p>\n<p><a href=\"https:\/\/www.20minutes.fr\/faits_divers\/\" class=\"c-link c-btn c-btn--primary\" rel=\"nofollow noopener\" target=\"_blank\">Retrouvez ici notre dossier \u00ab\u00a0Faits divers\u00a0\u00bb<\/a><\/p>\n<p>\u00ab\u00a0Ce drame suscite une tr\u00e8s forte \u00e9motion et rappelle, en cette p\u00e9riode de fortes chaleurs propices \u00e0 la baignade, que celle-ci comporte des risques et n\u00e9cessite d\u2019adopter les bons r\u00e9flexes pour les pr\u00e9venir \u00bb, a rappel\u00e9 sur X le pr\u00e9fet de la Loire.<\/p>\n<p>Une cellule psychologique a \u00e9t\u00e9 mise en place par le CHU de Saint-Etienne.<\/p>\n","protected":false},"excerpt":{"rendered":"Deux adolescents de 14 et 15 ans sont morts noy\u00e9s ce samedi dans une zone sauvage des bords&hellip;\n","protected":false},"author":2,"featured_media":177315,"comment_status":"","ping_status":"","sticky":false,"template":"","format":"standard","meta":{"footnotes":""},"categories":[9653],"tags":[1111,47,11,2430,6698,1777,674,118,1011,27,3367,12,7781,25,2431,4001],"class_list":{"0":"post-177314","1":"post","2":"type-post","3":"status-publish","4":"format-standard","5":"has-post-thumbnail","7":"category-saint-etienne","8":"tag-actu","9":"tag-actualite","10":"tag-actualites","11":"tag-auvergne-rhone-alpes","12":"tag-canicule","13":"tag-eu","14":"tag-europe","15":"tag-faits-divers","16":"tag-fr","17":"tag-france","18":"tag-loire","19":"tag-news","20":"tag-noyade","21":"tag-republique-francaise","22":"tag-rhone-alpes","23":"tag-saint-etienne"},"share_on_mastodon":{"url":"https:\/\/pubeurope.com\/@fr\/114684957994459355","error":""},"_links":{"self":[{"href":"https:\/\/www.europesays.com\/fr\/wp-json\/wp\/v2\/posts\/177314","targetHints":{"allow":["GET"]}}],"collection":[{"href":"https:\/\/www.europesays.com\/fr\/wp-json\/wp\/v2\/posts"}],"about":[{"href":"https:\/\/www.europesays.com\/fr\/wp-json\/wp\/v2\/types\/post"}],"author":[{"embeddable":true,"href":"https:\/\/www.europesays.com\/fr\/wp-json\/wp\/v2\/users\/2"}],"replies":[{"embeddable":true,"href":"https:\/\/www.europesays.com\/fr\/wp-json\/wp\/v2\/comments?post=177314"}],"version-history":[{"count":0,"href":"https:\/\/www.europesays.com\/fr\/wp-json\/wp\/v2\/posts\/177314\/revisions"}],"wp:featuredmedia":[{"embeddable":true,"href":"https:\/\/www.europesays.com\/fr\/wp-json\/wp\/v2\/media\/177315"}],"wp:attachment":[{"href":"https:\/\/www.europesays.com\/fr\/wp-json\/wp\/v2\/media?parent=177314"}],"wp:term":[{"taxonomy":"category","embeddable":true,"href":"https:\/\/www.europesays.com\/fr\/wp-json\/wp\/v2\/categories?post=177314"},{"taxonomy":"post_tag","embeddable":true,"href":"https:\/\/www.europesays.com\/fr\/wp-json\/wp\/v2\/tags?post=177314"}],"curies":[{"name":"wp","href":"https:\/\/api.w.org\/{rel}","templated":true}]}}