{"id":177316,"date":"2025-06-15T02:13:02","date_gmt":"2025-06-15T02:13:02","guid":{"rendered":"https:\/\/www.europesays.com\/fr\/177316\/"},"modified":"2025-06-15T02:13:02","modified_gmt":"2025-06-15T02:13:02","slug":"nancy-les-nouveaux-bancs-de-la-place-des-vosges-provisoirement-retires-voici-pourquoi","status":"publish","type":"post","link":"https:\/\/www.europesays.com\/fr\/177316\/","title":{"rendered":"Nancy. Les nouveaux bancs de la place des Vosges provisoirement retir\u00e9s : voici pourquoi"},"content":{"rendered":"<p>            Par<br \/>\n        <strong><br \/>\n            <a href=\"https:\/\/actu.fr\/auteur\/pierre-emile-bouchy-actu-fr\" title=\"Consulter tous les articles de Paul-Emile Bouchy\" target=\"_blank\" rel=\"noopener\">Paul-Emile Bouchy<\/a><br \/>\n        <\/strong><\/p>\n<p>        Publi\u00e9 le<\/p>\n<p>            13 juin 2025 \u00e0 16h35        <\/p>\n<p>En 2024, la <a href=\"https:\/\/actu.fr\/grand-est\/nancy_54395\/nancy-bientot-plus-d-arbres-et-de-verdure-place-des-vosges-des-places-de-stationnement-supprimees_60822961.html\" target=\"_blank\" rel=\"noopener\">place des Vosges a \u00e9t\u00e9 transform\u00e9e<\/a> dans le cadre du budget participatif, avec notamment <strong>l\u2019installation plusieurs bancs<\/strong>.<\/p>\n<p class=\" wall-content\">Or, la Ville de Nancy vient de prendre la d\u00e9cision de <strong>les retirer provisoirement<\/strong>. Voici pourquoi.<\/p>\n<p>Des probl\u00e8mes d\u2019ins\u00e9curit\u00e9 relev\u00e9s sur la place des Vosges<\/p>\n<p class=\" wall-content\">Dans un communiqu\u00e9 de presse, la Ville de Nancy indique avoir \u00e9t\u00e9 interpell\u00e9e ces derni\u00e8res semaines par des commer\u00e7ants et des riverains de la place \u00ab\u2009du fait <strong>d\u2019une multiplication de comportements incivils et g\u00eanants<\/strong> \u2013 li\u00e9s notamment \u00e0 une errance agressive\u2009\u00bb.<\/p>\n<p class=\" wall-content\">Ainsi, la municipalit\u00e9 a pris une s\u00e9rie de mesures\u2009:<\/p>\n<ul class=\" wall-content\">\n<li><strong>les bancs install\u00e9s dans le cadre du budget participatif ont \u00e9t\u00e9 provisoirement retir\u00e9s<\/strong> de la zone requalifi\u00e9e de la place des Vosges\u2009;<\/li>\n<li>la police municipale effectuera <strong>des patrouilles quotidiennes<\/strong>, notamment sur l\u2019horaire 18h \u2013 21h, qui semble \u00eatre le cr\u00e9neau le plus critique\u2009;<\/li>\n<li>le Centre de supervision urbain \u2013 qui g\u00e8re l\u2019ensemble du parc de cam\u00e9ras de surveillance de la M\u00e9tropole du Grand Nancy \u2013 a \u00e9t\u00e9 sensibilis\u00e9 et pr\u00eatera <strong>une attention particuli\u00e8re \u00e0 ce secteur pour une intervention rapide<\/strong> des forces de l\u2019ordre en cas de besoin\u2009;<\/li>\n<li><strong>les m\u00e9diateurs se d\u00e9ploieront en priorit\u00e9 place des Vosges<\/strong> pour permettre du lien avec les personnes en errance, et les orienter vers les dispositifs adapt\u00e9s.<\/li>\n<\/ul>\n<p class=\" wall-content\">\u00ab\u2009L\u2019errance agressive \u00e9tant par ailleurs souvent le fruit d\u2019une alcoolisation massive, permise par l\u2019acc\u00e8s \u00e0 un moindre co\u00fbt \u00e0 l\u2019alcool fort \u2013 et plus particuli\u00e8rement aux bi\u00e8res fortes \u00e0 l\u2019unit\u00e9, <strong>la Ville de Nancy renforcera ses contr\u00f4les aupr\u00e8s des commer\u00e7ants<\/strong> qui l\u00e9galement ne peuvent vendre de l\u2019alcool \u00e0 des personnes d\u00e9j\u00e0 alcoolis\u00e9es\u2009\u00bb, ajoute la mairie.<\/p>\n<p>La circulation rouverte place des Vosges d\u2019ici la fin du mois de juin<\/p>\n<p class=\" wall-content\">Au mois de mars, <a href=\"https:\/\/actu.fr\/grand-est\/nancy_54395\/des-immeubles-evacues-en-urgence-place-des-vosges-a-nancy-la-situation-est-tres-dangereuse_62431074.html\" target=\"_blank\" rel=\"noopener\">des immeubles ont \u00e9t\u00e9 \u00e9vacu\u00e9s en urgence place des Vosges<\/a>. Depuis, la place est <a href=\"https:\/\/actu.fr\/grand-est\/nancy_54395\/des-immeubles-evacues-en-urgence-place-des-vosges-a-nancy-la-situation-est-tres-dangereuse_62431074.html\" target=\"_blank\" rel=\"noopener\">ferm\u00e9e \u00e0 la circulation<\/a> et cela \u00ab\u2009amplifie cette situation\u2009\u00bb d\u2019errance, selon la Ville de Nancy.<\/p>\n<p class=\" wall-content\">Elle indique s\u2019assurer \u00ab\u2009d\u2019une fin de travaux pour la fin du mois de juin, permettant une r\u00e9ouverture \u00e0 la circulation tout d\u00e9but juillet\u2009\u00bb.<\/p>\n<p class=\" wall-content\">Suivez toute l\u2019actualit\u00e9 de vos villes et m\u00e9dias favoris en vous inscrivant \u00e0 <a href=\"https:\/\/moncompte.actu.fr\" title=\"D\u00e9couvez Mon Actu\" rel=\"nofollow noopener\" data-trk=\"{&quot;cta&quot;:{&quot;action&quot;:&quot;https:\\\/\\\/moncompte.actu.fr&quot;,&quot;category&quot;:&quot;mon compte&quot;,&quot;from&quot;:&quot;article footer&quot;,&quot;name&quot;:&quot;Mon actu&quot;,&quot;type&quot;:&quot;cta&quot;}}\" target=\"_blank\">Mon Actu<\/a>.<\/p>\n","protected":false},"excerpt":{"rendered":"Par Paul-Emile Bouchy Publi\u00e9 le 13 juin 2025 \u00e0 16h35 En 2024, la place des Vosges a \u00e9t\u00e9&hellip;\n","protected":false},"author":2,"featured_media":177317,"comment_status":"","ping_status":"","sticky":false,"template":"","format":"standard","meta":{"footnotes":""},"categories":[9635],"tags":[1111,11,1777,674,1011,27,775,2825,1702,12,25,104,1352],"class_list":{"0":"post-177316","1":"post","2":"type-post","3":"status-publish","4":"format-standard","5":"has-post-thumbnail","7":"category-nancy","8":"tag-actu","9":"tag-actualites","10":"tag-eu","11":"tag-europe","12":"tag-fr","13":"tag-france","14":"tag-grand-est","15":"tag-insecurite","16":"tag-nancy","17":"tag-news","18":"tag-republique-francaise","19":"tag-societe","20":"tag-urbanisme"},"share_on_mastodon":{"url":"","error":""},"_links":{"self":[{"href":"https:\/\/www.europesays.com\/fr\/wp-json\/wp\/v2\/posts\/177316","targetHints":{"allow":["GET"]}}],"collection":[{"href":"https:\/\/www.europesays.com\/fr\/wp-json\/wp\/v2\/posts"}],"about":[{"href":"https:\/\/www.europesays.com\/fr\/wp-json\/wp\/v2\/types\/post"}],"author":[{"embeddable":true,"href":"https:\/\/www.europesays.com\/fr\/wp-json\/wp\/v2\/users\/2"}],"replies":[{"embeddable":true,"href":"https:\/\/www.europesays.com\/fr\/wp-json\/wp\/v2\/comments?post=177316"}],"version-history":[{"count":0,"href":"https:\/\/www.europesays.com\/fr\/wp-json\/wp\/v2\/posts\/177316\/revisions"}],"wp:featuredmedia":[{"embeddable":true,"href":"https:\/\/www.europesays.com\/fr\/wp-json\/wp\/v2\/media\/177317"}],"wp:attachment":[{"href":"https:\/\/www.europesays.com\/fr\/wp-json\/wp\/v2\/media?parent=177316"}],"wp:term":[{"taxonomy":"category","embeddable":true,"href":"https:\/\/www.europesays.com\/fr\/wp-json\/wp\/v2\/categories?post=177316"},{"taxonomy":"post_tag","embeddable":true,"href":"https:\/\/www.europesays.com\/fr\/wp-json\/wp\/v2\/tags?post=177316"}],"curies":[{"name":"wp","href":"https:\/\/api.w.org\/{rel}","templated":true}]}}