{"id":17732,"date":"2025-04-11T16:29:11","date_gmt":"2025-04-11T16:29:11","guid":{"rendered":"https:\/\/www.europesays.com\/fr\/17732\/"},"modified":"2025-04-11T16:29:11","modified_gmt":"2025-04-11T16:29:11","slug":"lue-craint-un-deferlement-de-produits-chinois-sur-son-marche","status":"publish","type":"post","link":"https:\/\/www.europesays.com\/fr\/17732\/","title":{"rendered":"l\u2019UE craint un d\u00e9ferlement de produits chinois sur son march\u00e9"},"content":{"rendered":"<p class=\"latino-300b text-grey-800\">\n<p>  Par<br \/>\n<a href=\"https:\/\/www.nouvelobs.com\/journalistes\/213\/margaux-otter.html\" class=\"text-decoration-none link--box d-inline\" rel=\"nofollow noopener\" target=\"_blank\">Margaux Otter<\/a>                <\/p>\n<p class=\"latino-300r text-grey-600\">\n      Publi\u00e9 le<\/p>\n<p>    11 avril 2025 \u00e0 15h43, mis \u00e0 jour le<\/p>\n<p>      11 avril 2025 \u00e0 15h57\n  <\/p>\n<p>      <img fetchpriority=\"high\" decoding=\"async\" class=\"mx-auto\" src=\"data:image\/svg+xml,%3Csvg%20xmlns%3D%27http%3A%2F%2Fwww.w3.org%2F2000%2Fsvg%27%20fill%3D%22%23e4e4e4%22%20viewBox%3D%270%200%20510%20340%27%20width%3D%22510%22%20height%3D%22340%22%3E%3Cpath%20d%3D%27M0%200h510v340H0z%27%2F%3E%3C%2Fsvg%3E\"  loading=\"eager\" width=\"510\" height=\"340\" data-oncrawl-image-size=\"510x340\" alt=\"Des conteneurs stock\u00e9s \u00e0 Francfort (Allemagne), le 8\u00a0avril 2025.\"\/>      <\/p>\n<p class=\"latino-100m text-grey-600\">\n            Des conteneurs stock\u00e9s \u00e0 Francfort (Allemagne), le 8\u00a0avril 2025.\u00a0ARNE DEDERT\/DPA\/SIPA        <\/p>\n<p>    Lire\u00a0plus\u00a0tard  <\/p>\n<p><a aria-label=\"Nous suivre sur Google News\" href=\"https:\/\/news.google.com\/publications\/CAAqBwgKMJe4nQkw3dFs?hl=fr&amp;gl=FR&amp;ceid=FR%3Afr\" target=\"_blank\" data-piano=\"Page_Article,Sous_date_publi,Nous_suivre_sur_google_news,1er_clic,action\" class=\"btn btn--small btn--secondary\" rel=\"nofollow noopener\"><\/p>\n<p>      Google Actualit\u00e9s<br \/>\n  <\/a><\/p>\n<p>  Partager<\/p>\n<p>        Facebook<\/p>\n<p>        Bluesky<\/p>\n<p>        E-mail<\/p>\n<p>        Copier le lien<\/p>\n<p>      Envoyer<\/p>\n<p>    Temps de lecture\u00a0:\u00a03\u00a0min.<\/p>\n<p class=\"article__description latino-600m mb-20 mb-lg-30 \" data-oncrawl-chapo-length=\"277\">\n<p>    Le bras de fer entre les Etats-Unis et la Chine a franchi un nouveau cap quand Donald Trump a rehauss\u00e9, jeudi, les droits de douane appliqu\u00e9s aux produits du pays \u00e0 145\u00a0%. A la recherche d\u2019autres d\u00e9bouch\u00e9s, P\u00e9kin pourrait se tourner vers le march\u00e9 commun de l\u2019Union europ\u00e9enne.<\/p>\n<p class=\"node__paragraphe antonia-750r text-grey-800 pb-20 pb-md-30\">\nProduits \u00e9lectroniques, \u00e9lectrom\u00e9nagers, voitures \u00e9lectriques, textile\u2026 Les portes des Etats-Unis se ferment \u00e0 la Chine \u2013 \u00e0\u00a0rebours <a href=\"https:\/\/www.nouvelobs.com\/economie\/20250410.OBS102598\/volte-face-de-trump-suspension-de-la-riposte-de-l-ue-le-point-sur-les-derniers-denouements-dans-la-guerre-commerciale.html\" rel=\"nofollow noopener\" target=\"_blank\">du ton plus conciliant<\/a> adopt\u00e9 envers le reste du monde \u2013 alors que Donald Trump a annonc\u00e9 jeudi rehausser encore les droits de douane impos\u00e9s \u00e0 P\u00e9kin, <a href=\"https:\/\/www.nouvelobs.com\/monde\/20250411.OBS102609\/la-chine-riposte-a-nouveau-aux-droits-de-douane-americains-faramineux.html\" rel=\"nofollow noopener\" target=\"_blank\">portant les taxes \u00e0 145\u00a0%<\/a>. L\u2019Union europ\u00e9enne redoute de voir une d\u00e9ferlante de produits chinois, vendus \u00e0 des prix d\u00e9fiant toute concurrence, s\u2019abattre sur son march\u00e9. Sa crainte\u00a0: que les industriels europ\u00e9ens, ne pouvant suivre la cadence, soient pouss\u00e9s \u00e0 la faillite.<\/p>\n<p class=\"latino-500b text-grey-600 pb-15\">A lire aussi<\/p>\n<p><a href=\"https:\/\/www.nouvelobs.com\/monde\/20250407.OBS102453\/guerre-commerciale-avec-les-etats-unis-la-france-a-t-elle-beaucoup-a-perdre.html\" data-article-key=\"20250407.OBS102453\" class=\"link--box flex-grow-1\" data-piano=\"Page_Article,Lire_aussi,,Lien1,navigation\" rel=\"nofollow noopener\" target=\"_blank\"><\/p>\n<p>                <img decoding=\"async\" src=\"data:image\/svg+xml,%3Csvg%20xmlns%3D%27http%3A%2F%2Fwww.w3.org%2F2000%2Fsvg%27%20fill%3D%22%23e4e4e4%22%20viewBox%3D%270%200%20120%2080%27%20width%3D%22120%22%20height%3D%2280%22%3E%3Cpath%20d%3D%27M0%200h120v80H0z%27%2F%3E%3C%2Fsvg%3E\"  width=\"120\" height=\"80\" loading=\"lazy\" alt=\"Le pr\u00e9sident Donald Trump, le 2\u00a0avril 2025, \u00e0 la Maison-Blanche, brandit un d\u00e9cret qu\u2019il vient de signer concernant de nouveaux droits de douane. \"\/><\/p>\n<p class=\"latino-300r latino-lg-600m text-grey-800\">\n                      <strong class=\"latino-300b latino-lg-600m text-grey-500\">D\u00e9cryptage\u00a0<\/strong><br \/>\n                    Guerre commerciale avec les Etats-Unis\u00a0: la France a-t-elle beaucoup \u00e0 perdre\u00a0?        <\/p>\n<p class=\"latino-100m text-uppercase text-grey-600 py-10\">\n          Abonn\u00e9        <\/p>\n<p><\/a><\/p>\n<p>    Lire\u00a0plus\u00a0tard  <\/p>\n<p class=\"node__paragraphe antonia-750r text-grey-800 pb-20 pb-md-30\">\nCar la croissance de la Chine repose largement sur ses exportations. Deux options s\u2019offrent alors \u00e0 elle\u00a0: d\u00e9velopper sa consommation int\u00e9rieure, ce qu\u2019elle n\u2019a pas vraiment r\u00e9ussi \u00e0 faire jusqu\u2019ici, ou exporter vers d\u2019autres pays et march\u00e9s. <a href=\"https:\/\/www.nouvelobs.com\/monde\/20250409.OBS102522\/les-surtaxes-americaines-entrent-en-vigueur-ce-mercredi-l-ue-touchee-a-20-la-chine-a-plus-de-100.html\" rel=\"nofollow noopener\" target=\"_blank\">Et notamment l\u2019Europe<\/a>. \u00ab\u00a0L\u2019Espagne et l\u2019Europe ont un d\u00e9ficit commercial important avec la Chine que nous devons nous efforcer de rectifier\u00a0\u00bb, s\u2019est inqui\u00e9t\u00e9 ce vendredi 11\u00a0avril le Premier ministre espagnol Pedro Sanchez, apr\u00e8s une rencontre avec le pr\u00e9sident chinois Xi Jinping. Mais \u00ab\u00a0nous ne devons pas laisser les tensions commerciales entraver le potentiel de croissance des relations (\u2026) entre la Chine et l\u2019UE\u00a0\u00bb, a-t-il soulign\u00e9.<\/p>\n<p class=\"node__paragraphe antonia-750r text-grey-800 pb-20 pb-md-30\">\nXi Jinping, lui, a appel\u00e9 l\u2019Union europ\u00e9enne \u00e0 \u00ab\u00a0r\u00e9sister ensemble\u00a0\u00bb face \u00e0 la guerre commerciale de Donald Trump. \u00ab\u00a0La Chine et l\u2019UE doivent assumer leurs responsabilit\u00e9s internationales, prot\u00e9ger conjointement la mondialisation \u00e9conomique et l\u2019environnement commercial international, et r\u00e9sister ensemble \u00e0 toute coercition unilat\u00e9rale\u00a0\u00bb, a-t-il lanc\u00e9. Sous-entendu\u00a0: ne pas s\u2019imposer des droits de douane r\u00e9ciproques.<\/p>\n<p>Les patrons fran\u00e7ais inquiets<\/p>\n<p class=\"node__paragraphe antonia-750r text-grey-800 pb-20 pb-md-30\">\nDu c\u00f4t\u00e9 des patrons fran\u00e7ais, l\u2019inqui\u00e9tude est palpable. \u00ab\u00a0On peut craindre que face \u00e0 l\u2019urgence qu\u2019aura la Chine d\u2019\u00e9couler ses produits, il n\u2019y aura pas de limite \u00e0 ce que la Chine se permettra de faire, \u00e0 part la riposte que les autorit\u00e9s europ\u00e9ennes seront capables de mettre en \u0153uvre\u00a0\u00bb, s\u2019est alarm\u00e9 le patron de Cdiscount, Thomas M\u00e9tivier, aupr\u00e8s de <a target=\"_blank\" href=\"https:\/\/www.bfmtv.com\/economie\/international\/direct-droits-de-douane-donald-trump-cree-la-surprise-en-suspendant-ses-surtaxes-pour-90-jours-sauf-pour-la-chine_LN-202504100059.html#article_380881\" rel=\"nofollow noopener\">BFMTV<\/a>. \u00ab\u00a0On demande d\u00e9j\u00e0 \u00e0 ce que la r\u00e9glementation actuelle soit appliqu\u00e9e car aujourd\u2019hui \u00e7a n\u2019est pas le cas\u00a0\u00bb, a-t-il d\u00e9clar\u00e9. Il s\u2019est inqui\u00e9t\u00e9 des strat\u00e9gies de dumping appliqu\u00e9es par la Chine. \u00ab\u00a0Il y a des strat\u00e9gies de subventions \u00e0 l\u2019importation sur les colis chinois avec le soutien de l\u2019Etat chinois\u00a0\u00bb, a-t-il d\u00e9nonc\u00e9.<\/p>\n<p class=\"node__paragraphe antonia-750r text-grey-800 pb-20 pb-md-30\">\nDe son c\u00f4t\u00e9, Guillaume Gibault, le fondateur du Slip Fran\u00e7ais, marque de sous-v\u00eatements made in France, a assur\u00e9 \u00e0 <a target=\"_blank\" href=\"https:\/\/www.francetvinfo.fr\/replay-jt\/franceinfo\/21h-minuit\/23-heures\/droits-de-douane-vers-une-augmentation-des-importations-chinoises_7183620.html\" rel=\"nofollow noopener\">Franceinfo<\/a> d\u00e9j\u00e0 subir une forte concurrence chinoise, qui pourrait s\u2019accentuer avec les\u00a0surtaxes\u00a0impos\u00e9es par Donald Trump \u00e0 P\u00e9kin. A titre d\u2019exemple, son pack de cinq slips fabriqu\u00e9s en France est vendu 93\u00a0euros\u00a0; le lot chinois, lui, co\u00fbte 20\u00a0euros. Pour la PME \u2013 qui a fr\u00f4l\u00e9 la faillite l\u2019an dernier \u2013, un afflux massif de produits chinois sur le march\u00e9 europ\u00e9en pourrait\u00a0\u00eatre le coup de gr\u00e2ce. \u00ab\u00a0On a transform\u00e9 l\u2019entreprise pour \u00eatre capables de vendre \u00e0 un prix comp\u00e9titif, on a divis\u00e9 les prix par deux (\u2026) mais si on a des nouveaux concurrents qui arrivent encore moins chers, encore plus offensifs\u2026 A la fin, on n\u2019est pas magiciens\u00a0\u00bb, a-t-il d\u00e9plor\u00e9.<\/p>\n<p class=\"node__paragraphe antonia-750r text-grey-800 pb-20 pb-md-30\">\n\u00ab\u00a0Il est probable que les fabricants dont les march\u00e9s habituels se ferment aux Etats-Unis se rabattent vers l\u2019Union europ\u00e9enne pour trouver de nouveaux d\u00e9bouch\u00e9s\u00a0et baissent leurs prix pour continuer \u00e0 faire tourner leurs usines\u00a0\u00bb, a pour sa part analys\u00e9 aupr\u00e8s du \u00ab\u00a0<a target=\"_blank\" href=\"https:\/\/www.lemonde.fr\/economie\/article\/2025\/04\/10\/droits-de-douane-en-france-l-industrie-de-l-habillement-redoute-un-afflux-de-produits-asiatiques_6593591_3234.html\" rel=\"nofollow noopener\">Monde<\/a>\u00a0\u00bb Fran\u00e7ois-Marie Grau, d\u00e9l\u00e9gu\u00e9 g\u00e9n\u00e9ral de la F\u00e9d\u00e9ration fran\u00e7aise du pr\u00eat-\u00e0-porter f\u00e9minin. \u00ab\u00a0Le surplus de production va se d\u00e9verser sur l\u2019Europe \u00e0 des prix brad\u00e9s puisqu\u2019ils voudront \u00e9couler leur production. \u00c7a peut remettre effectivement en question la comp\u00e9titivit\u00e9 de l\u2019ensemble de nos entreprises. Donc c\u2019est quelque chose qui serait extr\u00eamement n\u00e9gatif\u00a0\u00bb, juge-t-il encore dans les colonnes de <a target=\"_blank\" href=\"https:\/\/rmc.bfmtv.com\/actualites\/economie\/droits-de-douanes-crainte-d-une-deferlante-de-produit-chinois-et-d-une-hausse-des-prix-en-france_AV-202504110424.html\" rel=\"nofollow noopener\">BFMTV<\/a>.<\/p>\n<p>Des mesures \u00ab\u00a0anti-dumping\u00a0\u00bb<\/p>\n<p class=\"node__paragraphe antonia-750r text-grey-800 pb-20 pb-md-30\">\nFace \u00e0 l\u2019incertitude g\u00e9n\u00e9r\u00e9e par la politique de Donald Trump, les pays de l\u2019Union europ\u00e9enne sont sur le qui-vive. L\u2019ex\u00e9cutif de l\u2019UE avait d\u00e9j\u00e0 annonc\u00e9 lundi la cr\u00e9ation d\u2019une \u00ab\u00a0task force\u00a0\u00bb charg\u00e9e \u00ab\u00a0de surveiller les flux d\u2019importations en temps r\u00e9el\u00a0\u00bb. Et, dans le cas o\u00f9 les craintes se mat\u00e9rialiseraient, l\u2019institution promettait d\u2019\u00ab\u00a0utiliser tous les outils de notre arsenal de d\u00e9fense commerciale pour prot\u00e9ger le march\u00e9 unique de l\u2019UE [\u2026]\u00a0\u00bb.<\/p>\n<p class=\"node__paragraphe antonia-750r text-grey-800 pb-20 pb-md-30\">\nCela pourrait passer par des mesures \u00ab\u00a0anti-dumping\u00a0\u00bb comme une augmentation des barri\u00e8res tarifaires sur certains produits chinois. L\u2019Europe avait d\u00e9j\u00e0 utilis\u00e9 un tel proc\u00e9d\u00e9 en\u00a02019\u00a0sur l\u2019acier chinois, lorsque Donald Trump avait impos\u00e9 des barri\u00e8res douani\u00e8res importantes sur ce m\u00e9tal produit en grande quantit\u00e9 par P\u00e9kin. Depuis octobre\u00a02024, les voitures \u00e9lectriques chinoises sont, elles, surtax\u00e9es \u00e0 35\u00a0% dans le march\u00e9 commun \u2013 l\u2019UE et la Chine ont convenu d\u2019entamer des n\u00e9gociations visant \u00e0 abolir ces frais de douane.<\/p>\n<p class=\"latino-500b text-grey-600 pb-15\">A lire aussi<\/p>\n<p><a href=\"https:\/\/www.nouvelobs.com\/monde\/20250410.OBS102567\/volte-face-de-trump-sur-les-droits-de-douane-recit-d-une-semaine-d-errements-avant-son-revirement.html\" data-article-key=\"20250410.OBS102567\" class=\"link--box flex-grow-1\" data-piano=\"Page_Article,Lire_aussi,,Lien2,navigation\" rel=\"nofollow noopener\" target=\"_blank\"><\/p>\n<p>                <img decoding=\"async\" src=\"data:image\/svg+xml,%3Csvg%20xmlns%3D%27http%3A%2F%2Fwww.w3.org%2F2000%2Fsvg%27%20fill%3D%22%23e4e4e4%22%20viewBox%3D%270%200%20120%2080%27%20width%3D%22120%22%20height%3D%2280%22%3E%3Cpath%20d%3D%27M0%200h120v80H0z%27%2F%3E%3C%2Fsvg%3E\"  width=\"120\" height=\"79\" loading=\"lazy\" alt=\"Donald Trump, le 2\u00a0avril.\"\/><\/p>\n<p class=\"latino-300r latino-lg-600m text-grey-800\">\n                    Volte-face de Trump sur les droits de douane\u00a0: r\u00e9cit d\u2019une semaine d\u2019errements avant son revirement        <\/p>\n<p class=\"latino-100m text-uppercase text-grey-600 py-10\">\n          En acc\u00e8s libre        <\/p>\n<p><\/a><\/p>\n<p>    Lire\u00a0plus\u00a0tard  <\/p>\n<p class=\"node__paragraphe antonia-750r text-grey-800 pb-20 pb-md-30\">\nUne autre strat\u00e9gie serait, selon l\u2019\u00e9conomiste Mary-Fran\u00e7oise Renard, professeure \u00e0 l\u2019universit\u00e9 Clermont-Auvergne et auteure de \u00ab\u00a0La Chine dans l\u2019\u00e9conomie mondiale, entre d\u00e9pendance et domination\u00a0\u00bb, interrog\u00e9e par <a target=\"_blank\" href=\"https:\/\/www.tf1info.fr\/economie\/droits-de-douane-de-145-imposes-a-pekin-doit-on-craindre-un-deferlement-de-produits-chinois-en-europe-2364431.html\" rel=\"nofollow noopener\">TF1\u00a0Info<\/a>, \u00ab\u00a0d\u2019inciter \u00e0 des investissements chinois, mais en y int\u00e9grant l\u2019obligation de contenu en valeur ajout\u00e9e\u00a0\u00bb. Cela reviendrait \u00e0 autoriser l\u2019implantation d\u2019entreprises chinoise dont la production se ferait\u00a0sur le territoire europ\u00e9en \u00ab\u00a0avec \u00e9ventuellement en contrepartie des transferts de technologie\u00a0\u00bb.<\/p>\n<p class=\"node__paragraphe antonia-750r text-grey-800 pb-20 pb-md-30\">\nToute la difficult\u00e9 pour l\u2019UE consistera \u00e0 se regrouper derri\u00e8re une position commune, alors que les Etats membres ne sont pas tous menac\u00e9s de la m\u00eame mani\u00e8re ou que certains seraient frileux \u00e0 l\u2019id\u00e9e de se mettre P\u00e9kin \u00e0 dos. \u00ab\u00a0Le point positif, c\u2019est que la politique commerciale de l\u2019Europe rel\u00e8ve de l\u2019autorit\u00e9 de la Commission europ\u00e9enne. Et par cons\u00e9quent, chaque pays ne peut jouer s\u00e9par\u00e9ment\u00a0\u00bb, conclut Mary-Fran\u00e7oise Renard.<\/p>\n","protected":false},"excerpt":{"rendered":"Par Margaux Otter Publi\u00e9 le 11 avril 2025 \u00e0 15h43, mis \u00e0 jour le 11 avril 2025 \u00e0&hellip;\n","protected":false},"author":2,"featured_media":17733,"comment_status":"","ping_status":"","sticky":false,"template":"","format":"standard","meta":{"footnotes":""},"categories":[1586],"tags":[17,11,2450,7145,7146,981,2483,33,1777,674,1779,1011,27,74,12,2484,25,1778,364],"class_list":{"0":"post-17732","1":"post","2":"type-post","3":"status-publish","4":"format-standard","5":"has-post-thumbnail","7":"category-europe","8":"tag-17","9":"tag-actualites","10":"tag-americains","11":"tag-craint","12":"tag-deferlement","13":"tag-douane","14":"tag-droits","15":"tag-economie","16":"tag-eu","17":"tag-europe","18":"tag-european-union","19":"tag-fr","20":"tag-france","21":"tag-monde","22":"tag-news","23":"tag-pekin","24":"tag-republique-francaise","25":"tag-ue","26":"tag-union-europeenne"},"share_on_mastodon":{"url":"https:\/\/pubeurope.com\/@fr\/114320281732662821","error":""},"_links":{"self":[{"href":"https:\/\/www.europesays.com\/fr\/wp-json\/wp\/v2\/posts\/17732","targetHints":{"allow":["GET"]}}],"collection":[{"href":"https:\/\/www.europesays.com\/fr\/wp-json\/wp\/v2\/posts"}],"about":[{"href":"https:\/\/www.europesays.com\/fr\/wp-json\/wp\/v2\/types\/post"}],"author":[{"embeddable":true,"href":"https:\/\/www.europesays.com\/fr\/wp-json\/wp\/v2\/users\/2"}],"replies":[{"embeddable":true,"href":"https:\/\/www.europesays.com\/fr\/wp-json\/wp\/v2\/comments?post=17732"}],"version-history":[{"count":0,"href":"https:\/\/www.europesays.com\/fr\/wp-json\/wp\/v2\/posts\/17732\/revisions"}],"wp:featuredmedia":[{"embeddable":true,"href":"https:\/\/www.europesays.com\/fr\/wp-json\/wp\/v2\/media\/17733"}],"wp:attachment":[{"href":"https:\/\/www.europesays.com\/fr\/wp-json\/wp\/v2\/media?parent=17732"}],"wp:term":[{"taxonomy":"category","embeddable":true,"href":"https:\/\/www.europesays.com\/fr\/wp-json\/wp\/v2\/categories?post=17732"},{"taxonomy":"post_tag","embeddable":true,"href":"https:\/\/www.europesays.com\/fr\/wp-json\/wp\/v2\/tags?post=17732"}],"curies":[{"name":"wp","href":"https:\/\/api.w.org\/{rel}","templated":true}]}}