{"id":177320,"date":"2025-06-15T02:15:10","date_gmt":"2025-06-15T02:15:10","guid":{"rendered":"https:\/\/www.europesays.com\/fr\/177320\/"},"modified":"2025-06-15T02:15:10","modified_gmt":"2025-06-15T02:15:10","slug":"top-qualifie-pour-les-demi-finales-ce-toulon-est-taille-pour-le-reve","status":"publish","type":"post","link":"https:\/\/www.europesays.com\/fr\/177320\/","title":{"rendered":"Top : qualifi\u00e9 pour les demi-finales, ce Toulon est taill\u00e9 pour le r\u00eave"},"content":{"rendered":"<p>Mission accomplie. Objectif atteint. Apr\u00e8s avoir soulev\u00e9 la Challenge Cup (2023) puis retrouv\u00e9 la phase finale du Top 14 (2024), <a href=\"https:\/\/www.laprovence.com\/article\/sports\/33450875968345\/rugby-apres-sa-victoire-contre-castres-en-barrage-toulon-retrouve-les-demi-finales-de-top-14\" target=\"_blank\" rel=\"noopener\">le RCT a confirm\u00e9 son retour parmi les places fortes du rugby fran\u00e7ais<\/a> en s&rsquo;invitant aux demi-finales du championnat, apr\u00e8s avoir \u00e9chou\u00e9 d&rsquo;un rien en <a href=\"https:\/\/www.laprovence.com\/article\/sports\/2384481537978715\/rugby-champions-cup-le-rc-toulon-tombe-a-la-derniere-minute-en-quart-de-finale-contre-toulouse\" target=\"_blank\" rel=\"noopener\">quart de finale de la Champions Cup face au Stade toulousain.<\/a> Une mont\u00e9e en puissance patiemment construite par Pierre Mignoni, qui a su insuffler de la confiance et, surtout, de la ma\u00eetrise dans une \u00e9quipe qui a souvent p\u00each\u00e9 \u00e0 cause de cela. Cela aurait encore pu \u00eatre le cas ce samedi soir, avec des Castrais qui ont d\u00e9roul\u00e9 un plan parfait pour immiscer le doute dans les esprits varois, se montrant gla\u00e7ant de r\u00e9alisme dans un premier acte men\u00e9 tambour battant. \u00ab\u00a0Ils sont cuits, ils ont tous donn\u00e9\u00a0\u00bb, lan\u00e7ait d&rsquo;ailleurs \u00e0 la pause Xavier Sadourny \u00e0 ses hommes.<\/p>\n","protected":false},"excerpt":{"rendered":"Mission accomplie. Objectif atteint. Apr\u00e8s avoir soulev\u00e9 la Challenge Cup (2023) puis retrouv\u00e9 la phase finale du Top&hellip;\n","protected":false},"author":2,"featured_media":177321,"comment_status":"","ping_status":"","sticky":false,"template":"","format":"standard","meta":{"footnotes":""},"categories":[9619],"tags":[17,1111,11,8714,1777,674,1011,27,151,12,471,882,8713,25,479,60,3030,2310],"class_list":{"0":"post-177320","1":"post","2":"type-post","3":"status-publish","4":"format-standard","5":"has-post-thumbnail","7":"category-toulon","8":"tag-17","9":"tag-actu","10":"tag-actualites","11":"tag-demi-finales","12":"tag-eu","13":"tag-europe","14":"tag-fr","15":"tag-france","16":"tag-les","17":"tag-news","18":"tag-pour","19":"tag-provence-alpes-cote-dazur","20":"tag-qualifie","21":"tag-republique-francaise","22":"tag-rugby","23":"tag-sports","24":"tag-top","25":"tag-toulon"},"share_on_mastodon":{"url":"https:\/\/pubeurope.com\/@fr\/114684973814860688","error":""},"_links":{"self":[{"href":"https:\/\/www.europesays.com\/fr\/wp-json\/wp\/v2\/posts\/177320","targetHints":{"allow":["GET"]}}],"collection":[{"href":"https:\/\/www.europesays.com\/fr\/wp-json\/wp\/v2\/posts"}],"about":[{"href":"https:\/\/www.europesays.com\/fr\/wp-json\/wp\/v2\/types\/post"}],"author":[{"embeddable":true,"href":"https:\/\/www.europesays.com\/fr\/wp-json\/wp\/v2\/users\/2"}],"replies":[{"embeddable":true,"href":"https:\/\/www.europesays.com\/fr\/wp-json\/wp\/v2\/comments?post=177320"}],"version-history":[{"count":0,"href":"https:\/\/www.europesays.com\/fr\/wp-json\/wp\/v2\/posts\/177320\/revisions"}],"wp:featuredmedia":[{"embeddable":true,"href":"https:\/\/www.europesays.com\/fr\/wp-json\/wp\/v2\/media\/177321"}],"wp:attachment":[{"href":"https:\/\/www.europesays.com\/fr\/wp-json\/wp\/v2\/media?parent=177320"}],"wp:term":[{"taxonomy":"category","embeddable":true,"href":"https:\/\/www.europesays.com\/fr\/wp-json\/wp\/v2\/categories?post=177320"},{"taxonomy":"post_tag","embeddable":true,"href":"https:\/\/www.europesays.com\/fr\/wp-json\/wp\/v2\/tags?post=177320"}],"curies":[{"name":"wp","href":"https:\/\/api.w.org\/{rel}","templated":true}]}}