{"id":177332,"date":"2025-06-15T02:25:22","date_gmt":"2025-06-15T02:25:22","guid":{"rendered":"https:\/\/www.europesays.com\/fr\/177332\/"},"modified":"2025-06-15T02:25:22","modified_gmt":"2025-06-15T02:25:22","slug":"j-ph-vetter-lr-veut-lever-le-gel-du-jumelage-avec-ramat-gan-2","status":"publish","type":"post","link":"https:\/\/www.europesays.com\/fr\/177332\/","title":{"rendered":"J-Ph. Vetter (LR) veut lever le gel du jumelage avec Ramat Gan"},"content":{"rendered":"<p>Dans un courrier adress\u00e9 samedi 14\u00a0juin \u00e0 la maire de Strasbourg, le conseiller municipal Jean-Philippe Vetter (LR) appelle Jeanne Barseghian \u00e0 \u00ab\u00a0exprimer publiquement sa solidarit\u00e9 avec <a href=\"https:\/\/www.dna.fr\/societe\/2023\/12\/10\/des-associations-demandent-la-suspension-du-jumelage-avec-une-ville-israelienne\" target=\"_blank\" rel=\"nofollow noopener\">la ville jumel\u00e9e de Ramat Gan<\/a> , durement touch\u00e9e par <a href=\"https:\/\/www.dna.fr\/politique\/2025\/06\/13\/israel-frappe-plusieurs-sites-militaires-et-nucleaires-en-iran-au-moins-50-personnes-blessees\" target=\"_blank\" rel=\"nofollow noopener\">des tirs de missiles iraniens<\/a> dans la nuit du 14\u00a0juin\u00a0\u00bb. Le conseiller municipal d\u2019opposition rappelle que \u00ab\u00a0les jumelages incarnent des liens durables entre les peuples\u00a0\u00bb. Jean-Philippe Vetter demande donc \u00ab\u00a0solennellement la lev\u00e9e du gel du jumelage entre Strasbourg et Ramat Gan, d\u00e9cid\u00e9 r\u00e9cemment de fa\u00e7on unilat\u00e9rale par la maire de Strasbourg\u00a0\u00bb.<\/p>\n<p>Ce contenu est bloqu\u00e9 car vous n&rsquo;avez pas accept\u00e9 les cookies et autres traceurs.<\/p>\n<p>En cliquant sur \u00ab J\u2019accepte \u00bb, les cookies et autres traceurs seront d\u00e9pos\u00e9s et vous pourrez visualiser les contenus  (<a href=\"\" class=\"consentModule_policy\" target=\"_blank\" title=\"Consulter la politique de protection des donn\u00e9es du fournisseur\">plus d&rsquo;informations<\/a>).<\/p>\n<p>En cliquant sur \u00ab J\u2019accepte tous les cookies \u00bb, vous autorisez des d\u00e9p\u00f4ts de cookies et autres traceurs pour le stockage de vos donn\u00e9es sur nos sites et applications \u00e0 des fins de personnalisation et de ciblage publicitaire.<\/p>\n<p class=\"consentModule_secondaryText\">Vous gardez la possibilit\u00e9 de retirer votre consentement \u00e0 tout moment en consultant notre <a href=\"http:\/\/www.dna.fr\/protection-des-donnees\" target=\"_blank\" title=\"Consulter notre politique de protection des donn\u00e9es\" rel=\"nofollow noopener\">politique de protection des donn\u00e9es<\/a>. <br \/>&#13;<br \/>\n            <a href=\"http:\/\/www.dna.fr\/politique\/2025\/06\/14\/javascript:Didomi.notice.show()\" class=\"consentModule_cmp\" rel=\"nofollow noopener\" target=\"_blank\">G\u00e9rer mes choix<\/a>&#13;\n        <\/p>\n<p>&#13;<br \/>\n                        J&rsquo;accepte&#13;<br \/>\n            J&rsquo;accepte tous les cookies&#13;\n        <\/p>\n<p>Une motion en ce sens sera d\u00e9pos\u00e9e lors du prochain conseil municipal, le lundi 23\u00a0juin. L\u2019\u00e9lu des R\u00e9publicains estime que \u00ab\u00a0Strasbourg porte dans le monde une voix singuli\u00e8re, fa\u00e7onn\u00e9e par son histoire, son statut europ\u00e9en et son engagement pour la paix. Ce r\u00f4le nous oblige. Il implique de ne pas importer les conflits sur notre sol, mais au contraire de continuer \u00e0 b\u00e2tir des ponts entre les peuples \u2013 sans exclusion, ni parti pris\u00a0\u00bb.<\/p>\n<p>Enfin, conclut-il, \u00ab\u00a0Strasbourg doit aussi joindre sa voix \u00e0 celles de tous ceux qui appellent \u00e0 la paix et \u00e0 la d\u00e9sescalade pour \u00e9viter une aggravation du conflit\u00a0\u00bb.<\/p>\n","protected":false},"excerpt":{"rendered":"Dans un courrier adress\u00e9 samedi 14\u00a0juin \u00e0 la maire de Strasbourg, le conseiller municipal Jean-Philippe Vetter (LR) appelle&hellip;\n","protected":false},"author":2,"featured_media":176009,"comment_status":"","ping_status":"","sticky":false,"template":"","format":"standard","meta":{"footnotes":""},"categories":[2820],"tags":[1111,11,1984,2880,1777,674,107,1011,27,329,775,12,316,25,640,2879],"class_list":{"0":"post-177332","1":"post","2":"type-post","3":"status-publish","4":"format-standard","5":"has-post-thumbnail","7":"category-strasbourg","8":"tag-actu","9":"tag-actualites","10":"tag-conseil-municipal","11":"tag-edition-strasbourg","12":"tag-eu","13":"tag-europe","14":"tag-fil-info","15":"tag-fr","16":"tag-france","17":"tag-france-monde","18":"tag-grand-est","19":"tag-news","20":"tag-politique","21":"tag-republique-francaise","22":"tag-strasbourg","23":"tag-strasbourg-ville"},"share_on_mastodon":{"url":"https:\/\/pubeurope.com\/@fr\/114685013123578171","error":""},"_links":{"self":[{"href":"https:\/\/www.europesays.com\/fr\/wp-json\/wp\/v2\/posts\/177332","targetHints":{"allow":["GET"]}}],"collection":[{"href":"https:\/\/www.europesays.com\/fr\/wp-json\/wp\/v2\/posts"}],"about":[{"href":"https:\/\/www.europesays.com\/fr\/wp-json\/wp\/v2\/types\/post"}],"author":[{"embeddable":true,"href":"https:\/\/www.europesays.com\/fr\/wp-json\/wp\/v2\/users\/2"}],"replies":[{"embeddable":true,"href":"https:\/\/www.europesays.com\/fr\/wp-json\/wp\/v2\/comments?post=177332"}],"version-history":[{"count":0,"href":"https:\/\/www.europesays.com\/fr\/wp-json\/wp\/v2\/posts\/177332\/revisions"}],"wp:featuredmedia":[{"embeddable":true,"href":"https:\/\/www.europesays.com\/fr\/wp-json\/wp\/v2\/media\/176009"}],"wp:attachment":[{"href":"https:\/\/www.europesays.com\/fr\/wp-json\/wp\/v2\/media?parent=177332"}],"wp:term":[{"taxonomy":"category","embeddable":true,"href":"https:\/\/www.europesays.com\/fr\/wp-json\/wp\/v2\/categories?post=177332"},{"taxonomy":"post_tag","embeddable":true,"href":"https:\/\/www.europesays.com\/fr\/wp-json\/wp\/v2\/tags?post=177332"}],"curies":[{"name":"wp","href":"https:\/\/api.w.org\/{rel}","templated":true}]}}