{"id":177341,"date":"2025-06-15T02:30:26","date_gmt":"2025-06-15T02:30:26","guid":{"rendered":"https:\/\/www.europesays.com\/fr\/177341\/"},"modified":"2025-06-15T02:30:26","modified_gmt":"2025-06-15T02:30:26","slug":"une-deferlante-arc-en-ciel-dans-les-rues-de-nantes","status":"publish","type":"post","link":"https:\/\/www.europesays.com\/fr\/177341\/","title":{"rendered":"Une d\u00e9ferlante arc-en-ciel dans les rues de Nantes"},"content":{"rendered":"<p>Des drapeaux arc-en-ciel en pagaille, des camions sonos crachant des basses \u00e0 faire trembler les murs, quelques drags queens en tenue sexy\u00a0: plusieurs milliers de personnes, dont une majorit\u00e9 de jeunes, ont d\u00e9fil\u00e9 dans les rues de Nantes, hier apr\u00e8s-midi, pour la Marche des fiert\u00e9s.<\/p>\n<p>L\u2019\u00e9v\u00e9nement organis\u00e9 par l\u2019association Nosig se voulait comme chaque ann\u00e9e festif et revendicatif, autour de la visibilit\u00e9 des personnes LGBT +\u00a0racis\u00e9es. Joyeux et color\u00e9, le cort\u00e8ge a ambianc\u00e9 le centre-ville pendant trois bonnes heures. L\u2019after-pride s\u2019est prolong\u00e9 dans une vingtaine de bars et les plus motiv\u00e9s se sont ensuite retrouv\u00e9s au Warehouse, sur l\u2019\u00eele de Nantes, pour une soir\u00e9e qui les emmenera au bout de la nuit.<\/p>\n<p>\u00a0<\/p>\n","protected":false},"excerpt":{"rendered":"Des drapeaux arc-en-ciel en pagaille, des camions sonos crachant des basses \u00e0 faire trembler les murs, quelques drags&hellip;\n","protected":false},"author":2,"featured_media":177342,"comment_status":"","ping_status":"","sticky":false,"template":"","format":"standard","meta":{"footnotes":""},"categories":[2818],"tags":[1111,11,31352,31351,1777,674,1011,27,766,12,2636,25,16915,3272],"class_list":{"0":"post-177341","1":"post","2":"type-post","3":"status-publish","4":"format-standard","5":"has-post-thumbnail","7":"category-nantes","8":"tag-actu","9":"tag-actualites","10":"tag-arc-en-ciel","11":"tag-deferlante","12":"tag-eu","13":"tag-europe","14":"tag-fr","15":"tag-france","16":"tag-nantes","17":"tag-news","18":"tag-pays-de-la-loire","19":"tag-republique-francaise","20":"tag-rues","21":"tag-saint-nazaire"},"share_on_mastodon":{"url":"https:\/\/pubeurope.com\/@fr\/114685032786905788","error":""},"_links":{"self":[{"href":"https:\/\/www.europesays.com\/fr\/wp-json\/wp\/v2\/posts\/177341","targetHints":{"allow":["GET"]}}],"collection":[{"href":"https:\/\/www.europesays.com\/fr\/wp-json\/wp\/v2\/posts"}],"about":[{"href":"https:\/\/www.europesays.com\/fr\/wp-json\/wp\/v2\/types\/post"}],"author":[{"embeddable":true,"href":"https:\/\/www.europesays.com\/fr\/wp-json\/wp\/v2\/users\/2"}],"replies":[{"embeddable":true,"href":"https:\/\/www.europesays.com\/fr\/wp-json\/wp\/v2\/comments?post=177341"}],"version-history":[{"count":0,"href":"https:\/\/www.europesays.com\/fr\/wp-json\/wp\/v2\/posts\/177341\/revisions"}],"wp:featuredmedia":[{"embeddable":true,"href":"https:\/\/www.europesays.com\/fr\/wp-json\/wp\/v2\/media\/177342"}],"wp:attachment":[{"href":"https:\/\/www.europesays.com\/fr\/wp-json\/wp\/v2\/media?parent=177341"}],"wp:term":[{"taxonomy":"category","embeddable":true,"href":"https:\/\/www.europesays.com\/fr\/wp-json\/wp\/v2\/categories?post=177341"},{"taxonomy":"post_tag","embeddable":true,"href":"https:\/\/www.europesays.com\/fr\/wp-json\/wp\/v2\/tags?post=177341"}],"curies":[{"name":"wp","href":"https:\/\/api.w.org\/{rel}","templated":true}]}}