{"id":177353,"date":"2025-06-15T02:36:39","date_gmt":"2025-06-15T02:36:39","guid":{"rendered":"https:\/\/www.europesays.com\/fr\/177353\/"},"modified":"2025-06-15T02:36:39","modified_gmt":"2025-06-15T02:36:39","slug":"pour-la-premiere-fois-plus-de-la-moitie-de-la-population-en-age-de-voter-a-plus-de-50-ans","status":"publish","type":"post","link":"https:\/\/www.europesays.com\/fr\/177353\/","title":{"rendered":"Pour la premi\u00e8re fois, plus de la moiti\u00e9 de la population en \u00e2ge de voter a plus de 50\u00a0ans"},"content":{"rendered":"<p>Pour la premi\u00e8re fois, la majorit\u00e9 de la population fran\u00e7aise en \u00e2ge de voter est \u00e2g\u00e9e de plus de 50\u00a0ans. C\u2019est ce que montre une \u00e9tude de l\u2019Insee, issue du <a href=\"https:\/\/www.insee.fr\/fr\/statistiques\/8327319\" target=\"_blank\" rel=\"noopener\">\u00ab\u00a0Bilan d\u00e9mographique 2024\u00a0\u00bb<\/a>, et\u00a0qui porte sur la population r\u00e9sidant en France en \u00e2ge de voter, au 1er\u00a0janvier 2025. Dans le d\u00e9tail, 51,6\u00a0% des personnes majeures avaient plus de 50\u00a0ans, contre 17\u00a0% qui avaient entre 18 et 29\u00a0ans.<\/p>\n<p>L\u2019Insee pr\u00e9cise que l\u2019\u00e9tude ne porte pas sur le corps \u00e9lectoral. Il peut en effet y avoir une diff\u00e9rence entre population \u00e2g\u00e9e de plus de 18\u00a0ans, et population r\u00e9ellement inscrite sur les listes \u00e9lectorales, en raison des non-inscriptions ou des radiations. Par exemple, 9\u00a0% des personnes \u00e2g\u00e9es entre 40 et 54\u00a0ans ne sont pas inscrites sur les listes.<\/p>\n<p>Ces donn\u00e9es t\u00e9moignent en tout cas du vieillissement de la population fran\u00e7aise dans son ensemble, et donc du poids croissant des seniors lors des scrutins \u00e9lectoraux, <a href=\"https:\/\/www.ouest-france.fr\/elections\/municipales\/\" target=\"_self\" rel=\"noopener\">un an avant les \u00e9lections municipales<\/a> et deux ans avant la prochaine \u00e9lection pr\u00e9sidentielle. Ainsi, 21,8\u00a0% de la population fran\u00e7aise totale est \u00e2g\u00e9e de plus de 65\u00a0ans, contre 16,3\u00a0% en 2025.<\/p>\n<p><a href=\"https:\/\/www.insee.fr\/fr\/statistiques\/8192479#tableau-figure2_radio1\" target=\"_blank\" rel=\"noopener\">Une autre \u00e9tude de l\u2019Insee<\/a>, portant cette fois sur les personnes inscrites sur les listes \u00e9lectorales, a \u00e9t\u00e9 publi\u00e9e\u00a0juste avant les \u00e9lections europ\u00e9ennes et l\u00e9gislatives de l\u2019an dernier. Au 1er avril 2024, il y avait 5,3\u00a0millions d\u2019\u00e9lecteurs \u00e2g\u00e9s de 18 \u00e0 24\u00a0ans (11,2\u00a0% du corps \u00e9lectoral), 10,3\u00a0millions \u00e2g\u00e9s de 25 \u00e0 39\u00a0ans (21,9\u00a0%), 10,7\u00a0millions \u00e2g\u00e9s de 40 \u00e0 54\u00a0ans (22,7\u00a0%), 7,5\u00a0millions \u00e2g\u00e9s de 55 \u00e0 64\u00a0ans (16,0\u00a0% des \u00e9lecteurs), 9,5\u00a0millions \u00e2g\u00e9s de 65 \u00e0 79\u00a0ans (20,2\u00a0%) et 3,8\u00a0millions \u00e2g\u00e9s de 80\u00a0ans ou plus (8,0\u00a0% des \u00e9lecteurs). Pour un total de\u00a047,1\u00a0millions d\u2019\u00e9lecteurs en France.<\/p>\n<p><strong>Lire aussi\u00a0: <\/strong> <a href=\"https:\/\/rennes.maville.com\/actu\/actudet_-le-droit-de-vote-a-16-ans-rajeunir-le-corps-electoral-presente-un-interet-selon-deux-politologues-_52674-6770340_actu.Htm\" target=\"_self\" rel=\"noopener\">Le droit de vote \u00e0 16\u00a0ans\u00a0? Rajeunir le corps \u00e9lectoral pr\u00e9sente un int\u00e9r\u00eat, selon deux politologues<\/a><\/p>\n<p>\u00ab\u00a0Tr\u00e8s attach\u00e9s \u00e0 l\u2019acte de vote\u00a0\u00bb<\/p>\n<p><strong>\u00ab\u00a0Non seulement la France vieillit, mais ses seniors restent tr\u00e8s attach\u00e9s \u00e0 l\u2019acte de vote\u00a0\u00bb,<\/strong> a analys\u00e9 Vincent Tiberj, sociologue et professeur \u00e0 Sciences Po Bordeaux <a href=\"https:\/\/www.franceinfo.fr\/societe\/politique-pour-la-premiere-fois-la-majorite-du-corps-electoral-a-plus-de-50-ans-selon-l-insee_7279539.html\" target=\"_blank\" rel=\"noopener\">aupr\u00e8s de nos confr\u00e8res de FranceInfo<\/a>. Selon lui, cette r\u00e9alit\u00e9 d\u00e9mographique peut influencer les discours politiques pour la pr\u00e9sidentielle de 2027. Les seniors<strong> \u00ab\u00a0sont tr\u00e8s souvent des \u00e9lecteurs assidus, quand leurs enfants et leurs petits-enfants ont un rapport beaucoup plus distant\u00a0\u00bb<\/strong>. Il pense que pendant une campagne \u00e9lectorale peu intense, <strong>\u00ab\u00a0il y a de grandes chances que ce soit le senior qui se d\u00e9place\u00a0\u00bb<\/strong>, contrairement aux actifs et aux jeunes.<\/p>\n<p>Ainsi, lors des l\u00e9gislatives de 2024, il y a eu 43\u00a0% d\u2019abstention parmi les \u00e9lecteurs \u00e2g\u00e9s de 18 \u00e0 24\u00a0ans, et 49\u00a0% parmi les 25-39 ans. Contre 20\u00a0% parmi les \u00e9lecteurs de plus de 70\u00a0ans et plus, <a href=\"https:\/\/www.ipsos.com\/fr-fr\/legislatives-2024\/une-participation-exceptionnelle-dans-tous-les-electorats-legislatives-2024\" target=\"_blank\" rel=\"noopener\">selon l\u2019Ipsos<\/a>.<\/p>\n<p>Dans ces circonstances, les candidats ont donc plus int\u00e9r\u00eat \u00e0 privil\u00e9gier les discours qui s\u2019adressent aux plus \u00e2g\u00e9s. Mais le sociologue ajoute que certains politiques ont tendance \u00e0 oublier que tous les seniors ne sont pas <strong>\u00ab\u00a0centr\u00e9s sur leur int\u00e9r\u00eat \u00e9conomique ou leur int\u00e9r\u00eat en g\u00e9n\u00e9ral. Un nombre impressionnant d\u2019entre eux reste attach\u00e9 au fait que cela se passe bien pour leurs enfants et leurs petits-enfants.\u00a0\u00bb<\/strong><\/p>\n<p>Comme lorsqu\u2019on parle des jeunes, il ne faut pas consid\u00e9rer les seniors comme <strong>\u00ab\u00a0bloc homog\u00e8ne\u00a0\u00bb,<\/strong> insiste le sociologue.<\/p>\n<p>\u00a0<\/p>\n","protected":false},"excerpt":{"rendered":"Pour la premi\u00e8re fois, la majorit\u00e9 de la population fran\u00e7aise en \u00e2ge de voter est \u00e2g\u00e9e de plus&hellip;\n","protected":false},"author":2,"featured_media":177354,"comment_status":"","ping_status":"","sticky":false,"template":"","format":"standard","meta":{"footnotes":""},"categories":[2815],"tags":[9285,1111,11,317,1764,1777,674,3395,1011,27,811,1307,4381,12,940,25,11706],"class_list":{"0":"post-177353","1":"post","2":"type-post","3":"status-publish","4":"format-standard","5":"has-post-thumbnail","7":"category-lille","8":"tag-9285","9":"tag-actu","10":"tag-actualites","11":"tag-age","12":"tag-ans","13":"tag-eu","14":"tag-europe","15":"tag-fois","16":"tag-fr","17":"tag-france","18":"tag-hauts-de-france","19":"tag-lille","20":"tag-moitie","21":"tag-news","22":"tag-population","23":"tag-republique-francaise","24":"tag-voter"},"share_on_mastodon":{"url":"https:\/\/pubeurope.com\/@fr\/114685056596072329","error":""},"_links":{"self":[{"href":"https:\/\/www.europesays.com\/fr\/wp-json\/wp\/v2\/posts\/177353","targetHints":{"allow":["GET"]}}],"collection":[{"href":"https:\/\/www.europesays.com\/fr\/wp-json\/wp\/v2\/posts"}],"about":[{"href":"https:\/\/www.europesays.com\/fr\/wp-json\/wp\/v2\/types\/post"}],"author":[{"embeddable":true,"href":"https:\/\/www.europesays.com\/fr\/wp-json\/wp\/v2\/users\/2"}],"replies":[{"embeddable":true,"href":"https:\/\/www.europesays.com\/fr\/wp-json\/wp\/v2\/comments?post=177353"}],"version-history":[{"count":0,"href":"https:\/\/www.europesays.com\/fr\/wp-json\/wp\/v2\/posts\/177353\/revisions"}],"wp:featuredmedia":[{"embeddable":true,"href":"https:\/\/www.europesays.com\/fr\/wp-json\/wp\/v2\/media\/177354"}],"wp:attachment":[{"href":"https:\/\/www.europesays.com\/fr\/wp-json\/wp\/v2\/media?parent=177353"}],"wp:term":[{"taxonomy":"category","embeddable":true,"href":"https:\/\/www.europesays.com\/fr\/wp-json\/wp\/v2\/categories?post=177353"},{"taxonomy":"post_tag","embeddable":true,"href":"https:\/\/www.europesays.com\/fr\/wp-json\/wp\/v2\/tags?post=177353"}],"curies":[{"name":"wp","href":"https:\/\/api.w.org\/{rel}","templated":true}]}}