{"id":177368,"date":"2025-06-15T02:46:13","date_gmt":"2025-06-15T02:46:13","guid":{"rendered":"https:\/\/www.europesays.com\/fr\/177368\/"},"modified":"2025-06-15T02:46:13","modified_gmt":"2025-06-15T02:46:13","slug":"psg-atletico-de-madrid-la-composition-probable-de-paris-avec-ramos-pour-pallier-labsence-de-dembele","status":"publish","type":"post","link":"https:\/\/www.europesays.com\/fr\/177368\/","title":{"rendered":"PSG-Atl\u00e9tico de Madrid\u00a0: la composition probable de Paris avec Ramos pour pallier l\u2019absence de Demb\u00e9l\u00e9"},"content":{"rendered":"<p class=\"paragraph text_align_left\">Apr\u00e8s l\u2019Europe, le Paris Saint-Germain d\u00e9butera sa conqu\u00eate du monde sans sa star. C\u2019\u00e9tait pr\u00e9vu, <a href=\"https:\/\/www.leparisien.fr\/sports\/football\/coupe-du-monde-des-clubs\/psg-atletico-madrid-ramos-doue-kang-in-lee-comment-gerer-labsence-de-dembele-a-la-coupe-du-monde-des-clubs-14-06-2025-O4ZODJE5QNEIRCJQARZVYVYXZI.php\" target=\"_self\" rel=\"nofollow noopener\">Ousmane Demb\u00e9l\u00e9 est forfait<\/a> pour l\u2019entr\u00e9e en mati\u00e8re parisienne en <a href=\"https:\/\/www.leparisien.fr\/sports\/football\/coupe-du-monde-des-clubs\/\" target=\"_self\" rel=\"nofollow noopener\">Coupe du monde des clubs<\/a>. \u00c9cart\u00e9 en raison d\u2019une l\u00e9sion au quadriceps gauche, l\u2019attaquant de 28 ans devrait c\u00e9der sa place dans le onze de d\u00e9part \u00e0 Gon\u00e7alo Ramos.<\/p>\n<p class=\"paragraph text_align_left\">Certes moins cr\u00e9atif que l\u2019ancien Barcelonais, le Portugais sera positionn\u00e9 \u00e0 son poste de pr\u00e9dilection et cherchera \u00e0 peser sur la rugueuse charni\u00e8re de l\u2019Atl\u00e9tico de Madrid.<\/p>\n<p class=\"paragraph text_align_left\">Pour le reste, <a href=\"https:\/\/www.leparisien.fr\/sports\/football\/coupe-du-monde-des-clubs\/psg-comment-luis-enrique-dorlote-ses-joueurs-pendant-la-coupe-du-monde-des-clubs-13-06-2025-QRZ7RSZ5SRH7JD2MB7RSVFMTAM.php\" target=\"_self\" rel=\"nofollow noopener\">Luis Enrique pr\u00e9pare du classique<\/a>, histoire de s\u2019\u00e9lancer de plain-pied dans cette nouvelle comp\u00e9tition. Malgr\u00e9 l\u2019absence de Demb\u00e9l\u00e9, le technicien espagnol devrait aligner une formation tr\u00e8s proche de celle qui avait d\u00e9marr\u00e9 lors de <a href=\"https:\/\/www.leparisien.fr\/sports\/football\/ligue-des-champions\/le-psg-champion-deurope-la-victoire-de-paris-est-incontestable-reconnaissent-les-milanais-01-06-2025-FIUH2OEKKBFVHD2RMDI6TE3IF4.php\" target=\"_self\" rel=\"nofollow noopener\">la finale de Ligue des champions remport\u00e9e par le PSG devant l\u2019Inter Milan (5-0)<\/a>.<\/p>\n<p><img decoding=\"async\" class=\"image \" loading=\"lazy\" src=\"https:\/\/www.europesays.com\/fr\/wp-content\/uploads\/2025\/06\/K4JZCC4K6NE4JDCKRHGCLLWA64.jpg\" alt=\"\" align=\"\" data-rubrique-principale=\"\" data-article-type=\"\" fetchpriority=\"auto\"\/><\/p>\n<p class=\"paragraph text_align_left\"><a href=\"https:\/\/www.leparisien.fr\/sports\/football\/psg\/mercato-psg-le-prolongation-de-donnarumma-au-point-mort-paris-continue-davancer-sur-lucas-chevalier-08-06-2025-A7NO5RCHIRCBLFQEBZBSNSL77M.php\" target=\"_self\" rel=\"nofollow noopener\">Gianluigi Donnarumma<\/a> garderait les cages, prot\u00e9g\u00e9 de la d\u00e9fense compos\u00e9e par Achraf Hakimi, Marquinhos, Pacho et Nuno Mendes. Au milieu, Joao Neves, Vitinha et Fabian Ruiz devraient servir de relais au trio d\u2019attaque form\u00e9 par D\u00e9sir\u00e9 Dou\u00e9, Ramos et Khvicha Kvaratskhelia.<\/p>\n<p class=\"paragraph text_align_left\"><b>La composition probable parisienne :<\/b><\/p>\n<p class=\"paragraph text_align_left\">Donnarumma &#8211; Hakimi, Marquinhos (cap.), Pacho, Nuno Mendes &#8211; Neves, Vitinha, Ruiz &#8211; Dou\u00e9, Ramos, Kvaratskhelia<\/p>\n","protected":false},"excerpt":{"rendered":"Apr\u00e8s l\u2019Europe, le Paris Saint-Germain d\u00e9butera sa conqu\u00eate du monde sans sa star. C\u2019\u00e9tait pr\u00e9vu, Ousmane Demb\u00e9l\u00e9 est&hellip;\n","protected":false},"author":2,"featured_media":177369,"comment_status":"","ping_status":"","sticky":false,"template":"","format":"standard","meta":{"footnotes":""},"categories":[1888],"tags":[11,1777,674,63,1011,27,12,626,93,25,60],"class_list":{"0":"post-177368","1":"post","2":"type-post","3":"status-publish","4":"format-standard","5":"has-post-thumbnail","7":"category-paris","8":"tag-actualites","9":"tag-eu","10":"tag-europe","11":"tag-football","12":"tag-fr","13":"tag-france","14":"tag-news","15":"tag-paris","16":"tag-psg","17":"tag-republique-francaise","18":"tag-sports"},"share_on_mastodon":{"url":"https:\/\/pubeurope.com\/@fr\/114685095789980684","error":""},"_links":{"self":[{"href":"https:\/\/www.europesays.com\/fr\/wp-json\/wp\/v2\/posts\/177368","targetHints":{"allow":["GET"]}}],"collection":[{"href":"https:\/\/www.europesays.com\/fr\/wp-json\/wp\/v2\/posts"}],"about":[{"href":"https:\/\/www.europesays.com\/fr\/wp-json\/wp\/v2\/types\/post"}],"author":[{"embeddable":true,"href":"https:\/\/www.europesays.com\/fr\/wp-json\/wp\/v2\/users\/2"}],"replies":[{"embeddable":true,"href":"https:\/\/www.europesays.com\/fr\/wp-json\/wp\/v2\/comments?post=177368"}],"version-history":[{"count":0,"href":"https:\/\/www.europesays.com\/fr\/wp-json\/wp\/v2\/posts\/177368\/revisions"}],"wp:featuredmedia":[{"embeddable":true,"href":"https:\/\/www.europesays.com\/fr\/wp-json\/wp\/v2\/media\/177369"}],"wp:attachment":[{"href":"https:\/\/www.europesays.com\/fr\/wp-json\/wp\/v2\/media?parent=177368"}],"wp:term":[{"taxonomy":"category","embeddable":true,"href":"https:\/\/www.europesays.com\/fr\/wp-json\/wp\/v2\/categories?post=177368"},{"taxonomy":"post_tag","embeddable":true,"href":"https:\/\/www.europesays.com\/fr\/wp-json\/wp\/v2\/tags?post=177368"}],"curies":[{"name":"wp","href":"https:\/\/api.w.org\/{rel}","templated":true}]}}