{"id":177372,"date":"2025-06-15T02:48:08","date_gmt":"2025-06-15T02:48:08","guid":{"rendered":"https:\/\/www.europesays.com\/fr\/177372\/"},"modified":"2025-06-15T02:48:08","modified_gmt":"2025-06-15T02:48:08","slug":"lors-dun-appel-avec-trump-poutine-se-dit-pret-a-reprendre-les-negociations-avec-kiev","status":"publish","type":"post","link":"https:\/\/www.europesays.com\/fr\/177372\/","title":{"rendered":"Lors d\u2019un appel avec Trump, Poutine se dit pr\u00eat \u00e0 reprendre les n\u00e9gociations avec Kiev"},"content":{"rendered":"<p><a href=\"https:\/\/www.20minutes.fr\/dossier\/donald_trump\" target=\"_blank\" class=\"color-ultramarine c-link\" rel=\"nofollow noopener\">Donald Trump<\/a> et <a href=\"https:\/\/www.20minutes.fr\/monde\/vladimir_poutine\/\" target=\"_blank\" class=\"color-ultramarine c-link\" rel=\"nofollow noopener\">Vladimir Poutine<\/a> continuent de se parler. Au cours d\u2019un entretien t\u00e9l\u00e9phonique, le pr\u00e9sident russe a affirm\u00e9 samedi \u00e0 son homologue am\u00e9ricain \u00eatre pr\u00eat \u00e0 un nouveau round de n\u00e9gociations entre la Russie et l\u2019Ukraine. Le m\u00eame jour, le pr\u00e9sident ukrainien <a href=\"https:\/\/www.20minutes.fr\/monde\/volodymyr-zelensky\/\" target=\"_blank\" class=\"color-ultramarine c-link\" rel=\"nofollow noopener\">Volodymyr Zelensky<\/a> a pour sa part une nouvelle fois r\u00e9clam\u00e9 que les Etats-Unis \u00ab\u00a0changent de ton\u00a0\u00bb \u00e0 l\u2019\u00e9gard de Moscou.<\/p>\n<p>Selon le Kremlin, \u00ab\u00a0l\u2019escalade dangereuse au Moyen-Orient a bien s\u00fbr \u00e9t\u00e9 au centre de l\u2019\u00e9change\u00a0\u00bb. Moscou, alli\u00e9 de T\u00e9h\u00e9ran, reste en effet un acteur important dans la r\u00e9gion. Mais le ma\u00eetre du Kremlin a \u00e9galement inform\u00e9 Donald Trump de la \u00ab\u00a0mise en \u0153uvre des accords conclus lors de la r\u00e9union entre les d\u00e9l\u00e9gations russe et ukrainienne \u00e0 Istanbul le 2\u00a0juin\u00a0\u00bb, soit des accords portant sur des \u00e9changes de prisonniers, de bless\u00e9s et de corps de soldats.<\/p>\n<p>Le rapprochement entre Trump et Poutine<\/p>\n<p>Vladimir Poutine a affirm\u00e9 que la <a href=\"https:\/\/www.20minutes.fr\/monde\/russie\/\" target=\"_blank\" class=\"color-ultramarine c-link\" rel=\"nofollow noopener\">Russie<\/a> \u00e9tait pr\u00eate \u00e0 poursuivre les n\u00e9gociations avec l\u2019Ukraine apr\u00e8s le 22\u00a0juin et l\u2019ach\u00e8vement de ces \u00e9changes. Selon le Kremlin, Donald Trump a lui \u00ab\u00a0r\u00e9it\u00e9r\u00e9 son int\u00e9r\u00eat pour une r\u00e9solution rapide du <a href=\"https:\/\/www.20minutes.fr\/monde\/ukraine\/\" target=\"_blank\" class=\"color-ultramarine c-link\" rel=\"nofollow noopener\">conflit russo-ukrainien<\/a>\u00a0\u00bb.<\/p>\n<\/p>\n<p>Il s\u2019agissait du cinqui\u00e8me appel t\u00e9l\u00e9phonique entre les deux pr\u00e9sidents depuis que Donald Trump est entr\u00e9 en fonction le 20\u00a0janvier et s\u2019est rapproch\u00e9 de Moscou, rompant avec le soutien ferme \u00e0 l\u2019Ukraine affich\u00e9 par son pr\u00e9d\u00e9cesseur Joe Biden. Le Kremlin a d\u2019ailleurs indiqu\u00e9 que le pr\u00e9sident russe avait souhait\u00e9 samedi \u00e0 Donald Trump un bon anniversaire.<\/p>\n<p>Aucun progr\u00e8s malgr\u00e9 la pression de Washington<\/p>\n<p>Concernant la perspective d\u2019un nouveau round de n\u00e9gociations, Volodymyr Zelensky s\u2019est jusqu\u2019\u00e0 pr\u00e9sent content\u00e9 de d\u00e9clarer que la question serait discut\u00e9e \u00ab\u00a0une fois les \u00e9changes termin\u00e9s\u00a0\u00bb.<\/p>\n<p><a href=\"https:\/\/www.20minutes.fr\/monde\/ukraine\/\" target=\"_blank\" class=\"c-link c-btn c-btn--primary\" rel=\"nofollow noopener\">Notre dossier sur la Guerre en Ukraine<\/a><\/p>\n<p>Les n\u00e9gociations entreprises sous la pression de Washington n\u2019ont \u00e0 ce jour d\u00e9bouch\u00e9 sur aucun progr\u00e8s vers un cessez-le-feu. Volodymyr Zelensky a une nouvelle fois rejet\u00e9, dans une conf\u00e9rence de presse diffus\u00e9e samedi, les exigences russes, r\u00e9p\u00e9t\u00e9es lors de ces n\u00e9gociations. A savoir notamment que l\u2019Ukraine c\u00e8de \u00e0 la Russie quatre de ses r\u00e9gions orientales dont Moscou revendique l\u2019annexion, et renonce \u00e0 rejoindre l\u2019Otan. Le pr\u00e9sident ukrainien accuse la Russie de ne chercher qu\u2019\u00e0 gagner du temps au moment o\u00f9 son arm\u00e9e, sup\u00e9rieure en nombre et en armements, progresse lentement dans l\u2019est de l\u2019Ukraine.<\/p>\n","protected":false},"excerpt":{"rendered":"Donald Trump et Vladimir Poutine continuent de se parler. Au cours d\u2019un entretien t\u00e9l\u00e9phonique, le pr\u00e9sident russe a&hellip;\n","protected":false},"author":2,"featured_media":177373,"comment_status":"","ping_status":"","sticky":false,"template":"","format":"standard","meta":{"footnotes":""},"categories":[1590],"tags":[47,11,75,73,1777,674,131,74,12,132,220,133,135,134],"class_list":{"0":"post-177372","1":"post","2":"type-post","3":"status-publish","4":"format-standard","5":"has-post-thumbnail","7":"category-ukraine","8":"tag-actualite","9":"tag-actualites","10":"tag-donald-trump","11":"tag-etats-unis","12":"tag-eu","13":"tag-europe","14":"tag-guerre-en-ukraine","15":"tag-monde","16":"tag-news","17":"tag-russie","18":"tag-ukraine","19":"tag-video","20":"tag-vladimir-poutine","21":"tag-volodymyr-zelensky"},"share_on_mastodon":{"url":"https:\/\/pubeurope.com\/@fr\/114685103532154172","error":""},"_links":{"self":[{"href":"https:\/\/www.europesays.com\/fr\/wp-json\/wp\/v2\/posts\/177372","targetHints":{"allow":["GET"]}}],"collection":[{"href":"https:\/\/www.europesays.com\/fr\/wp-json\/wp\/v2\/posts"}],"about":[{"href":"https:\/\/www.europesays.com\/fr\/wp-json\/wp\/v2\/types\/post"}],"author":[{"embeddable":true,"href":"https:\/\/www.europesays.com\/fr\/wp-json\/wp\/v2\/users\/2"}],"replies":[{"embeddable":true,"href":"https:\/\/www.europesays.com\/fr\/wp-json\/wp\/v2\/comments?post=177372"}],"version-history":[{"count":0,"href":"https:\/\/www.europesays.com\/fr\/wp-json\/wp\/v2\/posts\/177372\/revisions"}],"wp:featuredmedia":[{"embeddable":true,"href":"https:\/\/www.europesays.com\/fr\/wp-json\/wp\/v2\/media\/177373"}],"wp:attachment":[{"href":"https:\/\/www.europesays.com\/fr\/wp-json\/wp\/v2\/media?parent=177372"}],"wp:term":[{"taxonomy":"category","embeddable":true,"href":"https:\/\/www.europesays.com\/fr\/wp-json\/wp\/v2\/categories?post=177372"},{"taxonomy":"post_tag","embeddable":true,"href":"https:\/\/www.europesays.com\/fr\/wp-json\/wp\/v2\/tags?post=177372"}],"curies":[{"name":"wp","href":"https:\/\/api.w.org\/{rel}","templated":true}]}}