{"id":17738,"date":"2025-04-11T16:32:09","date_gmt":"2025-04-11T16:32:09","guid":{"rendered":"https:\/\/www.europesays.com\/fr\/17738\/"},"modified":"2025-04-11T16:32:09","modified_gmt":"2025-04-11T16:32:09","slug":"ardeche-cedric-bancel-obtient-une-7e-place-au-championnat-de-france-de-pizza-distributeur","status":"publish","type":"post","link":"https:\/\/www.europesays.com\/fr\/17738\/","title":{"rendered":"Ard\u00e8che. C\u00e9dric Bancel obtient une 7e place au championnat de France de pizza distributeur"},"content":{"rendered":"<p>Apr\u00e8s avoir concouru en 2023 et avoir eu la premi\u00e8re place au championnat de France de pizza distributeur, <a href=\"https:\/\/www.ledauphine.com\/economie\/2024\/03\/07\/les-pizzas-de-cedric-bancel-du-petrin-au-podium\" target=\"_blank\" rel=\"noopener\">puis en 2024 <\/a>le 15e au championnat d\u2019Europe, cette ann\u00e9e, C\u00e9dric Bancel a obtenu <a href=\"https:\/\/www.ledauphine.com\/economie\/2025\/03\/21\/cedric-bancel-a-la-5e-place-au-championnat-d-europe-de-pizza\" target=\"_blank\" rel=\"noopener\">la 5e\u00a0 place europ\u00e9enne<\/a> et le 1re\u00a0 fran\u00e7aise au championnat d\u2019Europe en classique, puis derni\u00e8rement une 7e place au championnat de France de pizza cat\u00e9gorie distributeur.<\/p>\n<p>  Un contrat sign\u00e9 pour \u00eatre vendu dans toute la France<\/p>\n<p>\u00c0 cette occasion, il a m\u00eame \u00e9t\u00e9 f\u00e9licit\u00e9 par l\u2019ex-footballeur et commentateur Omar da Fonseca pour son travail.<\/p>\n<p>C\u00e9dric Bancel a conclu un partenariat avec une soci\u00e9t\u00e9 de distribution \u00e0 Peyrolles-en-Provence, Ma Minute pizza, qui lui permettra d\u2019\u00eatre distribu\u00e9 sur toute la France avec sa licence de marques.<\/p>\n<p>  Deux nouveaux distributeurs dans le bassin d&rsquo;Annonay<\/p>\n<p>Le pizza\u00efolo indique \u00e9galement que des distributeurs de nouvelle g\u00e9n\u00e9ration vont \u00eatre install\u00e9s dans les communes de Saint-Clair et Talencieux.<\/p>\n<p class=\"note\">Contacts\u00a0: 04\u00a075\u00a034\u00a020\u00a031 et <a href=\"https:\/\/www.ledauphine.com\/economie\/2025\/04\/11\/lespizzasdecedric.com\" target=\"_blank\" rel=\"noopener\">lespizzasdecedric.com<\/a><\/p>\n","protected":false},"excerpt":{"rendered":"Apr\u00e8s avoir concouru en 2023 et avoir eu la premi\u00e8re place au championnat de France de pizza distributeur,&hellip;\n","protected":false},"author":2,"featured_media":17739,"comment_status":"","ping_status":"","sticky":false,"template":"","format":"standard","meta":{"footnotes":""},"categories":[4],"tags":[11,4646,1477,3826,7150,4406,33,3827,1011,27,6016,12,25,7148,7147,7149],"class_list":{"0":"post-17738","1":"post","2":"type-post","3":"status-publish","4":"format-standard","5":"has-post-thumbnail","7":"category-france","8":"tag-actualites","9":"tag-ardeche","10":"tag-artisanat","11":"tag-bassin-annoneen","12":"tag-boulieu-les-annonay","13":"tag-commerce-et-services","14":"tag-economie","15":"tag-edition-annonay-nord-ardeche","16":"tag-fr","17":"tag-france","18":"tag-magazine-cuisine-et-vins","19":"tag-news","20":"tag-republique-francaise","21":"tag-saint-clair","22":"tag-saint-marcel-les-annonay","23":"tag-talencieux"},"share_on_mastodon":{"url":"https:\/\/pubeurope.com\/@fr\/114320293619225276","error":""},"_links":{"self":[{"href":"https:\/\/www.europesays.com\/fr\/wp-json\/wp\/v2\/posts\/17738","targetHints":{"allow":["GET"]}}],"collection":[{"href":"https:\/\/www.europesays.com\/fr\/wp-json\/wp\/v2\/posts"}],"about":[{"href":"https:\/\/www.europesays.com\/fr\/wp-json\/wp\/v2\/types\/post"}],"author":[{"embeddable":true,"href":"https:\/\/www.europesays.com\/fr\/wp-json\/wp\/v2\/users\/2"}],"replies":[{"embeddable":true,"href":"https:\/\/www.europesays.com\/fr\/wp-json\/wp\/v2\/comments?post=17738"}],"version-history":[{"count":0,"href":"https:\/\/www.europesays.com\/fr\/wp-json\/wp\/v2\/posts\/17738\/revisions"}],"wp:featuredmedia":[{"embeddable":true,"href":"https:\/\/www.europesays.com\/fr\/wp-json\/wp\/v2\/media\/17739"}],"wp:attachment":[{"href":"https:\/\/www.europesays.com\/fr\/wp-json\/wp\/v2\/media?parent=17738"}],"wp:term":[{"taxonomy":"category","embeddable":true,"href":"https:\/\/www.europesays.com\/fr\/wp-json\/wp\/v2\/categories?post=17738"},{"taxonomy":"post_tag","embeddable":true,"href":"https:\/\/www.europesays.com\/fr\/wp-json\/wp\/v2\/tags?post=17738"}],"curies":[{"name":"wp","href":"https:\/\/api.w.org\/{rel}","templated":true}]}}