{"id":177380,"date":"2025-06-15T02:52:10","date_gmt":"2025-06-15T02:52:10","guid":{"rendered":"https:\/\/www.europesays.com\/fr\/177380\/"},"modified":"2025-06-15T02:52:10","modified_gmt":"2025-06-15T02:52:10","slug":"macron-au-groenland-pour-montrer-la-fermete-de-leurope-face-a-trump-15-06-2025-a-0342","status":"publish","type":"post","link":"https:\/\/www.europesays.com\/fr\/177380\/","title":{"rendered":"Macron au Groenland pour montrer la fermet\u00e9 de l&rsquo;Europe face \u00e0 Trump &#8211; 15\/06\/2025 \u00e0 03:42"},"content":{"rendered":"<p>        <img fetchpriority=\"high\" decoding=\"async\" src=\"https:\/\/www.europesays.com\/fr\/wp-content\/uploads\/2025\/06\/563263bf21999cfa7108ae176b399d6a-760x507.jpg\" alt=\"Le pr\u00e9sident fran\u00e7ais Emmanuel Macron tient une conf\u00e9rence de presse au Palais de l'\u00c9lys\u00e9e, \u00e0 Paris\" loading=\"eager\" width=\"760\" height=\"507\" style=\"max-width: 100%!important; height: auto;\"\/><\/p>\n<p class=\"c-image-news__legend\">Le pr\u00e9sident fran\u00e7ais Emmanuel Macron tient une conf\u00e9rence de presse au Palais de l&rsquo;\u00c9lys\u00e9e, \u00e0 Paris<\/p>\n<p>\n par Michel Rose\n<\/p>\n<p>\n Le pr\u00e9sident fran\u00e7ais Emmanuel Macron se rend dimanche au Groenland pour marquer sa solidarit\u00e9 avec le Danemark et envoyer un \u00ab\u00a0signal\u00a0\u00bb de la d\u00e9termination de l&rsquo;Union europ\u00e9enne apr\u00e8s les menaces de Donald Trump d&rsquo;annexer l&rsquo;\u00eele semi-autonome.\n<\/p>\n<p>\n Le Groenland est devenu un point de tension entre Bruxelles et Washington apr\u00e8s que le pr\u00e9sident am\u00e9ricain a d\u00e9clar\u00e9 \u00e0 plusieurs reprises qu&rsquo;il voulait acqu\u00e9rir ce territoire autonome danois, riche en mati\u00e8res premi\u00e8res et \u00e0 la situation strat\u00e9gique dans l&rsquo;Arctique, pour des raisons de s\u00e9curit\u00e9 nationale et internationale\n<\/p>\n<p>\n Donald Trump n&rsquo;a pas exclu d&rsquo;utiliser la force pour parvenir \u00e0 ses fins.\n<\/p>\n<p>\n Emmanuel Macron, premier dirigeant \u00e9tranger \u00e0 se rendre dans l&rsquo;\u00eele depuis ces menaces explicites, a d\u00e9clar\u00e9 que son d\u00e9placement visait \u00e0 \u00e9viter toute \u00ab\u00a0pr\u00e9dation\u00a0\u00bb sur le territoire, qui fait partie du royaume du Danemark depuis au moins le 17e si\u00e8cle.\n<\/p>\n<p>\n Pri\u00e9 de dire si le pr\u00e9sident fran\u00e7ais d\u00e9livrerait sur place un message explicite \u00e0 destination des Etats-Unis, un conseiller d&rsquo;Emmanuel Macron a r\u00e9pondu aux journalistes que \u00ab\u00a0le d\u00e9placement est un signal en soi\u00a0\u00bb, sans mentionner Donald Trump.\n<\/p>\n<p>\n Selon un sondage IFOP pour NYC.eu publi\u00e9 samedi, 77% des Fran\u00e7ais interrog\u00e9s et 56% des Am\u00e9ricains d\u00e9sapprouvent une annexion du Groenland par les Etats-Unis, et 43% des Fran\u00e7ais approuveraient un recours par la France \u00e0 la force militaire pour \u00e9viter une invasion am\u00e9ricaine.\n<\/p>\n<p>\n ENTRER DANS UNE NOUVELLE DIMENSION\n<\/p>\n<p>\n A l&rsquo;invitation de la Premi\u00e8re ministre danoise et du Premier ministre du Groenland, Emmanuel Macron visitera la capitale Nuuk ainsi qu&rsquo;une centrale hydro\u00e9lectrique financ\u00e9e par l&rsquo;union europ\u00e9enne et un glacier, et discutera avec ses h\u00f4tes de la s\u00e9curit\u00e9 et du changement climatique dans l&rsquo;Arctique.\n<\/p>\n<p>\n Le d\u00e9placement donnera \u00e9galement l&rsquo;opportunit\u00e9, selon le conseiller pr\u00e9sidentiel, de discuter de la mani\u00e8re de donner \u00ab\u00a0une nouvelle dimension\u00a0\u00bb au partenariat entre le Groenland et l&rsquo;Union europ\u00e9enne.\n<\/p>\n<p>\n La Premi\u00e8re ministre danoise Mette Frederiksen s&rsquo;est rendue plusieurs fois \u00e0 Paris apr\u00e8s les menaces de Donald Trump pour s&rsquo;assurer du soutien fran\u00e7ais et europ\u00e9en, et a pass\u00e9 commande de missiles sol-air de fabrication fran\u00e7aise.\n<\/p>\n<p>\n La visite d&rsquo;Emmanuel Macron constituera pour Copenhague, historiquement l&rsquo;un des alli\u00e9s les plus loyaux aux Etats-Unis au sein de l&rsquo;Europe, de se pr\u00e9parer \u00e0 une forme de r\u00e9ponse plus ferme vis-\u00e0-vis d&rsquo;Etats-Unis devenus soudain plus agressifs, commente Florian Vidal du think-tank fran\u00e7ais IFRI.\n<\/p>\n<p>\n \u00ab\u00a0La posture plus agressive de l&rsquo;administration Trump est un choc qui fait appara\u00eetre la vision fran\u00e7aise de l&rsquo;Europe, o\u00f9 celle-ci est plus autonome, comme plus raisonnable aux yeux du Danemark\u00a0\u00bb, dit-il. \u00ab\u00a0Du point de vue scandinave, la France est une puissance militaire qui compte.\u00a0\u00bb\n<\/p>\n<p>\n Le Premier ministre du Groenland, Jens-Frederik Nielsen, a \u00e9galement salu\u00e9 cette semaine sur Facebook le soutien de la France, \u00ab\u00a0\u00e0 la fois n\u00e9cessaire et gratifiant\u00a0\u00bb. Le chancelier allemand Friedrich Merz a lui aussi assur\u00e9 que son pays \u00e9paulerait le Danemark sur la question du Groenland.\n<\/p>\n<p>\n Lors d&rsquo;une visite sur l&rsquo;\u00eele en mars, le vice-pr\u00e9sident am\u00e9ricain JD Vance a accus\u00e9 le Danemark, un des alli\u00e9s membres de l&rsquo;Otan, de ne pas faire son travail pour garantir la s\u00e9curit\u00e9 du Groenland et sugg\u00e9r\u00e9 que les Etats-Unis se chargeraient mieux de cette mission.\n<\/p>\n<p>\n Pour les dirigeants du Danemark et du Groenland, seuls les habitants de l&rsquo;\u00eele peuvent d\u00e9cider de son avenir, et la constitution danoise pr\u00e9voit pour le Groenland un droit d&rsquo;envisager son ind\u00e9pendance.\n<\/p>\n<p>\n Le souverain danois, le roi Frederik X, tr\u00e8s populaire au Groenland, s&rsquo;est rendu sur place fin avril pour une d\u00e9monstration d&rsquo;unit\u00e9 face au conflit diplomatique avec Donald Trump. En vertu d&rsquo;un accord de 1951 entre le Danemark et les Etats-Unis, ceux-ci ont le droit de construire des bases militaires au Groenland, \u00e0 condition que l&rsquo;\u00eele et le Danemark en soient notifi\u00e9s.\n<\/p>\n<p>\n (Michel Rose, avec Stine Jacobsen \u00e0 Copenhague et Andreas Rinke \u00e0 Berlin, version fran\u00e7aise Gilles Guillaume)<\/p>\n","protected":false},"excerpt":{"rendered":"Le pr\u00e9sident fran\u00e7ais Emmanuel Macron tient une conf\u00e9rence de presse au Palais de l&rsquo;\u00c9lys\u00e9e, \u00e0 Paris par Michel&hellip;\n","protected":false},"author":2,"featured_media":177381,"comment_status":"","ping_status":"","sticky":false,"template":"","format":"standard","meta":{"footnotes":""},"categories":[1586],"tags":[400,11,398,408,405,1777,674,1011,27,403,402,399,404,12,25,401,406,407],"class_list":{"0":"post-177380","1":"post","2":"type-post","3":"status-publish","4":"format-standard","5":"has-post-thumbnail","7":"category-europe","8":"tag-action-cac-40","9":"tag-actualites","10":"tag-bourse-de-paris","11":"tag-boursorama","12":"tag-cotations","13":"tag-eu","14":"tag-europe","15":"tag-fr","16":"tag-france","17":"tag-indices-devises","18":"tag-investir","19":"tag-investissement","20":"tag-marche-boursier","21":"tag-news","22":"tag-republique-francaise","23":"tag-sicav","24":"tag-trackers","25":"tag-warrants"},"share_on_mastodon":{"url":"https:\/\/pubeurope.com\/@fr\/114685119265918761","error":""},"_links":{"self":[{"href":"https:\/\/www.europesays.com\/fr\/wp-json\/wp\/v2\/posts\/177380","targetHints":{"allow":["GET"]}}],"collection":[{"href":"https:\/\/www.europesays.com\/fr\/wp-json\/wp\/v2\/posts"}],"about":[{"href":"https:\/\/www.europesays.com\/fr\/wp-json\/wp\/v2\/types\/post"}],"author":[{"embeddable":true,"href":"https:\/\/www.europesays.com\/fr\/wp-json\/wp\/v2\/users\/2"}],"replies":[{"embeddable":true,"href":"https:\/\/www.europesays.com\/fr\/wp-json\/wp\/v2\/comments?post=177380"}],"version-history":[{"count":0,"href":"https:\/\/www.europesays.com\/fr\/wp-json\/wp\/v2\/posts\/177380\/revisions"}],"wp:featuredmedia":[{"embeddable":true,"href":"https:\/\/www.europesays.com\/fr\/wp-json\/wp\/v2\/media\/177381"}],"wp:attachment":[{"href":"https:\/\/www.europesays.com\/fr\/wp-json\/wp\/v2\/media?parent=177380"}],"wp:term":[{"taxonomy":"category","embeddable":true,"href":"https:\/\/www.europesays.com\/fr\/wp-json\/wp\/v2\/categories?post=177380"},{"taxonomy":"post_tag","embeddable":true,"href":"https:\/\/www.europesays.com\/fr\/wp-json\/wp\/v2\/tags?post=177380"}],"curies":[{"name":"wp","href":"https:\/\/api.w.org\/{rel}","templated":true}]}}