{"id":177382,"date":"2025-06-15T02:53:11","date_gmt":"2025-06-15T02:53:11","guid":{"rendered":"https:\/\/www.europesays.com\/fr\/177382\/"},"modified":"2025-06-15T02:53:11","modified_gmt":"2025-06-15T02:53:11","slug":"multimedia-lue-peine-a-conclure-un-accord-commercial-avec-les-etats-unis-avant-le-9-juillet-dans-un-contexte-de-tensions-tarifaires-xinhua","status":"publish","type":"post","link":"https:\/\/www.europesays.com\/fr\/177382\/","title":{"rendered":"(Multim\u00e9dia) L&rsquo;UE peine \u00e0 conclure un accord commercial avec les Etats-Unis avant le 9 juillet dans un contexte de tensions tarifaires &#8211; Xinhua"},"content":{"rendered":"<p><img decoding=\"async\" controls=\"controls\" src=\"https:\/\/www.europesays.com\/fr\/wp-content\/uploads\/2025\/06\/2025061591c8c76928844cb490143891cf09c3b5_XxjifrF007012_20250615_CBMFN0A001.JPG\"\/>Photo prise le 29 janvier 2025 du b\u00e2timent Berlaymont, le si\u00e8ge de la Commission europ\u00e9enne, \u00e0 Bruxelles, en Belgique. (Xinhua\/Meng Dingbo)<\/p>\n<p><strong>La pr\u00e9sidente de la Commission europ\u00e9enne Ursula von der Leyen a r\u00e9it\u00e9r\u00e9 samedi l&rsquo;engagement de l&rsquo;Union europ\u00e9enne (UE) \u00e0 parvenir \u00e0 un \u00ab\u00a0bon\u00a0\u00bb accord commercial avec les Etats-Unis avant le 9 juillet lors d&rsquo;un appel t\u00e9l\u00e9phonique avec le pr\u00e9sident am\u00e9ricain Donald Trump.<\/strong><\/p>\n<p>BRUXELLES, 14 juin (Xinhua) &#8212; La pr\u00e9sidente de la Commission europ\u00e9enne Ursula von der Leyen a r\u00e9it\u00e9r\u00e9 samedi l&rsquo;engagement de l&rsquo;Union europ\u00e9enne (UE) \u00e0 parvenir \u00e0 un \u00ab\u00a0bon\u00a0\u00bb accord commercial avec les Etats-Unis avant le 9 juillet lors d&rsquo;un appel t\u00e9l\u00e9phonique avec le pr\u00e9sident am\u00e9ricain Donald Trump.<\/p>\n<p>Dans un message publi\u00e9 sur X, Mme von der Leyen a d\u00e9clar\u00e9 qu&rsquo;elle avait eu un \u00ab\u00a0bon appel avec le pr\u00e9sident Trump avant le sommet du G7\u00a0\u00bb.<\/p>\n<p>La d\u00e9cision du gouvernement des Etats-Unis de porter \u00e0 50% les droits de douane sur les importations d&rsquo;acier et d&rsquo;aluminium est entr\u00e9e en vigueur au d\u00e9but du mois, aggravant un diff\u00e9rend commercial qui a suscit\u00e9 de vives inqui\u00e9tudes chez les fabricants europ\u00e9ens, qui avertissent que les nouveaux droits de douane \u00e9lev\u00e9s pourraient causer un pr\u00e9judice important au secteur.<\/p>\n<p>Le 26 mai, le commissaire europ\u00e9en au Commerce et \u00e0 la S\u00e9curit\u00e9 \u00e9conomique, Maros Sefcovic, a fait des commentaires similaires apr\u00e8s que M. Trump a estim\u00e9 que les n\u00e9gociations avec le bloc de 27 membres n&rsquo;allaient nulle part et a menac\u00e9 d&rsquo;imposer des droits de douane de 50% sur toutes les importations de l&rsquo;UE \u00e0 partir du 1er juin. A la suite d&rsquo;un appel de Mme von der Leyen, M. Trump a accept\u00e9 de reporter l&rsquo;augmentation pr\u00e9vue des droits de douane au 9 juillet.<\/p>\n<p>Selon le message publi\u00e9 samedi par Mme von der Leyen, elle et M. Trump ont \u00e9galement discut\u00e9 de la situation au Moyen-Orient et en Ukraine au cours de leur entretien t\u00e9l\u00e9phonique.<\/p>\n","protected":false},"excerpt":{"rendered":"Photo prise le 29 janvier 2025 du b\u00e2timent Berlaymont, le si\u00e8ge de la Commission europ\u00e9enne, \u00e0 Bruxelles, en&hellip;\n","protected":false},"author":2,"featured_media":177383,"comment_status":"","ping_status":"","sticky":false,"template":"","format":"standard","meta":{"footnotes":""},"categories":[1586],"tags":[11,2388,73,1777,674,1779,1011,27,12,25,1778,364],"class_list":{"0":"post-177382","1":"post","2":"type-post","3":"status-publish","4":"format-standard","5":"has-post-thumbnail","7":"category-europe","8":"tag-actualites","9":"tag-droits-de-douane","10":"tag-etats-unis","11":"tag-eu","12":"tag-europe","13":"tag-european-union","14":"tag-fr","15":"tag-france","16":"tag-news","17":"tag-republique-francaise","18":"tag-ue","19":"tag-union-europeenne"},"share_on_mastodon":{"url":"https:\/\/pubeurope.com\/@fr\/114685123209621044","error":""},"_links":{"self":[{"href":"https:\/\/www.europesays.com\/fr\/wp-json\/wp\/v2\/posts\/177382","targetHints":{"allow":["GET"]}}],"collection":[{"href":"https:\/\/www.europesays.com\/fr\/wp-json\/wp\/v2\/posts"}],"about":[{"href":"https:\/\/www.europesays.com\/fr\/wp-json\/wp\/v2\/types\/post"}],"author":[{"embeddable":true,"href":"https:\/\/www.europesays.com\/fr\/wp-json\/wp\/v2\/users\/2"}],"replies":[{"embeddable":true,"href":"https:\/\/www.europesays.com\/fr\/wp-json\/wp\/v2\/comments?post=177382"}],"version-history":[{"count":0,"href":"https:\/\/www.europesays.com\/fr\/wp-json\/wp\/v2\/posts\/177382\/revisions"}],"wp:featuredmedia":[{"embeddable":true,"href":"https:\/\/www.europesays.com\/fr\/wp-json\/wp\/v2\/media\/177383"}],"wp:attachment":[{"href":"https:\/\/www.europesays.com\/fr\/wp-json\/wp\/v2\/media?parent=177382"}],"wp:term":[{"taxonomy":"category","embeddable":true,"href":"https:\/\/www.europesays.com\/fr\/wp-json\/wp\/v2\/categories?post=177382"},{"taxonomy":"post_tag","embeddable":true,"href":"https:\/\/www.europesays.com\/fr\/wp-json\/wp\/v2\/tags?post=177382"}],"curies":[{"name":"wp","href":"https:\/\/api.w.org\/{rel}","templated":true}]}}