{"id":177406,"date":"2025-06-15T03:08:18","date_gmt":"2025-06-15T03:08:18","guid":{"rendered":"https:\/\/www.europesays.com\/fr\/177406\/"},"modified":"2025-06-15T03:08:18","modified_gmt":"2025-06-15T03:08:18","slug":"ca-me-donne-envie-decrire-des-livres-a-vannes-700-eleves-decouvrent-le-metier-maville","status":"publish","type":"post","link":"https:\/\/www.europesays.com\/fr\/177406\/","title":{"rendered":"\u00ab \u00c7a me donne envie d&#039;\u00e9crire des livres \u00bb : \u00e0 Vannes, 700 \u00e9l\u00e8ves d\u00e9couvrent le m\u00e9tier &#8211; Maville"},"content":{"rendered":"<ol>\n<li><a href=\"https:\/\/news.google.com\/rss\/articles\/CBMi6gFBVV95cUxQbjdNdXFXNjlPZHprNnZncDN0Mmc2Z25OMWhxTmdxVU5kREJvRjdrSGJhSGNFek9fTlRpUWRBRlozZGhER1J1NFVUT29EUDZ6MkdmWHhEMWZ6Y21WTzVxa1pLdm9NakVoT1VhVl9VUGVzTEkxZDlqTnZuWjVkMHBlcFZzNTM2Rm14VkViclJDc3RJY0wtcVUtVGJ6QUJkVjh3c1hZZHhvM2h5N3ktSTQwUVFDaEZEeGJBcDUxWjZ3dDJhYWRmaVlZRWV4UTIyRXVSSzRwU2o1Yi1vNGpYT2Z5VXNzbWR4R0Q1c1E?oc=5\" target=\"_blank\" rel=\"noopener\">\u00ab \u00c7a me donne envie d&rsquo;\u00e9crire des livres \u00bb : \u00e0 Vannes, 700 \u00e9l\u00e8ves d\u00e9couvrent le m\u00e9tier<\/a>&nbsp;&nbsp;Maville<\/li>\n<li><a href=\"https:\/\/news.google.com\/rss\/articles\/CBMirwJBVV95cUxQSGF5ek15aUlPdS1CS28yTFJkUi1GTGJUa0dtT0RfNmhZcTBxdjllOTd1U2xVVzBOS2dHUHhzTVM0cFAzaHdReVREd01mSUdXakdqbGxWX1JzaER6QmRKdWw4UWlNckpFTWVYT3VfSGMxRHFHa2tqRzRRczNuVFRSSk0xYnZQODZFSzJpSWVSQ2hsUy1OZzBGRHk3X0l4dGd4cVNYX01tc3lJZVdEVkxsS2xERFo1VjBsS1hndEoyanNNRkhCanJSazdmLUZGb3Y0RFRGd2E3bkd5RmZPeDBzTGtjMGE5OFRXV0NsaTUxeURsOXZJOXY0cW1aYnNUdFlyNFYzME5pd1FBMnRPYjhYMU9SZnBCQ3RoWkY5alBtRHBXODVJUmtRQS1RQnoyaEk?oc=5\" target=\"_blank\" rel=\"noopener\">\u00ab Le polar, un bon outil pour explorer ce qui ne tourne pas rond dans la soci\u00e9t\u00e9 \u00bb : rencontre avec les ma\u00eetres du crime nordique au salon Livr\u2019\u00e0 Vannes<\/a>&nbsp;&nbsp;Le T\u00e9l\u00e9gramme<\/li>\n<li><a href=\"https:\/\/news.google.com\/rss\/articles\/CBMi6gFBVV95cUxPT2JSSWs0aW04MWVlZGJkMXU4ajBxNDJ2RWN0c1U3QXNDT2pobzBoVWw5TnRtTFhtRlA2Mll6MFhiZ0lNNjhlMXRPOVpTVHV5U2pXX1ZOYnpLZ2JjUnBGQnhUeTZ0TFk3d3FaamVIQlR3YzVwZDNod2s2ZzRxcEh6Tmk2dnNqbmJjU09XVXhHQ3ZLOWNaT3AwdEd4MTZSS3d4aElRVk00YXNsX0liTVF6SEpvT3U5SENBcnNFeHkyQ3Y0YWloSVI3SGROR0F2WWF0Y0hJdWNOMFBVUUprSmxWTXpCbF9RTTZSN3c?oc=5\" target=\"_blank\" rel=\"noopener\">\u00ab \u00c7a me donne envie d\u2019\u00e9crire des livres \u00bb : \u00e0 Vannes, 700 \u00e9l\u00e8ves d\u00e9couvrent le m\u00e9tier d\u2019\u00e9crivain<\/a>&nbsp;&nbsp;Maville<\/li>\n<li><a href=\"https:\/\/news.google.com\/rss\/articles\/CBMiwgFBVV95cUxQR1ljc2FTbzVEZmFLZFNrWW1DbnNJVU1WYzk1VUtielNlOEpCMXRhaHdzMkwwaTZJNGVnZ3Z5QS1uQ1VHYVBzOV8teFRadjYySXlqaEFKVVduZ0ZyZU1NWnh5Z2pLRzJRTHh5ZjcybENZSDRzQkI1YUM0ZmZCTW5reFlkdDZSNWxHM1hGeTBWNkRVNEE0N2R3a1hNemVtQnBkdXdLeGhTZHk3ZVllQVE4bEItY3Jma2ZqYWxwUnBIMERqZw?oc=5\" target=\"_blank\" rel=\"noopener\">Salon du livre \u00e0 Vannes : qui sont les laur\u00e9ats des trois prix litt\u00e9raires ?<\/a>&nbsp;&nbsp;Actu.fr<\/li>\n<li><a href=\"https:\/\/news.google.com\/rss\/articles\/CBMi_wFBVV95cUxQd3JkTGdYdGlOUHZPcU1fV051Qm1kRkFUM0MtNDBhbXlwLVFhQndDSmpaZkV0NFZJZmtwaFlhTnJUZ3FZQWxIVG5nbF9HUFdUV1htaFRRQnd6WDU5LWhuWTBMU3ktMW1VQ09fa25hOEItS2JaQURsM1dycUtRX05FM3VJZ3l6QUd3VTF5U01wU3owVnFYcGFaVFFySU9fUXdZSVBXbkpYaF9DQThYMHlDQkMwLWd3MGpIQldiMVN5cEpfci1SN3RQdlZwNGhadHR2YW5abDhiVXR0UTlwOVF3Qms0bjBrQ28xeEN2OW1NamVOWlhfRy0yVnFoWFptcG8?oc=5\" target=\"_blank\" rel=\"noopener\">\u00ab Le suspense, \u00e7a nous d\u00e9connecte \u00bb : les d\u00e9voreurs de polars en pincent pour Livr\u2019\u00e0 Vannes<\/a>&nbsp;&nbsp;Ouest-France<\/li>\n<\/ol>\n","protected":false},"excerpt":{"rendered":"\u00ab \u00c7a me donne envie d&rsquo;\u00e9crire des livres \u00bb : \u00e0 Vannes, 700 \u00e9l\u00e8ves d\u00e9couvrent le m\u00e9tier&nbsp;&nbsp;Maville \u00ab&hellip;\n","protected":false},"author":2,"featured_media":177407,"comment_status":"","ping_status":"","sticky":false,"template":"","format":"standard","meta":{"footnotes":""},"categories":[1357],"tags":[31354,11,1379,29584,58,7687,31353,2005,1121,59,20598,1011,27,1380,1781,12244,3165],"class_list":{"0":"post-177406","1":"post","2":"type-post","3":"status-publish","4":"format-standard","5":"has-post-thumbnail","7":"category-livres","8":"tag-31354","9":"tag-actualites","10":"tag-books","11":"tag-decouvrent","12":"tag-divertissement","13":"tag-donne","14":"tag-ecrire","15":"tag-ecrivain","16":"tag-eleves","17":"tag-entertainment","18":"tag-envie","19":"tag-fr","20":"tag-france","21":"tag-livres","22":"tag-lorient","23":"tag-metier","24":"tag-vannes"},"share_on_mastodon":{"url":"https:\/\/pubeurope.com\/@fr\/114685182201684657","error":""},"_links":{"self":[{"href":"https:\/\/www.europesays.com\/fr\/wp-json\/wp\/v2\/posts\/177406","targetHints":{"allow":["GET"]}}],"collection":[{"href":"https:\/\/www.europesays.com\/fr\/wp-json\/wp\/v2\/posts"}],"about":[{"href":"https:\/\/www.europesays.com\/fr\/wp-json\/wp\/v2\/types\/post"}],"author":[{"embeddable":true,"href":"https:\/\/www.europesays.com\/fr\/wp-json\/wp\/v2\/users\/2"}],"replies":[{"embeddable":true,"href":"https:\/\/www.europesays.com\/fr\/wp-json\/wp\/v2\/comments?post=177406"}],"version-history":[{"count":0,"href":"https:\/\/www.europesays.com\/fr\/wp-json\/wp\/v2\/posts\/177406\/revisions"}],"wp:featuredmedia":[{"embeddable":true,"href":"https:\/\/www.europesays.com\/fr\/wp-json\/wp\/v2\/media\/177407"}],"wp:attachment":[{"href":"https:\/\/www.europesays.com\/fr\/wp-json\/wp\/v2\/media?parent=177406"}],"wp:term":[{"taxonomy":"category","embeddable":true,"href":"https:\/\/www.europesays.com\/fr\/wp-json\/wp\/v2\/categories?post=177406"},{"taxonomy":"post_tag","embeddable":true,"href":"https:\/\/www.europesays.com\/fr\/wp-json\/wp\/v2\/tags?post=177406"}],"curies":[{"name":"wp","href":"https:\/\/api.w.org\/{rel}","templated":true}]}}