{"id":177412,"date":"2025-06-15T03:11:24","date_gmt":"2025-06-15T03:11:24","guid":{"rendered":"https:\/\/www.europesays.com\/fr\/177412\/"},"modified":"2025-06-15T03:11:24","modified_gmt":"2025-06-15T03:11:24","slug":"de-lunivers-de-john-wick-ballerina-le-film-cinemas-le-telegramme-quotidien-regional-de-bretagne","status":"publish","type":"post","link":"https:\/\/www.europesays.com\/fr\/177412\/","title":{"rendered":"De l&rsquo;univers de John Wick : Ballerina le film &#8211; Cin\u00e9mas &#8211; Le T\u00e9l\u00e9gramme : quotidien regional de Bretagne"},"content":{"rendered":"<p>Se d\u00e9roulant pendant John Wick : Parabellum, Ballerina suit la vengeance implacable d&rsquo;Eve Macarro (Ana de Armas) la nouvelle tueuse de l&rsquo;organisation Ruska Roma.<\/p>\n<p>Date de sortie : 04\/06\/2025De : Len WisemanActeurs : <\/p>\n<ul>\n<li>Ana de Armas<\/li>\n<li>Ian McShane<\/li>\n<li>Anjelica Huston<\/li>\n<li>Gabriel Byrne<\/li>\n<li>Lance Reddick<\/li>\n<li>Norman Reedus<\/li>\n<li>Sharon Duncan-Brewster<\/li>\n<li>Keanu Reeves<\/li>\n<\/ul>\n<p>Limite d&rsquo;age : Interdit aux &#8211; de 12 ans<\/p>\n<p>2h04 &#8211; Action &#8211; Etats-Unis<\/p>\n","protected":false},"excerpt":{"rendered":"Se d\u00e9roulant pendant John Wick : Parabellum, Ballerina suit la vengeance implacable d&rsquo;Eve Macarro (Ana de Armas) la&hellip;\n","protected":false},"author":2,"featured_media":40399,"comment_status":"","ping_status":"","sticky":false,"template":"","format":"standard","meta":{"footnotes":""},"categories":[1354],"tags":[12458,58,59,1346,1011,27,12457,1360],"class_list":{"0":"post-177412","1":"post","2":"type-post","3":"status-publish","4":"format-standard","5":"has-post-thumbnail","7":"category-films","8":"tag-cinemas","9":"tag-divertissement","10":"tag-entertainment","11":"tag-films","12":"tag-fr","13":"tag-france","14":"tag-homes","15":"tag-movies"},"share_on_mastodon":{"url":"https:\/\/pubeurope.com\/@fr\/114685194070472651","error":""},"_links":{"self":[{"href":"https:\/\/www.europesays.com\/fr\/wp-json\/wp\/v2\/posts\/177412","targetHints":{"allow":["GET"]}}],"collection":[{"href":"https:\/\/www.europesays.com\/fr\/wp-json\/wp\/v2\/posts"}],"about":[{"href":"https:\/\/www.europesays.com\/fr\/wp-json\/wp\/v2\/types\/post"}],"author":[{"embeddable":true,"href":"https:\/\/www.europesays.com\/fr\/wp-json\/wp\/v2\/users\/2"}],"replies":[{"embeddable":true,"href":"https:\/\/www.europesays.com\/fr\/wp-json\/wp\/v2\/comments?post=177412"}],"version-history":[{"count":0,"href":"https:\/\/www.europesays.com\/fr\/wp-json\/wp\/v2\/posts\/177412\/revisions"}],"wp:featuredmedia":[{"embeddable":true,"href":"https:\/\/www.europesays.com\/fr\/wp-json\/wp\/v2\/media\/40399"}],"wp:attachment":[{"href":"https:\/\/www.europesays.com\/fr\/wp-json\/wp\/v2\/media?parent=177412"}],"wp:term":[{"taxonomy":"category","embeddable":true,"href":"https:\/\/www.europesays.com\/fr\/wp-json\/wp\/v2\/categories?post=177412"},{"taxonomy":"post_tag","embeddable":true,"href":"https:\/\/www.europesays.com\/fr\/wp-json\/wp\/v2\/tags?post=177412"}],"curies":[{"name":"wp","href":"https:\/\/api.w.org\/{rel}","templated":true}]}}