{"id":177419,"date":"2025-06-15T03:15:08","date_gmt":"2025-06-15T03:15:08","guid":{"rendered":"https:\/\/www.europesays.com\/fr\/177419\/"},"modified":"2025-06-15T03:15:08","modified_gmt":"2025-06-15T03:15:08","slug":"les-technologies-actuelles-ne-sont-pas-fiables-pour-un-specialiste-de-lia-les-modeles-de-langage-atteignent-leurs-limites-futura-sciences-com","status":"publish","type":"post","link":"https:\/\/www.europesays.com\/fr\/177419\/","title":{"rendered":"\u00ab Les technologies actuelles ne sont pas fiables \u00bb : pour un sp\u00e9cialiste de l\u2019IA, les mod\u00e8les de langage atteignent leurs limites &#8211; futura-sciences.com"},"content":{"rendered":"<ol>\n<li><a href=\"https:\/\/news.google.com\/rss\/articles\/CBMi-gFBVV95cUxPWWR2LUxQalVYeUtBVEg2WjBrRE8tRUlhSnktLV9lazhHNjJMbi03WHhadlJ1elE2TFJlNTBwYUVNYWRXZ3FPeW9Ydnh3X3NodWJWZXRkYnpwMHJFcExCWHI2VGxNb25zRm9GbjF3WEdFT3poSVA0OHl0aHM3S1dVWVNkMHBDQzNLaG1PVGdYNkI0X09NSjZuSVRwYUsyb05fWHBvLWpISHplRmNZcE1GdldKaGVKdGNyODhCVkNWQkR6N2pxWElIZUY5NUhId0ZRWEVwR1ByLWJDbjIyRVBDS1lmRENXRm5JOXFFamJpMmpEMjBQWVpSQkRR?oc=5\" target=\"_blank\" rel=\"nofollow noopener\">\u00ab Les technologies actuelles ne sont pas fiables \u00bb : pour un sp\u00e9cialiste de l\u2019IA, les mod\u00e8les de langage atteignent leurs limites<\/a>&nbsp;&nbsp;futura-sciences.com<\/li>\n<li><a href=\"https:\/\/news.google.com\/rss\/articles\/CBMiZ0FVX3lxTFBhbElqdjBtSTNIZm80bWlyV1JLY2czcDBnTWd3SjkzRHJ0Nm9QUHItY0RpcURnQzhka1lsamd3TmV4Q2ZpMy1aNjJERTByUm41a3IzMU56Vm1qRGNQVHNObkhRc2dubUE?oc=5\" target=\"_blank\" rel=\"nofollow noopener\">\u00ab L\u2019IA ne se heurte pas \u00e0 un mur. Mais les LLMs si \u00bb : Gary Marcus \u00e0 propos de la derni\u00e8re recherche d\u2019Apple<\/a>&nbsp;&nbsp;Le Grand Continent<\/li>\n<li><a href=\"https:\/\/news.google.com\/rss\/articles\/CBMi9AFBVV95cUxNZnBDUVhUZC1Ea1hLUE8xZFFvVzFWeks3LXNYeWlqeHZoTDlQeGtkZWF5NXBicDBhR2M1YW16bkx0WGNoa2ppakY1RzQ2RDhWWGlJX3JON1lDUUUzclhwbnlfUmlDYWJUUy1fbkR2X1paMXV5cUN6LTF0MFlBR1BlSHFtX3RYcVJTOWNyWFY2SHl3amd1NkFmZGN5U2JtQy00T1NRTnFfdXQ5RWppN3l6Ykt4ZmNUNE5iV3VYUmhMQVdtSTM2ekhQbng1NWFtMUVpLUpUQkhjYThWYktac3VjeGl1SlNDcm9SbEI4cGRmVGJVZ0Na?oc=5\" target=\"_blank\" rel=\"nofollow noopener\">Les ing\u00e9nieurs d&rsquo;Apple ont d\u00e9couvert que l&rsquo;IA sur laquelle ils travaillent est tr\u00e8s intelligente, mais qu&rsquo;elle leur ment<\/a>&nbsp;&nbsp;JeuxVideo.com<\/li>\n<li><a href=\"https:\/\/news.google.com\/rss\/articles\/CBMipAFBVV95cUxNSWlwV2ZsMEw0YzQ0QmY4Rk9uMGRSbjJ2blFFcFpBYVpEOU1zNXVRMjRsWGV4dW1mdDY3ZWJWUGdoMnVtaU5WTjZTV2h0OHFTZ2lILXhuZi0xeGNFU3BETi1XaE9yb28tYzU2dGU3ZTlNd2JkTGtGT25xR2FWaWthUUpaUkRYaVhza0QxRWdjbnZ4TEF2MGFGZzF5WWh3Zjlac2NNWg?oc=5\" target=\"_blank\" rel=\"nofollow noopener\">Apple Intelligence : comment l\u2019IA d\u2019Apple r\u00e9volutionne l\u2019exp\u00e9rience iPhone en 2025<\/a>&nbsp;&nbsp;lebigdata.fr<\/li>\n<li><a href=\"https:\/\/news.google.com\/rss\/articles\/CBMi7wFBVV95cUxNS2g0dW1UNUdjdUFwQUk2ekt5UjZWRUJBbFFKT2lTdnF1MjIxc1hXMU16ZC1LNkZlM054c21US3FwczhiaDVfTEUyeXRnU0hWdGV2amUyREpIX1cyUVRITlRCd3RJRFhZZWVsQ21RamQyVlBpWW04NTNsTmRkOENlV0hVdFBTRUVnNlo3OWwzZUNoOE1KUXRiRHlOcU5sVzhwVjJ2SEdNYmVSM1lrYjFwSFU4YW1RRy1tODM2WjlkakdNbjVIanRMXzFrOWhJeHdlWnRqaXhoaDdFSFNsaEFwSW1jTmp6ZHlCLVczUEdoUQ?oc=5\" target=\"_blank\" rel=\"nofollow noopener\">\u00ab\u00a0Nous ne voulons pas d\u00e9cevoir nos utilisateurs\u00a0\u00bb : un \u00e9minent dirigeant d&rsquo;Apple justifie une WWDC pauvre en nouveaut\u00e9s<\/a>&nbsp;&nbsp;Clubic<\/li>\n<\/ol>\n","protected":false},"excerpt":{"rendered":"\u00ab Les technologies actuelles ne sont pas fiables \u00bb : pour un sp\u00e9cialiste de l\u2019IA, les mod\u00e8les de&hellip;\n","protected":false},"author":2,"featured_media":1445,"comment_status":"","ping_status":"","sticky":false,"template":"","format":"standard","meta":{"footnotes":""},"categories":[7],"tags":[1011,27,43,40,41,39,42,44],"class_list":{"0":"post-177419","1":"post","2":"type-post","3":"status-publish","4":"format-standard","5":"has-post-thumbnail","7":"category-sciences-et-technologies","8":"tag-fr","9":"tag-france","10":"tag-science","11":"tag-science-and-technology","12":"tag-sciences","13":"tag-sciences-et-technologies","14":"tag-technologies","15":"tag-technology"},"share_on_mastodon":{"url":"https:\/\/pubeurope.com\/@fr\/114685209716294075","error":""},"_links":{"self":[{"href":"https:\/\/www.europesays.com\/fr\/wp-json\/wp\/v2\/posts\/177419","targetHints":{"allow":["GET"]}}],"collection":[{"href":"https:\/\/www.europesays.com\/fr\/wp-json\/wp\/v2\/posts"}],"about":[{"href":"https:\/\/www.europesays.com\/fr\/wp-json\/wp\/v2\/types\/post"}],"author":[{"embeddable":true,"href":"https:\/\/www.europesays.com\/fr\/wp-json\/wp\/v2\/users\/2"}],"replies":[{"embeddable":true,"href":"https:\/\/www.europesays.com\/fr\/wp-json\/wp\/v2\/comments?post=177419"}],"version-history":[{"count":0,"href":"https:\/\/www.europesays.com\/fr\/wp-json\/wp\/v2\/posts\/177419\/revisions"}],"wp:featuredmedia":[{"embeddable":true,"href":"https:\/\/www.europesays.com\/fr\/wp-json\/wp\/v2\/media\/1445"}],"wp:attachment":[{"href":"https:\/\/www.europesays.com\/fr\/wp-json\/wp\/v2\/media?parent=177419"}],"wp:term":[{"taxonomy":"category","embeddable":true,"href":"https:\/\/www.europesays.com\/fr\/wp-json\/wp\/v2\/categories?post=177419"},{"taxonomy":"post_tag","embeddable":true,"href":"https:\/\/www.europesays.com\/fr\/wp-json\/wp\/v2\/tags?post=177419"}],"curies":[{"name":"wp","href":"https:\/\/api.w.org\/{rel}","templated":true}]}}