{"id":177422,"date":"2025-06-15T03:17:10","date_gmt":"2025-06-15T03:17:10","guid":{"rendered":"https:\/\/www.europesays.com\/fr\/177422\/"},"modified":"2025-06-15T03:17:10","modified_gmt":"2025-06-15T03:17:10","slug":"etats-unis-une-elue-et-son-mari-tues-le-gouverneur-democrate-denonce-un-acte-de-violence-politique-mediapart","status":"publish","type":"post","link":"https:\/\/www.europesays.com\/fr\/177422\/","title":{"rendered":"\u00c9tats-Unis : une \u00e9lue et son mari tu\u00e9s, le gouverneur d\u00e9mocrate d\u00e9nonce un \u00ab acte de violence politique &#8211; Mediapart"},"content":{"rendered":"<ol>\n<li><a href=\"https:\/\/news.google.com\/rss\/articles\/CBMi5wFBVV95cUxPMUdld285bUd2RGNsTjV6R2EwQU43R0tacy1VSlpudGxGZVBfYkhsdlJSdm9xdm5LVVJBM2ZvQVNBVFJOTjFJZUdLVThKUTU3QW12NDUwSEp3bDJvaklNUHBKWDlGS2ttUW85X2FyZUNpU0RPU2gweDdkMHNBSWRVQlRobnZuUUw3QWlnSFpPU1BnYmVOM1VKX3A2dFAtM3J4UlJuMzhBbmp2aGx1SHVEUldqcTNFc3FkdzR6NlRUVHItdFliOFNqQ3BremxtZEdEdHZmYVFWVjFxeDlfT2tXN1ctUE1hVTg?oc=5\" target=\"_blank\" rel=\"noopener\">\u00c9tats-Unis : une \u00e9lue et son mari tu\u00e9s, le gouverneur d\u00e9mocrate d\u00e9nonce un \u00ab acte de violence politique<\/a>&nbsp;&nbsp;Mediapart<\/li>\n<li><a href=\"https:\/\/news.google.com\/rss\/articles\/CBMizgFBVV95cUxPYlRHN3ltWnlWLTdTNnYxZlFheHIwSnhNNU1QSWJLRER0LWpQZFpuZ29aa2t3bDdjeUVWenBST3g0LUJqdmdrbTRFZGgtdnhEbEJmamhLdlVwalBRVWo4RU9HQVhXbVJYVVVXOTRWOTB6eGFmb0JVT1NOdWlmd1MxZm1oR3N1WlNzUXcwYmdmc0w2dks2NVFWMXROR1FUTXZWbFAtbkZNZkpxcXNXQzJTRi1lOEdseUVGVUVQaFp3S2Z3NGVWTzc5RXlNaEY0UQ?oc=5\" target=\"_blank\" rel=\"noopener\">\u00c9tats-Unis : une \u00e9lue locale et son mari tu\u00e9s, un s\u00e9nateur et sa femme gravement bless\u00e9s, le suspect activement recherch\u00e9<\/a>&nbsp;&nbsp;Le Figaro<\/li>\n<li><a href=\"https:\/\/news.google.com\/rss\/articles\/CBMiqgJBVV95cUxNS3U0R1M5QTQyT0ExazE1OThYSzNQdEdzQnRFOWRIeE4yMzhyaFJadDB4OVdpbjA4MlZOM1pKU0dWZURsTnhualRyTzZfR0otUDd2MkVKajV0VjVnZlMxdU01d3RMbGplMGFuZXdaNjFfWk9HLWZ4OU94QkI4U3JxeHRBV2taTE5rbERuRzNubzlxLVdBRlpYWmRVZlNHWi1YM181WmU1RlFTWlMydzJsOFZUSFpmb2ZCa09lMTgtcmpVVk9NdWpVZ28yZDd5SzdiZkRKZWlRS21ucnBTVFNmQ2xOelM1RTBpWEpZdUl0UGN5NnJMTzJoa3VVZDhFUXJYMkpWY19LRjF2Q01fRWR0Tnl3bUkwRFVSYjdiTnJULWJmZHR1VW9XajBn?oc=5\" target=\"_blank\" rel=\"noopener\">Aux Etats-Unis, une \u00e9lue d\u00e9mocrate du Minnesota tu\u00e9e, un s\u00e9nateur bless\u00e9, annonce le gouverneur de l&rsquo;Etat Tim Walz, qui d\u00e9nonce un \u00ab\u00a0acte de violence politique\u00a0\u00bb<\/a>&nbsp;&nbsp;France Info<\/li>\n<li><a href=\"https:\/\/news.google.com\/rss\/articles\/CBMimgJBVV95cUxOMVZzbWpwMnBkM2t2TkhZdEtZVGt4eG5FRFhuQU9ESUtZNG5RQ0tpd3RLLWNUVS03Vkl6S0RPbE5yWjJ6dnFCdFY0M1VoU1pVRnJVTWdXNDJOWHVfOWQ5cUtwelg5WFM0V25fNXVtOUVvLXB5ekw2ejRtbTliU19wZHdKRDhCeXU3bjBqanVWQ0lpSEhYWnJWVUJEVXRJQU1oY3lYY0R2NnBNTDFqUjJ3bThfNjlSOGtELUkwWFRqbzVWa1B0OW9SMGJSOVA2Y09CT2hrbVFFNHNCandwLUR2dGxOTlVRZTY4Xzl1a2NmMkJxT2tqWHZtanhmUzVNbnZESmswRW5zbDJVQmZpYW9VZ05ETm9wRjUxZEE?oc=5\" target=\"_blank\" rel=\"noopener\">Etats-Unis : chasse \u00e0 l\u2019homme, manifeste retrouv\u00e9\u2026 Ce que l\u2019on sait apr\u00e8s le meurtre d\u2019une \u00e9lue d\u00e9mocrate du Minnesota<\/a>&nbsp;&nbsp;Lib\u00e9ration<\/li>\n<li><a href=\"https:\/\/news.google.com\/rss\/articles\/CBMiywFBVV95cUxPOHN1MGFfVTFCZF9fNjNqczI4VFE1U0pMdG81eEpod1BJUmcyNUlBMmVtWmxTWkRKbTE5bWFGb3RJSEVxMHRKVG4ySUJaRHVsX0RCQ2QtdHp6ajNYX0ExWTBuWk00QVByR0NUVkY3MV8zR2F4RGxsMXBweEJBdkVNS2x1UmVoQWJIWHY4dkY2NXNHcG45OUdHRmlfNUwyeU9tMUt3SUxnQlpBVFFJNU9zZzBBNkEwNzhlRjhHMnVuZjRHZHl4T25sNC12RQ?oc=5\" target=\"_blank\" rel=\"noopener\">Aux Etats-Unis, la parade militaire de Trump endeuill\u00e9e par le meurtre &lsquo;politique&rsquo; d&rsquo;une \u00e9lue locale<\/a>&nbsp;&nbsp;tv5monde<\/li>\n<\/ol>\n","protected":false},"excerpt":{"rendered":"\u00c9tats-Unis : une \u00e9lue et son mari tu\u00e9s, le gouverneur d\u00e9mocrate d\u00e9nonce un \u00ab acte de violence politique&nbsp;&nbsp;Mediapart&hellip;\n","protected":false},"author":2,"featured_media":177423,"comment_status":"","ping_status":"","sticky":false,"template":"","format":"standard","meta":{"footnotes":""},"categories":[5],"tags":[11,782,75,1011,27,14,31217,12,28],"class_list":{"0":"post-177422","1":"post","2":"type-post","3":"status-publish","4":"format-standard","5":"has-post-thumbnail","7":"category-international","8":"tag-actualites","9":"tag-ameriques","10":"tag-donald-trump","11":"tag-fr","12":"tag-france","13":"tag-international","14":"tag-melissa-hortman","15":"tag-news","16":"tag-world"},"share_on_mastodon":{"url":"https:\/\/pubeurope.com\/@fr\/114685217664872004","error":""},"_links":{"self":[{"href":"https:\/\/www.europesays.com\/fr\/wp-json\/wp\/v2\/posts\/177422","targetHints":{"allow":["GET"]}}],"collection":[{"href":"https:\/\/www.europesays.com\/fr\/wp-json\/wp\/v2\/posts"}],"about":[{"href":"https:\/\/www.europesays.com\/fr\/wp-json\/wp\/v2\/types\/post"}],"author":[{"embeddable":true,"href":"https:\/\/www.europesays.com\/fr\/wp-json\/wp\/v2\/users\/2"}],"replies":[{"embeddable":true,"href":"https:\/\/www.europesays.com\/fr\/wp-json\/wp\/v2\/comments?post=177422"}],"version-history":[{"count":0,"href":"https:\/\/www.europesays.com\/fr\/wp-json\/wp\/v2\/posts\/177422\/revisions"}],"wp:featuredmedia":[{"embeddable":true,"href":"https:\/\/www.europesays.com\/fr\/wp-json\/wp\/v2\/media\/177423"}],"wp:attachment":[{"href":"https:\/\/www.europesays.com\/fr\/wp-json\/wp\/v2\/media?parent=177422"}],"wp:term":[{"taxonomy":"category","embeddable":true,"href":"https:\/\/www.europesays.com\/fr\/wp-json\/wp\/v2\/categories?post=177422"},{"taxonomy":"post_tag","embeddable":true,"href":"https:\/\/www.europesays.com\/fr\/wp-json\/wp\/v2\/tags?post=177422"}],"curies":[{"name":"wp","href":"https:\/\/api.w.org\/{rel}","templated":true}]}}