{"id":177424,"date":"2025-06-15T03:18:13","date_gmt":"2025-06-15T03:18:13","guid":{"rendered":"https:\/\/www.europesays.com\/fr\/177424\/"},"modified":"2025-06-15T03:18:13","modified_gmt":"2025-06-15T03:18:13","slug":"a-paris-les-manifestants-pour-la-palestine-demandent-aussi-la-liberation-de-yanis-mhamdi","status":"publish","type":"post","link":"https:\/\/www.europesays.com\/fr\/177424\/","title":{"rendered":"\u00c0 Paris, les manifestants pour la Palestine demandent aussi la lib\u00e9ration de Yanis Mhamdi"},"content":{"rendered":"\n<p> La lecture de ce contenu est susceptible d\u2019entra\u00eener un d\u00e9p\u00f4t de cookies de la part de l\u2019op\u00e9rateur tiers qui l\u2019h\u00e9berge. Compte-tenu des choix que vous avez exprim\u00e9s en mati\u00e8re de d\u00e9p\u00f4t de cookies, nous avons bloqu\u00e9 l\u2019affichage de ce contenu. Si vous souhaitez y acc\u00e9der, vous devez accepter la cat\u00e9gorie de cookies \u201cContenus tiers\u201d en cliquant sur le bouton ci-dessous. <\/p>\n<p> Lire la Vid\u00e9o              <\/p>\n<p class=\"asset asset-text\">POLITIQUE &#8211; Pression politique et syndicale. Des manifestants se sont rassembl\u00e9s ce samedi 14\u00a0juin un peu partout en France \u00e0 l\u2019appel de cinq syndicats, des partis de gauche, et des collectifs en faveur des droits des Palestiniens pour r\u00e9clamer la paix \u00e0\u00a0<a href=\"https:\/\/www.huffingtonpost.fr\/international\/video\/dans-gaza-les-habitants-celebrent-l-aid-el-kebir-sous-les-decombres-et-les-tirs_251070.html\" rel=\"nofollow noopener\" target=\"_blank\">Gaza<\/a>\u00a0et la <a href=\"https:\/\/www.huffingtonpost.fr\/international\/article\/emmanuel-macron-cible-par-israel-apres-ses-propos-sur-la-reconnaissance-d-un-etat-palestinien_250711.html\" rel=\"nofollow noopener\" target=\"_blank\">reconnaissance de l\u2019\u00c9tat de Palestine.<\/a><\/p>\n<p class=\"asset asset-text\">Plusieurs cort\u00e8ges, notamment celui organis\u00e9 \u00e0 Paris, ont mis l\u2019accent sur le sort de Yanis Mhamdi, journaliste pr\u00e9sent sur <a href=\"https:\/\/www.huffingtonpost.fr\/politique\/article\/l-affaire-de-la-flottille-de-gaza-vire-au-bras-de-fer-entre-lfi-et-le-gouvernement-y-compris-a-l-assemblee_251213.html\" rel=\"nofollow noopener\" target=\"_blank\">le navire Madleen<\/a>, toujours d\u00e9tenu en Isra\u00ebl, cinq jours apr\u00e8s son arrestation par les autorit\u00e9s. Selon son m\u00e9dia, Blast, il est \u00ab\u00a0enferm\u00e9 dans sa cellule, dans la prison de Givon, tout comme les deux co\u00e9quipiers de la Flottille restants, Pascal Mauri\u00e9ras, de nationalit\u00e9 fran\u00e7aise, et Marco Van Rennes, de nationalit\u00e9 hollandaise\u00a0\u00bb.<\/p>\n<p class=\"asset asset-text\">Dans la capitale, plusieurs membres de cette exp\u00e9dition symbolique et politique ont pris la parole devant les manifestants pour demander leur lib\u00e9ration sans condition, <strong>comme vous pouvez le voir dans la vid\u00e9o en t\u00eate d\u2019article.<\/strong> \u00ab\u00a0Beaucoup d\u2019entre vous sont l\u00e0 pour lui. Yanis \u00e9tait \u00e0 bord simplement pour faire son m\u00e9tier et, comme il l\u2019a \u00e9crit depuis ses ge\u00f4les isra\u00e9liennes, \u201cjournalism is not a crime\u201d\u00a0\u00bb, a notamment lanc\u00e9 \u00e0 la tribune Baptiste Andr\u00e9, m\u00e9decin sur le bateau, aux c\u00f4t\u00e9s notamment de <a href=\"https:\/\/www.huffingtonpost.fr\/international\/article\/rima-hassan-de-retour-en-france-son-vol-jerusalem-paris-ne-s-est-pas-passe-comme-prevu_251291.html\" rel=\"nofollow noopener\" target=\"_blank\">l\u2019\u00e9lue insoumise Rima Hassan.<\/a><\/p>\n<p>    <strong>Le retour de Yanis Mhamdi report\u00e9\u00a0?<\/strong>    <\/p>\n<p class=\"asset asset-text\">Au total, douze personnes (six Fran\u00e7ais, une Allemande, un Br\u00e9silien, un Turc, une Su\u00e9doise, un Espagnol et un N\u00e9erlandais) ont \u00e9t\u00e9 arr\u00eat\u00e9es lundi apr\u00e8s l\u2019arraisonnement par Isra\u00ebl de leur voilier, le Madleen, dans les eaux internationales, \u00e0 environ 185\u00a0km de la c\u00f4te de Gaza.\u00a0La plupart, dont Greta Thunberg et Rima Hassan, ont \u00e9t\u00e9 expuls\u00e9s d\u2019Isra\u00ebl plus t\u00f4t dans la semaine.<\/p>\n<p class=\"asset asset-text\">Toujours selon Blast, le retour de Yanis Mhamdi, pr\u00e9vu vendredi soir, a \u00e9t\u00e9 annul\u00e9 en raison de l\u2019attaque isra\u00e9lienne massive contre l\u2019Iran depuis la nuit de jeudi \u00e0 vendredi et \u00ab\u00a0la fermeture de l\u2019espace a\u00e9rien isra\u00e9lien qui s\u2019en est suivi\u00a0\u00bb. Dans ce contexte, plusieurs voix s\u2019\u00e9l\u00e8vent dans la classe politique, \u00e0 gauche, pour d\u00e9noncer son sort.<\/p>\n<p class=\"asset asset-text\">Sur les r\u00e9seaux sociaux, <a href=\"https:\/\/www.huffingtonpost.fr\/politique\/article\/gaza-jean-luc-melenchon-detourne-une-de-ses-celebres-phrases-pour-soutenir-rima-hassan_251247.html\" rel=\"nofollow noopener\" target=\"_blank\">Jean-Luc M\u00e9lenchon<\/a> fustige ainsi la \u00ab\u00a0honte et l\u2019abaissement\u00a0\u00bb de \u00ab\u00a0la Macronie\u00a0\u00bb qui \u00ab\u00a0abandonne [les deux Fran\u00e7ais] en prison\u00a0\u00bb. Dans son sillage, nombreux cadres de La France insoumise d\u00e9noncent une d\u00e9tention \u00ab\u00a0ill\u00e9gale\u00a0\u00bb sans r\u00e9action de la France. \u00ab\u00a0C\u2019est incompr\u00e9hensible que l\u2019\u00c9tat ne d\u00e9ploie pas tous les moyens possibles pour exiger sa lib\u00e9ration\u00a0\u00bb, cingle par exemple la d\u00e9put\u00e9e Claire Lejeune.<\/p>\n<p>    <strong>Associations, journalistes et politiques font pression<\/strong>    <\/p>\n<p class=\"asset asset-text\"><strong>\u00ab\u00a0<\/strong>Yanis Mhamdi, un journaliste qui faisait son travail sur la flottille en route pour Gaza, reste emprisonn\u00e9 en Isra\u00ebl. Deux autres passagers sont avec lui\u00a0\u00bb, d\u00e9plore de son c\u00f4t\u00e9 Cl\u00e9mentine Autain, d\u00e9put\u00e9e membre du groupe \u00e9colo, toujours sur les r\u00e9seaux sociaux, tandis que sa coll\u00e8gue Sandrine Rousseau appelle \u00e0 sa \u00ab\u00a0lib\u00e9ration\u00a0imm\u00e9diate.\u00a0\u00bb<\/p>\n<p class=\"asset asset-text\">En parall\u00e8le, plus de 200 organisations syndicales, soci\u00e9t\u00e9s de journalistes et journalistes ind\u00e9pendants ont sign\u00e9 <a href=\"https:\/\/www.liberation.fr\/idees-et-debats\/tribunes\/soutien-au-journaliste-de-blast-yanis-mhamdi-detenu-arbitrairement-en-israel-20250613_7XJ4QHFXSBBPPCFGXOQVUZ3V5M\/\" target=\"_blank\" rel=\"noopener nofollow\" title=\"Nouvelle fen\u00eatre\">une tribune dans Lib\u00e9ration<\/a> vendredi pour exiger la mobilisation de l\u2019\u00c9lys\u00e9e, arguant que la \u00ab\u00a0situation\u00a0\u00bb du journaliste \u00ab\u00a0soul\u00e8ve des questions graves\u00a0\u00bb.<\/p>\n<p class=\"asset asset-text\">\u00ab\u00a0Cette d\u00e9tention arbitraire s\u2019inscrit dans la continuit\u00e9 du\u00a0traitement des journalistes \u00e0 Gaza, syst\u00e9matiquement emp\u00each\u00e9s de faire leur travail, voire pris pour cible\u00a0\u00bb, \u00e9crivent les signataires, estimant \u00ab\u00a0impensable qu\u2019un journaliste fran\u00e7ais, mandat\u00e9 par son m\u00e9dia, soit priv\u00e9 de libert\u00e9 pour avoir simplement exerc\u00e9 son m\u00e9tier\u00a0\u00bb. Et d\u2019ajouter\u00a0: \u00ab\u00a0En assimilant un journaliste \u00e0 un militant, en entravant d\u00e9lib\u00e9r\u00e9ment le travail d\u2019un professionnel de l\u2019information, c\u2019est l\u2019ensemble de notre profession qui se trouve menac\u00e9e.\u00a0\u00bb<\/p>\n","protected":false},"excerpt":{"rendered":"La lecture de ce contenu est susceptible d\u2019entra\u00eener un d\u00e9p\u00f4t de cookies de la part de l\u2019op\u00e9rateur tiers&hellip;\n","protected":false},"author":2,"featured_media":177425,"comment_status":"","ping_status":"","sticky":false,"template":"","format":"standard","meta":{"footnotes":""},"categories":[4],"tags":[11,1011,27,2383,665,14,664,12,316,25],"class_list":{"0":"post-177424","1":"post","2":"type-post","3":"status-publish","4":"format-standard","5":"has-post-thumbnail","7":"category-france","8":"tag-actualites","9":"tag-fr","10":"tag-france","11":"tag-gauche","12":"tag-gaza","13":"tag-international","14":"tag-israel","15":"tag-news","16":"tag-politique","17":"tag-republique-francaise"},"share_on_mastodon":{"url":"https:\/\/pubeurope.com\/@fr\/114685221497625368","error":""},"_links":{"self":[{"href":"https:\/\/www.europesays.com\/fr\/wp-json\/wp\/v2\/posts\/177424","targetHints":{"allow":["GET"]}}],"collection":[{"href":"https:\/\/www.europesays.com\/fr\/wp-json\/wp\/v2\/posts"}],"about":[{"href":"https:\/\/www.europesays.com\/fr\/wp-json\/wp\/v2\/types\/post"}],"author":[{"embeddable":true,"href":"https:\/\/www.europesays.com\/fr\/wp-json\/wp\/v2\/users\/2"}],"replies":[{"embeddable":true,"href":"https:\/\/www.europesays.com\/fr\/wp-json\/wp\/v2\/comments?post=177424"}],"version-history":[{"count":0,"href":"https:\/\/www.europesays.com\/fr\/wp-json\/wp\/v2\/posts\/177424\/revisions"}],"wp:featuredmedia":[{"embeddable":true,"href":"https:\/\/www.europesays.com\/fr\/wp-json\/wp\/v2\/media\/177425"}],"wp:attachment":[{"href":"https:\/\/www.europesays.com\/fr\/wp-json\/wp\/v2\/media?parent=177424"}],"wp:term":[{"taxonomy":"category","embeddable":true,"href":"https:\/\/www.europesays.com\/fr\/wp-json\/wp\/v2\/categories?post=177424"},{"taxonomy":"post_tag","embeddable":true,"href":"https:\/\/www.europesays.com\/fr\/wp-json\/wp\/v2\/tags?post=177424"}],"curies":[{"name":"wp","href":"https:\/\/api.w.org\/{rel}","templated":true}]}}