{"id":177426,"date":"2025-06-15T03:19:11","date_gmt":"2025-06-15T03:19:11","guid":{"rendered":"https:\/\/www.europesays.com\/fr\/177426\/"},"modified":"2025-06-15T03:19:11","modified_gmt":"2025-06-15T03:19:11","slug":"cj-egan-riley-debarque-a-lom-officiel","status":"publish","type":"post","link":"https:\/\/www.europesays.com\/fr\/177426\/","title":{"rendered":"CJ Egan-Riley d\u00e9barque \u00e0 l\u2019OM (officiel)"},"content":{"rendered":"<p>L\u2019Olympique de Marseille vient d\u2019annoncer l\u2019arriv\u00e9e du d\u00e9fenseur CJ Egan-Riley en provenance de Burnley. L\u2019Anglais rejoindra Marseille \u00e0 l\u2019issue de l\u2019Euro U21.<\/p>\n<p class=\"fig-paragraph\">L&rsquo;<a href=\"http:\/\/www.lefigaro.fr\/sports\/football\/ligue-1\/ligue-1-je-n-ai-pas-envie-de-m-avancer-sur-ce-qui-va-se-passer-la-saison-prochaine-rabiot-met-le-doute-sur-son-avenir-a-l-olympique-de-marseille-20250519\" data-fig-type=\"NewsFlash\" data-gtm-custom-categorie=\"navigation\" data-gtm-custom-action=\"crossclick\" data-gtm-custom-label=\"Contextuel\" data-gtm-event=\"customEventSPE\" data-fig-domain=\"LEFIGARO\" target=\"_blank\" rel=\"noopener\">Olympique de Marseille<\/a>\u00a0a annonc\u00e9 samedi l&rsquo;arriv\u00e9e du d\u00e9fenseur central anglais Conrad Jaden Egan-Riley, qui \u00e9tait en fin de contrat avec Burnley, club de deuxi\u00e8me division anglaise,\u00a0<a href=\"http:\/\/www.lefigaro.fr\/sports\/football\/transferts\/mercato-l-om-mise-sur-deux-internationaux-anglais-pour-lancer-son-ete-20250611\" data-fig-type=\"NewsFlash\" data-gtm-custom-categorie=\"navigation\" data-gtm-custom-action=\"crossclick\" data-gtm-custom-label=\"Contextuel\" data-gtm-event=\"customEventSPE\" data-fig-domain=\"LEFIGARO\" target=\"_blank\" rel=\"noopener\">2e recrue de l&rsquo;\u00e9t\u00e9<\/a>\u00a0destin\u00e9e \u00e0 renforcer sa d\u00e9fense. \u00abLe d\u00e9fenseur, international Espoirs anglais de 22 ans, s&rsquo;est engag\u00e9 avec le club olympien apr\u00e8s le succ\u00e8s de sa visite m\u00e9dicale\u00bb, \u00e9crit l&rsquo;OM dans son communiqu\u00e9 qui n&rsquo;a pas souhait\u00e9 pr\u00e9ciser pour combien de temps il s&rsquo;engageait.<\/p>\n<p class=\"fig-paragraph\">D\u00e9crit comme \u00absolide et habile relanceur\u00bb, il est \u00abpolyvalent et capable d&rsquo;\u00e9voluer aussi bien dans l&rsquo;axe que sur le flanc droit de la d\u00e9fense\u00bb, rel\u00e8ve le club apr\u00e8s une saison o\u00f9 sa d\u00e9fense s&rsquo;est souvent montr\u00e9e f\u00e9brile. Egan-Riley est donc la deuxi\u00e8me recrue estivale de l&rsquo;OM apr\u00e8s le milieu de terrain Angel Gomes, anglais lui aussi. Marseille avait en effet annonc\u00e9 mercredi avoir trouv\u00e9 un accord pour la venue de l&rsquo;ancien Lillois, \u00e9galement en fin de contrat.<\/p>\n<p>Form\u00e9 \u00e0 Manchester City<\/p>\n<p class=\"fig-paragraph\">Le mercato d&rsquo;\u00e9t\u00e9 ouvre officiellement lundi en France, apr\u00e8s une premi\u00e8re fen\u00eatre de dix jours entre le 1er et le 10 juin, li\u00e9e \u00e0 la Coupe du Monde des Clubs. Egan-Riley participe actuellement \u00e0 l&rsquo;Euro Espoirs avec l&rsquo;\u00e9quipe d&rsquo;Angleterre. La saison derni\u00e8re \u00e0 Burnley, qui jouera cette saison en Premier League, il formait une charni\u00e8re tr\u00e8s imperm\u00e9able (16 buts encaiss\u00e9s en 44 journ\u00e9es) avec le Fran\u00e7ais Maxime Est\u00e8ve. Form\u00e9 \u00e0 Manchester City, il participera la saison prochaine \u00e0 la Ligue des champions avec l&rsquo;OM.<\/p>\n","protected":false},"excerpt":{"rendered":"L\u2019Olympique de Marseille vient d\u2019annoncer l\u2019arriv\u00e9e du d\u00e9fenseur CJ Egan-Riley en provenance de Burnley. L\u2019Anglais rejoindra Marseille \u00e0&hellip;\n","protected":false},"author":2,"featured_media":177427,"comment_status":"","ping_status":"","sticky":false,"template":"","format":"standard","meta":{"footnotes":""},"categories":[2],"tags":[11,69,2261,63,1011,27,3309,6201,453,66,446,16663,1434,12,149,70,67,969,10662],"class_list":{"0":"post-177426","1":"post","2":"type-post","3":"status-publish","4":"format-standard","5":"has-post-thumbnail","7":"category-actualites","8":"tag-actualites","9":"tag-bundesliga","10":"tag-calcio","11":"tag-football","12":"tag-fr","13":"tag-france","14":"tag-l1","15":"tag-l2","16":"tag-liga","17":"tag-ligue-1","18":"tag-ligue-2","19":"tag-manchester-city","20":"tag-mercato","21":"tag-news","22":"tag-om","23":"tag-premier-league","24":"tag-serie-a","25":"tag-transfert","26":"tag-transferts"},"share_on_mastodon":{"url":"https:\/\/pubeurope.com\/@fr\/114685225393326832","error":""},"_links":{"self":[{"href":"https:\/\/www.europesays.com\/fr\/wp-json\/wp\/v2\/posts\/177426","targetHints":{"allow":["GET"]}}],"collection":[{"href":"https:\/\/www.europesays.com\/fr\/wp-json\/wp\/v2\/posts"}],"about":[{"href":"https:\/\/www.europesays.com\/fr\/wp-json\/wp\/v2\/types\/post"}],"author":[{"embeddable":true,"href":"https:\/\/www.europesays.com\/fr\/wp-json\/wp\/v2\/users\/2"}],"replies":[{"embeddable":true,"href":"https:\/\/www.europesays.com\/fr\/wp-json\/wp\/v2\/comments?post=177426"}],"version-history":[{"count":0,"href":"https:\/\/www.europesays.com\/fr\/wp-json\/wp\/v2\/posts\/177426\/revisions"}],"wp:featuredmedia":[{"embeddable":true,"href":"https:\/\/www.europesays.com\/fr\/wp-json\/wp\/v2\/media\/177427"}],"wp:attachment":[{"href":"https:\/\/www.europesays.com\/fr\/wp-json\/wp\/v2\/media?parent=177426"}],"wp:term":[{"taxonomy":"category","embeddable":true,"href":"https:\/\/www.europesays.com\/fr\/wp-json\/wp\/v2\/categories?post=177426"},{"taxonomy":"post_tag","embeddable":true,"href":"https:\/\/www.europesays.com\/fr\/wp-json\/wp\/v2\/tags?post=177426"}],"curies":[{"name":"wp","href":"https:\/\/api.w.org\/{rel}","templated":true}]}}