{"id":177428,"date":"2025-06-15T03:20:32","date_gmt":"2025-06-15T03:20:32","guid":{"rendered":"https:\/\/www.europesays.com\/fr\/177428\/"},"modified":"2025-06-15T03:20:32","modified_gmt":"2025-06-15T03:20:32","slug":"firminy-comment-a-disparu-la-porte-de-la-vialle-dernier-vestige-des-remparts-de-la-ville","status":"publish","type":"post","link":"https:\/\/www.europesays.com\/fr\/177428\/","title":{"rendered":"Firminy. Comment a disparu la Porte de la Vialle, dernier vestige des remparts de la ville"},"content":{"rendered":"<p>Fils d\u2019une ancienne famille appelouse, membre de la Soci\u00e9t\u00e9 d\u2019histoire de Firminy, Ren\u00e9 Faure terminait souvent ses conversations autour de la Porte de la Vialle, dernier vestige des remparts.<\/p>\n<p>Lui remontaient alors en m\u00e9moire les souvenirs de sa jeunesse\u00a0: les entr\u00e9es et les sorties de l\u2019\u00e9cole Saint-Pierre, le ma\u00eetre qui accompagnait son rang jusqu\u2019\u00e0 la rue des \u00c9coles.<\/p>\n<p>Un plan de r\u00e9novation de l\u2019\u00eelot Saint-Pierre, dans les ann\u00e9es 1960<\/p>\n<p>Et tout ce petit monde s\u2019\u00e9gaillait en direction de la Porte de la Vialle ou de la place Saint-Pierre. Monsieur Moulin, le directeur, descendait parfois jusqu\u2019\u00e0 la place Marquise pour surveiller ceux qui tardaient \u00e0 rentrer chez eux. Et Dieu sait si les \u00e9l\u00e8ves le craignaient, avec sa silhouette massive et sa grosse moustache\u00a0! D\u00e8s qu\u2019il apparaissait, c\u2019\u00e9tait une envol\u00e9e de blouses ou&#8230;<\/p>\n","protected":false},"excerpt":{"rendered":"Fils d\u2019une ancienne famille appelouse, membre de la Soci\u00e9t\u00e9 d\u2019histoire de Firminy, Ren\u00e9 Faure terminait souvent ses conversations&hellip;\n","protected":false},"author":2,"featured_media":177429,"comment_status":"","ping_status":"","sticky":false,"template":"","format":"standard","meta":{"footnotes":""},"categories":[9653],"tags":[1111,11,2430,7539,1777,674,10282,10283,1011,27,937,12,25,4001,104],"class_list":{"0":"post-177428","1":"post","2":"type-post","3":"status-publish","4":"format-standard","5":"has-post-thumbnail","7":"category-saint-etienne","8":"tag-actu","9":"tag-actualites","10":"tag-auvergne-rhone-alpes","11":"tag-edition-loire-sud","12":"tag-eu","13":"tag-europe","14":"tag-firminy","15":"tag-firminy-ville","16":"tag-fr","17":"tag-france","18":"tag-histoire","19":"tag-news","20":"tag-republique-francaise","21":"tag-saint-etienne","22":"tag-societe"},"share_on_mastodon":{"url":"https:\/\/pubeurope.com\/@fr\/114685229397052880","error":""},"_links":{"self":[{"href":"https:\/\/www.europesays.com\/fr\/wp-json\/wp\/v2\/posts\/177428","targetHints":{"allow":["GET"]}}],"collection":[{"href":"https:\/\/www.europesays.com\/fr\/wp-json\/wp\/v2\/posts"}],"about":[{"href":"https:\/\/www.europesays.com\/fr\/wp-json\/wp\/v2\/types\/post"}],"author":[{"embeddable":true,"href":"https:\/\/www.europesays.com\/fr\/wp-json\/wp\/v2\/users\/2"}],"replies":[{"embeddable":true,"href":"https:\/\/www.europesays.com\/fr\/wp-json\/wp\/v2\/comments?post=177428"}],"version-history":[{"count":0,"href":"https:\/\/www.europesays.com\/fr\/wp-json\/wp\/v2\/posts\/177428\/revisions"}],"wp:featuredmedia":[{"embeddable":true,"href":"https:\/\/www.europesays.com\/fr\/wp-json\/wp\/v2\/media\/177429"}],"wp:attachment":[{"href":"https:\/\/www.europesays.com\/fr\/wp-json\/wp\/v2\/media?parent=177428"}],"wp:term":[{"taxonomy":"category","embeddable":true,"href":"https:\/\/www.europesays.com\/fr\/wp-json\/wp\/v2\/categories?post=177428"},{"taxonomy":"post_tag","embeddable":true,"href":"https:\/\/www.europesays.com\/fr\/wp-json\/wp\/v2\/tags?post=177428"}],"curies":[{"name":"wp","href":"https:\/\/api.w.org\/{rel}","templated":true}]}}