{"id":177430,"date":"2025-06-15T03:21:10","date_gmt":"2025-06-15T03:21:10","guid":{"rendered":"https:\/\/www.europesays.com\/fr\/177430\/"},"modified":"2025-06-15T03:21:10","modified_gmt":"2025-06-15T03:21:10","slug":"deux-adolescents-sont-morts-noyes-pres-de-saint-etienne","status":"publish","type":"post","link":"https:\/\/www.europesays.com\/fr\/177430\/","title":{"rendered":"deux adolescents sont morts noy\u00e9s pr\u00e8s de Saint-\u00c9tienne"},"content":{"rendered":"<p class=\"article-p mdl\">Ils avaient 14 et 15 ans. Deux jeunes ont perdu la vie, ce samedi 14 juin, dans une zone sauvage des bords de Loire, pr\u00e8s de Saint-\u00c9tienne. Un endroit interdit \u00e0 la baignade o\u00f9 les adolescents sont morts noy\u00e9s.\u00a0<\/p>\n<p class=\"article-p mdl\">Les victimes faisaient partie d&rsquo;un groupe d&rsquo;une quinzaine de gar\u00e7ons, selon la pr\u00e9fecture de la Loire. L&rsquo;un des deux adolescents est mort apr\u00e8s avoir <strong>tent\u00e9 de \u00ab\u00a0venir au secours\u00a0\u00bb de l&rsquo;autre<\/strong>, qui avait du mal \u00e0 \u00ab\u00a0regagner la rive\u00a0\u00bb apr\u00e8s avoir \u00ab\u00a0plong\u00e9 depuis un rocher\u00a0\u00bb, selon le r\u00e9cit de Ga\u00ebl Perdriau, le maire de Saint-\u00c9tienne, confirmant une information de nos confr\u00e8res du\u00a0<a class=\"link\" href=\"https:\/\/www.leprogres.fr\/faits-divers-justice\/2025\/06\/14\/deux-adolescents-meurent-noyes-dans-la-loire\" rel=\"nofollow noopener\" target=\"_blank\">Progr\u00e8s<\/a>. D&rsquo;apr\u00e8s le m\u00e9dia local, <strong>une enqu\u00eate a \u00e9t\u00e9 ouverte<\/strong>.\u00a0<\/p>\n<p class=\"article-p mdl\">Les deux corps sans vie ont \u00e9t\u00e9 rep\u00each\u00e9s \u00e0 sept et dix m\u00e8tres de profondeur. L&rsquo;une des victimes est d\u00e9c\u00e9d\u00e9e lors de son transfert vers l&rsquo;h\u00e9licopt\u00e8re du Samu, selon l&rsquo;\u00e9dile, qui s&rsquo;est rendu sur les lieux du drame. L&rsquo;autre adolescent n&rsquo;a pas pu \u00eatre ranim\u00e9 sur place. Une cellule psychologique a \u00e9t\u00e9 mise en place par le CHU de Saint-\u00c9tienne.<\/p>\n<p class=\"article-p mdl\">\u00ab\u00a0<strong>Ce drame suscite une tr\u00e8s forte \u00e9motion<\/strong> et rappelle, en cette p\u00e9riode de fortes chaleurs propices \u00e0 la baignade, que celle-ci comporte des risques et n\u00e9cessite d&rsquo;adopter les bons r\u00e9flexes pour les pr\u00e9venir\u00a0\u00bb, a indiqu\u00e9 sur X (ex-Twitter) le pr\u00e9fet de la Loire.<\/p>\n<blockquote class=\"twitter-tweet\">\n<p lang=\"fr\" dir=\"ltr\">Ce drame suscite une tr\u00e8s forte \u00e9motion et rappelle, en cette p\u00e9riode de fortes chaleurs propices \u00e0 la baignade, que celle-ci comporte des risques et n\u00e9cessite d&rsquo;adopter les bons r\u00e9flexes pour les pr\u00e9venir. <br \/>\u26a0\ufe0f \ud83c\udfca\ud83c\udffd\u200d\u2642\ufe0f Pratiquez toujours votre activit\u00e9 dans les zones autoris\u00e9es.<br \/>\ud83d\udcbb\u2026 <a href=\"https:\/\/t.co\/rapXFFNI3m\" rel=\"nofollow\">https:\/\/t.co\/rapXFFNI3m<\/a><\/p>\n<p>\u2014 Pr\u00e9fet de la Loire (@Prefecture42) <a href=\"https:\/\/twitter.com\/Prefecture42\/status\/1933931043125350461?ref_src=twsrc%5Etfw\" rel=\"nofollow noopener\" target=\"_blank\">June 14, 2025<\/a><\/p><\/blockquote>\n<p>    La r\u00e9daction vous recommande<\/p>\n<p class=\"s-newsletter__title\">\n                L\u2019actualit\u00e9 par la r\u00e9daction de RTL dans votre bo\u00eete mail.\n            <\/p>\n<p class=\"s-newsletter__subtitle\">\n                Gr\u00e2ce \u00e0 votre compte RTL abonnez-vous \u00e0 la newsletter RTL info pour suivre toute l&rsquo;actualit\u00e9 au quotidien\n            <\/p>\n<p>\n                                    Lire la suite\n                                <\/p>\n<p>                            <script async src=\"https:\/\/platform.twitter.com\/widgets.js\" charset=\"utf-8\"><\/script><\/p>\n","protected":false},"excerpt":{"rendered":"Ils avaient 14 et 15 ans. Deux jeunes ont perdu la vie, ce samedi 14 juin, dans une&hellip;\n","protected":false},"author":2,"featured_media":177431,"comment_status":"","ping_status":"","sticky":false,"template":"","format":"standard","meta":{"footnotes":""},"categories":[9653],"tags":[1111,11,2430,1777,674,118,107,1011,27,3367,12,7781,25,4001],"class_list":{"0":"post-177430","1":"post","2":"type-post","3":"status-publish","4":"format-standard","5":"has-post-thumbnail","7":"category-saint-etienne","8":"tag-actu","9":"tag-actualites","10":"tag-auvergne-rhone-alpes","11":"tag-eu","12":"tag-europe","13":"tag-faits-divers","14":"tag-fil-info","15":"tag-fr","16":"tag-france","17":"tag-loire","18":"tag-news","19":"tag-noyade","20":"tag-republique-francaise","21":"tag-saint-etienne"},"share_on_mastodon":{"url":"https:\/\/pubeurope.com\/@fr\/114685233246538916","error":""},"_links":{"self":[{"href":"https:\/\/www.europesays.com\/fr\/wp-json\/wp\/v2\/posts\/177430","targetHints":{"allow":["GET"]}}],"collection":[{"href":"https:\/\/www.europesays.com\/fr\/wp-json\/wp\/v2\/posts"}],"about":[{"href":"https:\/\/www.europesays.com\/fr\/wp-json\/wp\/v2\/types\/post"}],"author":[{"embeddable":true,"href":"https:\/\/www.europesays.com\/fr\/wp-json\/wp\/v2\/users\/2"}],"replies":[{"embeddable":true,"href":"https:\/\/www.europesays.com\/fr\/wp-json\/wp\/v2\/comments?post=177430"}],"version-history":[{"count":0,"href":"https:\/\/www.europesays.com\/fr\/wp-json\/wp\/v2\/posts\/177430\/revisions"}],"wp:featuredmedia":[{"embeddable":true,"href":"https:\/\/www.europesays.com\/fr\/wp-json\/wp\/v2\/media\/177431"}],"wp:attachment":[{"href":"https:\/\/www.europesays.com\/fr\/wp-json\/wp\/v2\/media?parent=177430"}],"wp:term":[{"taxonomy":"category","embeddable":true,"href":"https:\/\/www.europesays.com\/fr\/wp-json\/wp\/v2\/categories?post=177430"},{"taxonomy":"post_tag","embeddable":true,"href":"https:\/\/www.europesays.com\/fr\/wp-json\/wp\/v2\/tags?post=177430"}],"curies":[{"name":"wp","href":"https:\/\/api.w.org\/{rel}","templated":true}]}}