{"id":177436,"date":"2025-06-15T03:24:18","date_gmt":"2025-06-15T03:24:18","guid":{"rendered":"https:\/\/www.europesays.com\/fr\/177436\/"},"modified":"2025-06-15T03:24:18","modified_gmt":"2025-06-15T03:24:18","slug":"des-prix-sur-loutillage-et-le-materiel-pro","status":"publish","type":"post","link":"https:\/\/www.europesays.com\/fr\/177436\/","title":{"rendered":"des prix sur l\u2019outillage et le mat\u00e9riel pro !"},"content":{"rendered":"<p>\t\t\t\t\t\t\t\tEv\u00e9nement \u00e0 Prolians : Braderie tout public avec des prix sur l\u2019outillage et le mat\u00e9riel pro \u00e0 La Garde !<\/p>\n<p class=\"ai-optimize-8 ai-optimize-introduction\"><strong>La Braderie Prolians revient en force \u00e0 La Garde mercredi 25, jeudi 26 et vendredi 27 juin 2025.<\/strong><\/p>\n<p class=\"ai-optimize-8 ai-optimize-introduction\">Historiquement d\u00e9di\u00e9e aux professionnels du b\u00e2timent et de l\u2019industrie, cette op\u00e9ration s\u2019ouvre d\u00e9sormais aussi aux particuliers. Une excellente occasion de d\u00e9couvrir des produits d\u2019outillage de qualit\u00e9 professionnelle \u00e0 des prix imbattables. Situ\u00e9 avenue Joseph Lambot, le magasin Prolians La Garde vous accueillera d\u00e8s 7h30 pour un moment convivial et riche en bonnes affaires.<\/p>\n<p class=\"ai-optimize-6\"><strong>Info83 re\u00e7oit Olivier Perlo, chef des ventes magasins chez Prolians. Il nous pr\u00e9sente Prolians, une enseigne du Groupe Descours &amp; Cabaud et nous invite pour ces 3 jours exceptionnels de Braderie.<\/strong><\/p>\n<p><img loading=\"lazy\" decoding=\"async\" class=\"size-full wp-image-54294\" src=\"https:\/\/www.europesays.com\/fr\/wp-content\/uploads\/2025\/06\/braderie-prolians-olivier-perlo-info83.jpg\" alt=\"Braderie Prolians\" width=\"800\" height=\"407\"  \/>Info83 re\u00e7oit Olivier Perlo, chef des ventes magasins chez Prolians. Il nous pr\u00e9sente Prolians, une enseigne du Groupe Descours &amp; Cabaud et nous invite pour ces 3 jours exceptionnels de Braderie.<br \/>\nOutillage, s\u00e9curit\u00e9, \u00c9quipement de Protection Individuelle (EPI), travaux public\u2026 Des remises exceptionnelles sur des marques reconnues<\/p>\n<p class=\"ai-optimize-9\">Pendant trois jours, avec la braderie Prolians, profitez de prix cass\u00e9s sur une large gamme de produits.<br \/>Vous y trouverez de l\u2019\u00e9quipement de protection, de l\u2019\u00e9lectroportatif, du chauffage, de la climatisation et bien s\u00fbr, tout l\u2019univers de l\u2019outillage. Les gammes se renouvellent, et cette braderie permet d\u2019en faire profiter le plus grand nombre. Les grandes marques pros y sont repr\u00e9sent\u00e9es.<\/p>\n<blockquote>\n<p class=\"ai-optimize-9\">C\u2019est l\u2019opportunit\u00e9 id\u00e9ale pour s\u2019\u00e9quiper \u00e0 moindre co\u00fbt, que vous soyez artisan ou bricoleur averti.<\/p>\n<\/blockquote>\n<p><img loading=\"lazy\" decoding=\"async\" class=\"size-full wp-image-54291\" src=\"https:\/\/www.europesays.com\/fr\/wp-content\/uploads\/2025\/06\/prolians-braderie-outillage-juin2025-info83.jpg\" alt=\"Braderie Prolians\" width=\"567\" height=\"800\"  \/>Ev\u00e9nement \u00e0 Prolians : Braderie tout public avec des prix sur l\u2019outillage et le mat\u00e9riel pro \u00e0 La Garde ! Nettoyeur haute pression, d\u00e9coupeuse thermique, jeu de cl\u00e9s, plateforme, harnais, chaussures de s\u00e9curit\u00e9, blouson, bouchons d\u2019oreilles, tondeuse, brouette\u2026<br \/>\nUne braderie conviviale au c\u0153ur de votre r\u00e9gion PACA<\/p>\n<p class=\"ai-optimize-10\">Ce rendez-vous est aussi l\u2019occasion de mieux conna\u00eetre le r\u00e9seau Prolians, fort de 280 points de vente en France. Le magasin de La Garde, proche de Toulon, est le plus grand de la r\u00e9gion, et donne le coup d\u2019envoi de cette nouvelle dynamique. La Braderie Prolians permet \u00e0 tous \u2014 professionnels comme particuliers \u2014 de d\u00e9couvrir l\u2019\u00e9tendue de l\u2019offre, la qualit\u00e9 des produits et l\u2019expertise de ses \u00e9quipes.<\/p>\n<p>En r\u00e9sum\u00e9 : BRADERIE PROLIANS \u2013 LA GARDE<\/p>\n<p class=\"ai-optimize-13\"><strong>Prolians \u2013 83130 La Garde \u2013 Avenue Joseph Lambot<\/strong><\/p>\n<p class=\"ai-optimize-13\">Prix brad\u00e9s pour tous sur de l\u2019outillage professionnel !<\/p>\n<p class=\"ai-optimize-14\">Mercredi 25 juin 2025 et jeudi 26 juin 2025, de 7h30 \u00e0 12h et de 13h30 \u00e0 17h30<br \/>Vendredi 27 juin 2025, de 7h30 \u00e0 12h<\/p>\n<p class=\"ai-optimize-15\"><strong>Professionnels et particuliers bienvenus !<\/strong><\/p>\n<ul>\n<li class=\"ai-optimize-16\">\u00c9quipement de protection<\/li>\n<li class=\"ai-optimize-16\">Outillage \u00e9lectroportatif<\/li>\n<li class=\"ai-optimize-16\">Chauffage \u2013 Climatisation<\/li>\n<li class=\"ai-optimize-16\">Sanitaire \u2013 Nettoyeurs \u2013 Aspirateurs<\/li>\n<li class=\"ai-optimize-16\">Grandes marques \u00e0 prix brad\u00e9s !<\/li>\n<\/ul>\n<p class=\"ai-optimize-17\">Ne manquez pas cette occasion unique de faire de bonnes affaires sur du mat\u00e9riel professionnel de qualit\u00e9.<br \/>Venez rencontrer les \u00e9quipes Prolians et d\u00e9couvrir tout l\u2019univers Prolians dans une ambiance conviviale.<strong>\u00a0<\/strong><\/p>\n<p class=\"ai-optimize-7\"><strong>A voir aussi : <a href=\"https:\/\/www.info83.fr\/?s=prolians\" target=\"_blank\" rel=\"noopener nofollow\">D\u00e9couvrez les magasins et es offres Prolians<\/a><br \/><\/strong><\/p>\n<p class=\"ai-optimize-8\"><strong><img decoding=\"async\" class=\"emoji\" role=\"img\" draggable=\"false\" src=\"https:\/\/s.w.org\/images\/core\/emoji\/13.1.0\/svg\/1f538.svg\" alt=\"\ud83d\udd38\" data-pin-no-hover=\"true\"\/>Info83, le Var proche de vous<br \/><\/strong><\/p>\n<p class=\"ai-optimize-9\"><img decoding=\"async\" class=\"emoji\" role=\"img\" draggable=\"false\" src=\"https:\/\/s.w.org\/images\/core\/emoji\/13.1.0\/svg\/27a1.svg\" alt=\"\u27a1\ufe0f\" data-pin-no-hover=\"true\"\/>\u00a0<a href=\"https:\/\/bit.ly\/2OZZMMK\" target=\"_blank\" rel=\"noopener noreferrer nofollow\">Facebook Info83<\/a><\/p>\n<p class=\"ai-optimize-10\"><img decoding=\"async\" class=\"emoji\" role=\"img\" draggable=\"false\" src=\"https:\/\/s.w.org\/images\/core\/emoji\/13.1.0\/svg\/27a1.svg\" alt=\"\u27a1\ufe0f\" data-pin-no-hover=\"true\"\/>\u00a0<a href=\"https:\/\/bit.ly\/2ONkTC9\" target=\"_blank\" rel=\"noopener noreferrer nofollow\">Youtube Info83<\/a><\/p>\n<p>\u00a0<\/p>\n","protected":false},"excerpt":{"rendered":"Ev\u00e9nement \u00e0 Prolians : Braderie tout public avec des prix sur l\u2019outillage et le mat\u00e9riel pro \u00e0 La&hellip;\n","protected":false},"author":2,"featured_media":177437,"comment_status":"","ping_status":"","sticky":false,"template":"","format":"standard","meta":{"footnotes":""},"categories":[9619],"tags":[1111,11,31358,31359,31360,17804,31361,27378,31362,31363,31364,31365,1777,674,1011,27,31366,31367,31368,31369,31370,12,31371,31372,18931,882,25,25992,20756,2310],"class_list":{"0":"post-177436","1":"post","2":"type-post","3":"status-publish","4":"format-standard","5":"has-post-thumbnail","7":"category-toulon","8":"tag-actu","9":"tag-actualites","10":"tag-aspirateurs","11":"tag-blouson","12":"tag-bouchons-doreilles","13":"tag-braderie","14":"tag-brouette","15":"tag-chauffage","16":"tag-chaussures-de-securite","17":"tag-climatisation","18":"tag-decoupeuse-thermique","19":"tag-equipement-de-protection-individuelle-epi","20":"tag-eu","21":"tag-europe","22":"tag-fr","23":"tag-france","24":"tag-harnais","25":"tag-jeu-de-cles","26":"tag-materiel-pro","27":"tag-nettoyeur-haute-pression","28":"tag-nettoyeurs","29":"tag-news","30":"tag-outillage","31":"tag-outillage-electroportatif","32":"tag-plateforme","33":"tag-provence-alpes-cote-dazur","34":"tag-republique-francaise","35":"tag-sanitaire","36":"tag-tondeuse","37":"tag-toulon"},"share_on_mastodon":{"url":"https:\/\/pubeurope.com\/@fr\/114685245225062240","error":""},"_links":{"self":[{"href":"https:\/\/www.europesays.com\/fr\/wp-json\/wp\/v2\/posts\/177436","targetHints":{"allow":["GET"]}}],"collection":[{"href":"https:\/\/www.europesays.com\/fr\/wp-json\/wp\/v2\/posts"}],"about":[{"href":"https:\/\/www.europesays.com\/fr\/wp-json\/wp\/v2\/types\/post"}],"author":[{"embeddable":true,"href":"https:\/\/www.europesays.com\/fr\/wp-json\/wp\/v2\/users\/2"}],"replies":[{"embeddable":true,"href":"https:\/\/www.europesays.com\/fr\/wp-json\/wp\/v2\/comments?post=177436"}],"version-history":[{"count":0,"href":"https:\/\/www.europesays.com\/fr\/wp-json\/wp\/v2\/posts\/177436\/revisions"}],"wp:featuredmedia":[{"embeddable":true,"href":"https:\/\/www.europesays.com\/fr\/wp-json\/wp\/v2\/media\/177437"}],"wp:attachment":[{"href":"https:\/\/www.europesays.com\/fr\/wp-json\/wp\/v2\/media?parent=177436"}],"wp:term":[{"taxonomy":"category","embeddable":true,"href":"https:\/\/www.europesays.com\/fr\/wp-json\/wp\/v2\/categories?post=177436"},{"taxonomy":"post_tag","embeddable":true,"href":"https:\/\/www.europesays.com\/fr\/wp-json\/wp\/v2\/tags?post=177436"}],"curies":[{"name":"wp","href":"https:\/\/api.w.org\/{rel}","templated":true}]}}