{"id":177438,"date":"2025-06-15T03:25:21","date_gmt":"2025-06-15T03:25:21","guid":{"rendered":"https:\/\/www.europesays.com\/fr\/177438\/"},"modified":"2025-06-15T03:25:21","modified_gmt":"2025-06-15T03:25:21","slug":"toulon-deroule-face-a-castres-et-rejoint-lubb-en-demi-finales","status":"publish","type":"post","link":"https:\/\/www.europesays.com\/fr\/177438\/","title":{"rendered":"Toulon d\u00e9roule face \u00e0 Castres et rejoint l\u2019UBB en demi-finales"},"content":{"rendered":"<p>Le RCT a domin\u00e9 le CO ce samedi, \u00e0 Mayol, en barrages, pour s\u2019offrir un duel face \u00e0 Bordeaux-B\u00e8gles la semaine prochaine, en demi-finales.<\/p>\n<p class=\"fig-paragraph\">Toulon en deux temps. Samedi soir dans leur antre fi\u00e9vreux de Mayol, les Varois r\u00eavaient de\u00a0<a href=\"http:\/\/www.lefigaro.fr\/sports\/rugby\/top-14\/papa-champion-de-france-le-rugby-comme-therapie-5-choses-a-savoir-sur-esteban-abadie-le-cerveau-de-toulon-20250614\" data-fig-type=\"NewsFlash\" data-gtm-custom-categorie=\"navigation\" data-gtm-custom-action=\"crossclick\" data-gtm-custom-label=\"Contextuel\" data-gtm-event=\"customEventSPE\" data-fig-domain=\"LEFIGARO\" target=\"_blank\" rel=\"noopener\">retrouver les demi-finales du Top 14<\/a>, huit ans apr\u00e8s leur derni\u00e8re participation \u00e0 ce stade de la comp\u00e9tition, en 2017. Apr\u00e8s une premi\u00e8re p\u00e9riode rugueuse et accroch\u00e9e, les hommes de\u00a0<a href=\"http:\/\/www.lefigaro.fr\/sports\/rugby\/top-14\/pierre-mignoni-entraineur-de-toulon-mes-joueurs-je-les-aime-20250326\" data-fig-type=\"Article\" data-gtm-custom-categorie=\"navigation\" data-gtm-custom-action=\"crossclick\" data-gtm-custom-label=\"Contextuel\" data-gtm-event=\"customEventSPE\" data-fig-domain=\"LEFIGARO\" target=\"_blank\" rel=\"noopener\">Pierre Mignoni<\/a>\u00a0ont d\u00e9roul\u00e9 pour ass\u00e9ner un cinglant\u00a0<a href=\"https:\/\/www.lefigaro.fr\/sports\/rugby\/live\/top-14\/2025\/943357\/toulon-castres\" data-fig-type=\"Live\" data-gtm-custom-categorie=\"navigation\" data-gtm-custom-action=\"crossclick\" data-gtm-custom-label=\"Contextuel\" data-gtm-event=\"customEventSPE\" data-fig-domain=\"LEFIGARO\" target=\"_blank\" rel=\"noopener\">52-23<\/a>\u00a0aux Tarnais, r\u00e9duis en miettes par la fr\u00e9n\u00e9sie rouge et noire.<\/p>\n<p class=\"fig-body-link\">\n            \u00c0 lire aussi<br \/>\n        <a class=\"fig-body-link__link\" href=\"http:\/\/www.lefigaro.fr\/sports\/rugby\/top-14\/toulon-castres-wainiqolo-sur-puissant-jaminet-splendide-nonu-pour-l-histoire-les-tops-flops-du-barrage-20250615\" data-fig-type=\"NewsFlash\" data-gtm-custom-categorie=\"navigation\" data-gtm-custom-action=\"crossclick\" data-gtm-custom-label=\"Contextuel\" data-gtm-event=\"customEventSPE\" data-fig-domain=\"LEFIGARO\" target=\"_blank\" rel=\"noopener\">Toulon-Castres\u00a0: Wainiqolo (sur)puissant, Jaminet splendide, Nonu pour l\u2019histoire&#8230; Les tops\/flops du barrage<br \/>\n    <\/a>\n<\/p>\n<p>Le RCT longtemps malmen\u00e9<\/p>\n<p class=\"fig-paragraph\">Refroidis d\u2019entr\u00e9e par l\u2019essai de Papali\u2019i (18e), les joueurs de la Rade ont attendu le d\u00e9but de second acte pour venir aplatir leur premier essai de la soir\u00e9e, sign\u00e9\u00a0<a href=\"http:\/\/www.lefigaro.fr\/sports\/rugby\/top-14\/top-14-melvyn-jaminet-de-retour-de-blessure-avec-toulon-face-a-pau-20250516\" data-fig-type=\"NewsFlash\" data-gtm-custom-categorie=\"navigation\" data-gtm-custom-action=\"crossclick\" data-gtm-custom-label=\"Contextuel\" data-gtm-event=\"customEventSPE\" data-fig-domain=\"LEFIGARO\" target=\"_blank\" rel=\"noopener\">Melvyn Jaminet<\/a>\u00a0(51e) &#8211; qui empilait (d\u00e9j\u00e0) les points au pied -, avant d\u2019\u00eatre \u00e0 la finition de cet encha\u00eenement de temps de jeu. Baptiste Serin s\u2019est, par la suite, invit\u00e9 \u00e0 la f\u00eate (56e) avant de voir J\u00e9r\u00e9my Fernandez faire de nouveau douter les Toulonnais quelques secondes plus tard (58e). L\u2019essai de Facundo Isa, \u00e0 l\u2019issue d\u2019un f\u00e9roce ballon port\u00e9 (69e), a engendr\u00e9 le r\u00e9veil et la rage toulonnaise.<\/p>\n<p>Une derni\u00e8re demi-heure furieuse<\/p>\n<p class=\"fig-paragraph\">En dix minutes, Ben White (71e), la l\u00e9gende\u00a0<a href=\"http:\/\/www.lefigaro.fr\/sports\/rugby\/top-14\/top-14-ma-a-nonu-present-pour-la-premiere-fois-dans-le-groupe-de-toulon-pour-affronter-perpignan-20250320\" data-fig-type=\"NewsFlash\" data-gtm-custom-categorie=\"navigation\" data-gtm-custom-action=\"crossclick\" data-gtm-custom-label=\"Contextuel\" data-gtm-event=\"customEventSPE\" data-fig-domain=\"LEFIGARO\" target=\"_blank\" rel=\"noopener\">Ma\u2019a Nonu<\/a>\u00a0(78e) et l\u2019intenable Jiuta Wainiqolo (80e) ont fait voler en \u00e9clats l\u2019arri\u00e8re-garde castraise, aux abois. Le tout ponctu\u00e9 par la fabuleuse efficacit\u00e9 du buteur Melvyn Jaminet, auteur de 27 points dans cette rencontre.\u00a0<a href=\"http:\/\/www.lefigaro.fr\/sports\/rugby\/top-14\/top-14-castres-reve-d-une-nouvelle-epopee-en-memoire-de-raisuqe-20250614\" data-fig-type=\"NewsFlash\" data-gtm-custom-categorie=\"navigation\" data-gtm-custom-action=\"crossclick\" data-gtm-custom-label=\"Contextuel\" data-gtm-event=\"customEventSPE\" data-fig-domain=\"LEFIGARO\" target=\"_blank\" rel=\"noopener\">L\u2019occasion \u00e9tait belle<\/a>\u00a0pour les Olympiens de rendre un nouvel hommage \u00e0\u00a0<a href=\"http:\/\/www.lefigaro.fr\/sports\/rugby\/top-14\/top-14-castres-reve-d-une-nouvelle-epopee-en-memoire-de-raisuqe-20250614\" data-fig-type=\"NewsFlash\" data-gtm-custom-categorie=\"navigation\" data-gtm-custom-action=\"crossclick\" data-gtm-custom-label=\"Contextuel\" data-gtm-event=\"customEventSPE\" data-fig-domain=\"LEFIGARO\" target=\"_blank\" rel=\"noopener\">leur centre Josaia Raisuqe, d\u00e9c\u00e9d\u00e9 le 8 mai dernier<\/a>\u00a0dans un accident de voiture, mais ces derniers n\u2019auront pas \u00e0 rougir de leur parcours cette saison.<\/p>\n<p class=\"fig-body-link\">\n            \u00c0 lire aussi<br \/>\n        <a class=\"fig-body-link__link\" href=\"http:\/\/www.lefigaro.fr\/sports\/rugby\/top-14\/top-14-toulonnais-et-castrais-unis-pour-un-hommage-collectif-a-raisuqe-en-video-20250615\" data-fig-type=\"NewsFlash\" data-gtm-custom-categorie=\"navigation\" data-gtm-custom-action=\"crossclick\" data-gtm-custom-label=\"Contextuel\" data-gtm-event=\"customEventSPE\" data-fig-domain=\"LEFIGARO\" target=\"_blank\" rel=\"noopener\">Top 14\u00a0: Toulonnais et Castrais unis pour un hommage collectif \u00e0 Raisuqe (en vid\u00e9o)<br \/>\n    <\/a>\n<\/p>\n<p class=\"fig-paragraph\">De leur c\u00f4t\u00e9, les Toulonnais d\u2019<a href=\"http:\/\/www.lefigaro.fr\/sports\/rugby\/top-14\/papa-champion-de-france-le-rugby-comme-therapie-5-choses-a-savoir-sur-esteban-abadie-le-cerveau-de-toulon-20250614\" data-fig-type=\"NewsFlash\" data-gtm-custom-categorie=\"navigation\" data-gtm-custom-action=\"crossclick\" data-gtm-custom-label=\"Contextuel\" data-gtm-event=\"customEventSPE\" data-fig-domain=\"LEFIGARO\" target=\"_blank\" rel=\"noopener\">Esteban Abadie<\/a>\u00a0perdurent sur la lanc\u00e9e de leur (tr\u00e8s) belle phase r\u00e9guli\u00e8re et iront d\u00e9fier l\u2019Union Bordeaux B\u00e8gles, championne d\u2019Europe, en demi-finale du championnat le week-end prochain, \u00e0 Lyon.<\/p>\n","protected":false},"excerpt":{"rendered":"Le RCT a domin\u00e9 le CO ce samedi, \u00e0 Mayol, en barrages, pour s\u2019offrir un duel face \u00e0&hellip;\n","protected":false},"author":2,"featured_media":177439,"comment_status":"","ping_status":"","sticky":false,"template":"","format":"standard","meta":{"footnotes":""},"categories":[9619],"tags":[1111,11,525,7336,4590,1981,2313,814,1777,674,1011,27,955,12,4589,882,2311,8177,25,1980,479,2259,478,2310,2312],"class_list":{"0":"post-177438","1":"post","2":"type-post","3":"status-publish","4":"format-standard","5":"has-post-thumbnail","7":"category-toulon","8":"tag-actu","9":"tag-actualites","10":"tag-calendrier","11":"tag-castres-olympique","12":"tag-championnat-france","13":"tag-classement","14":"tag-clermont","15":"tag-direct","16":"tag-eu","17":"tag-europe","18":"tag-fr","19":"tag-france","20":"tag-match","21":"tag-news","22":"tag-phase-finale","23":"tag-provence-alpes-cote-dazur","24":"tag-racing","25":"tag-rc-toulon","26":"tag-republique-francaise","27":"tag-resultats","28":"tag-rugby","29":"tag-score","30":"tag-top-14","31":"tag-toulon","32":"tag-toulouse"},"share_on_mastodon":{"url":"https:\/\/pubeurope.com\/@fr\/114685249029813593","error":""},"_links":{"self":[{"href":"https:\/\/www.europesays.com\/fr\/wp-json\/wp\/v2\/posts\/177438","targetHints":{"allow":["GET"]}}],"collection":[{"href":"https:\/\/www.europesays.com\/fr\/wp-json\/wp\/v2\/posts"}],"about":[{"href":"https:\/\/www.europesays.com\/fr\/wp-json\/wp\/v2\/types\/post"}],"author":[{"embeddable":true,"href":"https:\/\/www.europesays.com\/fr\/wp-json\/wp\/v2\/users\/2"}],"replies":[{"embeddable":true,"href":"https:\/\/www.europesays.com\/fr\/wp-json\/wp\/v2\/comments?post=177438"}],"version-history":[{"count":0,"href":"https:\/\/www.europesays.com\/fr\/wp-json\/wp\/v2\/posts\/177438\/revisions"}],"wp:featuredmedia":[{"embeddable":true,"href":"https:\/\/www.europesays.com\/fr\/wp-json\/wp\/v2\/media\/177439"}],"wp:attachment":[{"href":"https:\/\/www.europesays.com\/fr\/wp-json\/wp\/v2\/media?parent=177438"}],"wp:term":[{"taxonomy":"category","embeddable":true,"href":"https:\/\/www.europesays.com\/fr\/wp-json\/wp\/v2\/categories?post=177438"},{"taxonomy":"post_tag","embeddable":true,"href":"https:\/\/www.europesays.com\/fr\/wp-json\/wp\/v2\/tags?post=177438"}],"curies":[{"name":"wp","href":"https:\/\/api.w.org\/{rel}","templated":true}]}}