{"id":177446,"date":"2025-06-15T03:32:21","date_gmt":"2025-06-15T03:32:21","guid":{"rendered":"https:\/\/www.europesays.com\/fr\/177446\/"},"modified":"2025-06-15T03:32:21","modified_gmt":"2025-06-15T03:32:21","slug":"essentiel-pour-lequilibre-budgetaire-en-bretagne-le-loyer-des-chambres-en-cite-u-2","status":"publish","type":"post","link":"https:\/\/www.europesays.com\/fr\/177446\/","title":{"rendered":"\u00ab\u00a0Essentiel pour l\u2019\u00e9quilibre budg\u00e9taire\u00a0\u00bb\u00a0: en Bretagne, le loyer des chambres en Cit\u00e9 U"},"content":{"rendered":"<p>Le conseil d\u2019administration du Crous Bretagne qui se tenait au rectorat\u00a0\u00e0 Rennes a vot\u00e9, mercredi 11\u00a0juin 2025, une hausse des loyers de 3,26\u00a0% dans les cit\u00e9s universitaires \u00e0 15\u00a0voix pour, 8\u00a0contre et une abstention. <strong>\u00ab\u00a0Il y a un mois, le conseil d\u2019administration s\u2019\u00e9tait d\u00e9j\u00e0 prononc\u00e9\u00a0: il y avait une majorit\u00e9 de votre contre. Mais le rectorat et la nouvelle direction du Crous ont fait pression jusqu\u2019\u00e0 faire basculer le vote\u00a0\u00bb<\/strong>, estime Fabien Tallec, pour le syndicat \u00e9tudiant l\u2019Union pirate.<\/p>\n<p><strong>Lire aussi\u00a0:<\/strong>\u00a0<a href=\"https:\/\/guingamp.maville.com\/actu\/actudet_-deficit-restos-universitaires-vetustes...-crise-ouverte-au-crous-bretagne-deux-directeurs-suspendus-_52680-6807706_actu.Htm\" target=\"_blank\" rel=\"nofollow noopener\">D\u00e9ficit, restos universitaires v\u00e9tustes\u2026 Crise ouverte au Crous Bretagne, deux directeurs suspendus<\/a><\/p>\n<p>5 \u00e0 20\u00a0\u20ac en plus chaque mois<\/p>\n<p>La hausse \u00e9quivaut entre 5 et 20\u00a0\u20ac en plus pour des loyers allant de 200\u00a0\u20ac pour un 9\u00a0m\u00b2 \u00e0 300\u00a0\u20ac pour un 20\u00a0m2. <strong>\u00ab\u00a0C\u2019est trop, face \u00e0 une pr\u00e9carit\u00e9 \u00e9tudiante qui ne cesse de grandir\u00a0\u00bb<\/strong>, estime le porte-parole de l\u2019Union pirate. Un autre syndicat \u00e9tudiant, la F\u00e9d\u00e9ration des associations de Haute-Bretagne (FAHB), d\u00e9plore que <strong>\u00ab cette augmentation de budget soit, une nouvelle fois, r\u00e9percut\u00e9e sur les \u00e9tudiants\u00bb<\/strong>.<\/p>\n<p><strong>Lire aussi\u00a0: <\/strong> <a href=\"https:\/\/rennes.maville.com\/actu\/actudet_-a-rennes-un-ensemble-de-180-logements-pour-etudiants-et-jeunes-actifs-sera-livre-fin-2026-_7-6850170_actu.Htm\" rel=\"nofollow noopener\" target=\"_blank\">\u00c0 Rennes, un ensemble de 180\u00a0logements pour \u00e9tudiants et jeunes actifs sera livr\u00e9 fin 2026<\/a><\/p>\n<p>De son c\u00f4t\u00e9, le Crous indique que le loyer d\u2019une chambre passe de 255\u00a0\u20ac \u00e0 263\u00a0\u20ac, une hausse qui correspond \u00e0 l\u2019indice de r\u00e9vision des loyers. <strong>\u00ab\u00a0En responsabilit\u00e9, les partenaires du Crous se sont cette fois positionn\u00e9s en faveur de cette augmentation essentielle pour maintenir l\u2019\u00e9quilibre budg\u00e9taire de l\u2019\u00e9tablissement,<\/strong> indiquent les responsables, dans un communiqu\u00e9. <strong>Elle permettra de suivre l\u2019\u00e9volution des prix appliqu\u00e9e par les bailleurs sociaux. Les montants seront utilis\u00e9s pour l\u2019entretien des b\u00e2timents existants ainsi que pour d\u00e9velopper le parc de logement \u00e9tudiant \u00e0 tarif social.\u00a0\u00bb<\/strong><\/p>\n<p>\u00a0<\/p>\n","protected":false},"excerpt":{"rendered":"Le conseil d\u2019administration du Crous Bretagne qui se tenait au rectorat\u00a0\u00e0 Rennes a vot\u00e9, mercredi 11\u00a0juin 2025, une&hellip;\n","protected":false},"author":2,"featured_media":175261,"comment_status":"","ping_status":"","sticky":false,"template":"","format":"standard","meta":{"footnotes":""},"categories":[2821],"tags":[1111,11,19258,829,18059,31051,11911,4539,31050,1777,674,1011,27,22329,12,584,25],"class_list":{"0":"post-177446","1":"post","2":"type-post","3":"status-publish","4":"format-standard","5":"has-post-thumbnail","7":"category-rennes","8":"tag-actu","9":"tag-actualites","10":"tag-augmente","11":"tag-bretagne","12":"tag-budgetaire","13":"tag-chambres","14":"tag-cite","15":"tag-equilibre","16":"tag-essentiel","17":"tag-eu","18":"tag-europe","19":"tag-fr","20":"tag-france","21":"tag-loyer","22":"tag-news","23":"tag-rennes","24":"tag-republique-francaise"},"share_on_mastodon":{"url":"https:\/\/pubeurope.com\/@fr\/114685276703783146","error":""},"_links":{"self":[{"href":"https:\/\/www.europesays.com\/fr\/wp-json\/wp\/v2\/posts\/177446","targetHints":{"allow":["GET"]}}],"collection":[{"href":"https:\/\/www.europesays.com\/fr\/wp-json\/wp\/v2\/posts"}],"about":[{"href":"https:\/\/www.europesays.com\/fr\/wp-json\/wp\/v2\/types\/post"}],"author":[{"embeddable":true,"href":"https:\/\/www.europesays.com\/fr\/wp-json\/wp\/v2\/users\/2"}],"replies":[{"embeddable":true,"href":"https:\/\/www.europesays.com\/fr\/wp-json\/wp\/v2\/comments?post=177446"}],"version-history":[{"count":0,"href":"https:\/\/www.europesays.com\/fr\/wp-json\/wp\/v2\/posts\/177446\/revisions"}],"wp:featuredmedia":[{"embeddable":true,"href":"https:\/\/www.europesays.com\/fr\/wp-json\/wp\/v2\/media\/175261"}],"wp:attachment":[{"href":"https:\/\/www.europesays.com\/fr\/wp-json\/wp\/v2\/media?parent=177446"}],"wp:term":[{"taxonomy":"category","embeddable":true,"href":"https:\/\/www.europesays.com\/fr\/wp-json\/wp\/v2\/categories?post=177446"},{"taxonomy":"post_tag","embeddable":true,"href":"https:\/\/www.europesays.com\/fr\/wp-json\/wp\/v2\/tags?post=177446"}],"curies":[{"name":"wp","href":"https:\/\/api.w.org\/{rel}","templated":true}]}}