{"id":177451,"date":"2025-06-15T03:35:11","date_gmt":"2025-06-15T03:35:11","guid":{"rendered":"https:\/\/www.europesays.com\/fr\/177451\/"},"modified":"2025-06-15T03:35:11","modified_gmt":"2025-06-15T03:35:11","slug":"strasbourg-derniers-reglages-et-premieres-images-avant-la-reouverture-du-musee-zoologique","status":"publish","type":"post","link":"https:\/\/www.europesays.com\/fr\/177451\/","title":{"rendered":"Strasbourg. Derniers r\u00e9glages et premi\u00e8res images avant la r\u00e9ouverture du Mus\u00e9e zoologique"},"content":{"rendered":"<p>\u00ab\u00a0\u00c9coutez, le parquet craque toujours, comme il y a six ans\u00a0!\u00a0\u00bb ironise S\u00e9bastien Soubiran. Le directeur du Jardin des sciences de l\u2019Universit\u00e9 de Strasbourg l\u2019avoue, la question de le garder a \u00e9t\u00e9 le fruit d\u2019une longue r\u00e9flexion. Mais la volont\u00e9 de changement s\u2019est heurt\u00e9e \u00e0 celle de pr\u00e9server l\u2019esprit des lieux. Ce jeudi 12\u00a0juin, une partie du <a href=\"https:\/\/www.dna.fr\/culture-loisirs\/2025\/04\/04\/tous-au-musee-zoologique-de-strasbourg-pour-sa-reouverture\" target=\"_blank\" rel=\"nofollow noopener\">nouveau Mus\u00e9e zoologique<\/a> est pr\u00e9sent\u00e9e au milieu de ses \u00e9quipes, encore attel\u00e9es \u00e0 l\u2019installation des animaux.<\/p>\n<p>  Un parcours de visite repens\u00e9<\/p>\n<p>\u00ab\u00a0Nous avions l\u2019impression que le mus\u00e9e \u00e9tait rest\u00e9 dans son jus sans r\u00e9elle coh\u00e9rence dans la visite\u00a0\u00bb, admet S\u00e9bastien Soubiran. C\u2019est pour cela que la reconstitution du cabinet du naturaliste Jean Hermann a \u00e9t\u00e9 abandonn\u00e9e. Il lui a \u00e9t\u00e9 pr\u00e9f\u00e9r\u00e9 \u00ab\u00a0une pr\u00e9sentation plus sobre et valorisante des animaux\u00a0\u00bb, selon le directeur du Mus\u00e9e zoologique Samuel Cordier. La r\u00e9partition des collections du naturaliste, achet\u00e9es par la Ville de Strasbourg en 1804, permet une meilleure compr\u00e9hension de ses travaux.<\/p>\n<p>Le b\u00e2timent est maintenant au niveau sur l\u2019accessibilit\u00e9, permettant la visite des personnes \u00e0 mobilit\u00e9 r\u00e9duite. Les espaces de circulation sont \u00e9galement plus larges. \u00ab\u00a0Le mus\u00e9e est r\u00e9parti sur 2\u00a0000 m 2 avec un espace permanent, trois salles semi-permanentes, une exposition temporaire mais aussi des animaux embl\u00e9matiques dans les salles totem\u00a0\u00bb, explique S\u00e9bastien Soubiran. La coh\u00e9rence de narration s\u2019\u00e9tend aux questions environnementales comme un fil rouge de la visite autour des questions de biodiversit\u00e9, de changement climatique ou de sant\u00e9.<\/p>\n<p>  Les derniers r\u00e9glages avant la r\u00e9ouverture<\/p>\n<p>L\u2019heure est aux derni\u00e8res mises en place dans le b\u00e2timent de l\u2019ancien institut zoologique. Ils sont quatre \u00e0 placer les quelque 600 oiseaux tri\u00e9s par familles d\u2019esp\u00e8ces, dans leur vitrine. \u00ab\u00a0Nous travaillons au centre de conservation depuis juin\u00a02024 et nous en avons encore pour deux semaines et demie d\u2019installation\u00a0\u00bb, raconte Steve, socleur de 52 ans, perceuse \u00e0 la main. Chaque socle en bois est taill\u00e9 et viss\u00e9 minutieusement pour accueillir les diff\u00e9rents animaux. Aux \u00e9clairagistes de sublimer <a href=\"https:\/\/www.dna.fr\/culture-loisirs\/2022\/02\/18\/l-impressionnante-collection-d-animaux-du-musee-zoologique-patiente-a-la-coop\" target=\"_blank\" rel=\"nofollow noopener\">la collection d\u20191,2 million de sp\u00e9cimens<\/a> une fois tous pos\u00e9s.<\/p>\n<p>Viendront ensuite les derniers r\u00e9glages des prochaines semaines, notamment sur la signalisation et les \u00e9l\u00e9ments audiovisuels. \u00ab\u00a0L\u2019accessibilit\u00e9 passe aussi par des manipulations tactiles, des infographies ou des bandes audio\u00a0\u00bb, pr\u00e9cise S\u00e9bastien Soubiran. Sans oublier l\u2019importance de la traduction des panneaux explicatifs en anglais et en allemand pour. Tout sera pr\u00eat pour la r\u00e9ouverture du mus\u00e9e pr\u00e9vue <strong>le vendredi 19\u00a0septembre<\/strong>, l\u2019acc\u00e8s y sera d\u2019ailleurs gratuit tout le week-end.<\/p>\n","protected":false},"excerpt":{"rendered":"\u00ab\u00a0\u00c9coutez, le parquet craque toujours, comme il y a six ans\u00a0!\u00a0\u00bb ironise S\u00e9bastien Soubiran. Le directeur du Jardin&hellip;\n","protected":false},"author":2,"featured_media":177452,"comment_status":"","ping_status":"","sticky":false,"template":"","format":"standard","meta":{"footnotes":""},"categories":[2820],"tags":[1111,11,2389,2649,1687,2880,1777,674,2271,107,1011,27,775,12,25,640,2879],"class_list":{"0":"post-177451","1":"post","2":"type-post","3":"status-publish","4":"format-standard","5":"has-post-thumbnail","7":"category-strasbourg","8":"tag-actu","9":"tag-actualites","10":"tag-alsace","11":"tag-bas-rhin","12":"tag-culture-loisirs","13":"tag-edition-strasbourg","14":"tag-eu","15":"tag-europe","16":"tag-exposition-arts-plastiques","17":"tag-fil-info","18":"tag-fr","19":"tag-france","20":"tag-grand-est","21":"tag-news","22":"tag-republique-francaise","23":"tag-strasbourg","24":"tag-strasbourg-ville"},"share_on_mastodon":{"url":"https:\/\/pubeurope.com\/@fr\/114685288350294779","error":""},"_links":{"self":[{"href":"https:\/\/www.europesays.com\/fr\/wp-json\/wp\/v2\/posts\/177451","targetHints":{"allow":["GET"]}}],"collection":[{"href":"https:\/\/www.europesays.com\/fr\/wp-json\/wp\/v2\/posts"}],"about":[{"href":"https:\/\/www.europesays.com\/fr\/wp-json\/wp\/v2\/types\/post"}],"author":[{"embeddable":true,"href":"https:\/\/www.europesays.com\/fr\/wp-json\/wp\/v2\/users\/2"}],"replies":[{"embeddable":true,"href":"https:\/\/www.europesays.com\/fr\/wp-json\/wp\/v2\/comments?post=177451"}],"version-history":[{"count":0,"href":"https:\/\/www.europesays.com\/fr\/wp-json\/wp\/v2\/posts\/177451\/revisions"}],"wp:featuredmedia":[{"embeddable":true,"href":"https:\/\/www.europesays.com\/fr\/wp-json\/wp\/v2\/media\/177452"}],"wp:attachment":[{"href":"https:\/\/www.europesays.com\/fr\/wp-json\/wp\/v2\/media?parent=177451"}],"wp:term":[{"taxonomy":"category","embeddable":true,"href":"https:\/\/www.europesays.com\/fr\/wp-json\/wp\/v2\/categories?post=177451"},{"taxonomy":"post_tag","embeddable":true,"href":"https:\/\/www.europesays.com\/fr\/wp-json\/wp\/v2\/tags?post=177451"}],"curies":[{"name":"wp","href":"https:\/\/api.w.org\/{rel}","templated":true}]}}