{"id":177453,"date":"2025-06-15T03:36:28","date_gmt":"2025-06-15T03:36:28","guid":{"rendered":"https:\/\/www.europesays.com\/fr\/177453\/"},"modified":"2025-06-15T03:36:28","modified_gmt":"2025-06-15T03:36:28","slug":"pour-quelles-raisons-ce-bar-bien-connu-de-la-rue-bonaparte-a-nice-est-il-ferme","status":"publish","type":"post","link":"https:\/\/www.europesays.com\/fr\/177453\/","title":{"rendered":"Pour quelles raisons ce bar bien connu de la rue Bonaparte \u00e0 Nice est-il ferm\u00e9?"},"content":{"rendered":"<p>Inspect\u00e9 en mai, le bar Nabulio a \u00e9t\u00e9 contraint de fermer ses portes \u00e0 l\u2019issue d\u2019un contr\u00f4le sanitaire d\u2019un inspecteur de salubrit\u00e9 de la police municipale de Nice. Ce dernier a conclu \u00e0 de \u00ab\u00a0graves manquements aux r\u00e8gles d\u2019hygi\u00e8ne\u00a0\u00bb. Selon l\u2019arr\u00eat\u00e9 municipal, cette inspection a permis de constater notamment la \u00ab\u00a0malpropret\u00e9 des locaux\u00a0\u00bb et une \u00ab\u00a0absence de ma\u00eetrise des modalit\u00e9s de conservation des denr\u00e9es alimentaires\u00a0\u00bb.<\/p>\n<p>Pourtant, cet \u00e9tablissement de la \u2013 festive \u2013 rue Bonaparte est ouvert depuis 11 ans et les avis post\u00e9s sur l\u2019\u00e9tablissement ne laissent rien entendre de la sorte: une note de 4,3\/5 sur Tripadvisor, 4,5\/5 sur Google Maps et des commentaires plut\u00f4t \u00e9logieux. \u00ab\u00a0Ambiance excellente\u00a0\u00bb, \u00ab\u00a0nourriture incroyable\u00a0\u00bb, \u00ab\u00a0superbe accueil\u00a0\u00bb.<\/p>\n<p>\u00ab\u00a0On fait le m\u00e9nage deux fois par jour\u00a0\u00bb<\/p>\n<p>Vincent Pignataro, exploitant du Nabulio, d\u00e9plore. \u00ab\u00a0En gros, je suis ferm\u00e9 pour trois carreaux de carrelage cass\u00e9s, un extincteur p\u00e9rim\u00e9 et des joints de frigo us\u00e9s\u00a0\u00bb, r\u00e9agit le restaurateur. Il faut dire que le tour de la cuisine est vite fait: on peut \u00e0 peine s\u2019y tenir \u00e0 deux. On y trouve un four, un \u00e9vier, un micro-ondes, une salamandre (petit four utilis\u00e9 pour gratiner des aliments) et un frigo. Car \u00e0 part des planches ap\u00e9ritives, l\u2019\u00e9tablissement ne sert que des boissons.<\/p>\n<p>\u00ab\u00a0\u00c0 la fin de son contr\u00f4le, j\u2019ai demand\u00e9 [\u00e0 l\u2019inspecteur] si mon \u00e9tablissement \u00e9tait pourri, pour avoir un avis ext\u00e9rieur. Cette personne m\u2019a r\u00e9pondu que non, mais qu\u2019il y avait plein de petits manquements \u00e0 corriger\u00a0\u00bb, se souvient Vincent Pignataro.<\/p>\n<p>Il l\u2019assure: en mati\u00e8re d\u2019hygi\u00e8ne, il est particuli\u00e8rement vigilant. \u00ab\u00a0On fait le m\u00e9nage deux fois par jour, je sais que c\u2019est important\u00a0\u00bb, appuie le restaurateur. Pourtant, la Ville de Nice a justifi\u00e9 sa d\u00e9cision par une \u00ab\u00a0urgence [\u00e0] pr\u00e9server la sant\u00e9 publique\u00a0\u00bb. Le soir du contr\u00f4le, les inspecteurs n\u2019ont toutefois pas ferm\u00e9 l\u2019\u00e9tablissement imm\u00e9diatement et ont attendu la fin du service. Pour le g\u00e9rant: \u00ab\u00a0C\u2019est bien la preuve que ce n\u2019\u00e9tait pas dangereux\u00a0\u00bb.<\/p>\n<p>Pour l\u2019exploitant, cette fermeture ne serait pas due \u00e0 l\u2019hygi\u00e8ne mais \u00e0 une d\u00e9cision prise dans le cadre d\u2019une affaire de nuisances sonores g\u00e9n\u00e9r\u00e9es par son \u00e9tablissement. L\u2019ann\u00e9e derni\u00e8re, <a href=\"https:\/\/www.nicematin.com\/faits-de-societe\/deux-fermetures-administratives-une-reunion-en-mairie-quelles-regles-a-nice-cet-ete-pour-les-restaurants-bars-et-hotels-931616?t=1749734328\" rel=\"nofollow noopener\" target=\"_blank\">une voisine du bar exc\u00e9d\u00e9e par le bruit tardif avait jet\u00e9 un seau d\u2019eau sur la terrasse<\/a> pour faire taire et fuir les derniers noctambules.<\/p>\n<p>\u00c0 d\u00e9couvert et un manque \u00e0 gagner de 15.000 euros<\/p>\n<p>Pour le propri\u00e9taire du bar, c\u2019est l\u2019incompr\u00e9hension. \u00ab\u00a0Nous nous sommes r\u00e9unis r\u00e9cemment avec les commer\u00e7ants de la rue Bonaparte et Anthony Borr\u00e9 [premier adjoint au maire de Nice]. Il a affirm\u00e9 qu\u2019il voulait vraiment une rue vivante, tout en pr\u00e9cisant qu\u2019il y aurait des contr\u00f4les\u00a0\u00bb, d\u00e9taille Vincent Pignataro. Pour lui, c\u2019est un acharnement. Le commer\u00e7ant insiste: il faut que tous les \u00e9tablissements de restauration soient contr\u00f4l\u00e9s r\u00e9guli\u00e8rement. Mais il aurait pr\u00e9f\u00e9r\u00e9 que les inspecteurs lui proposent une seconde visite, sans fermer son bar.<\/p>\n<p>Depuis qu\u2019il a laiss\u00e9 sa porte close le 29 mai au matin, Vincent Pignataro \u0153uvre pour corriger chaque manquement list\u00e9 dans le rapport. Aid\u00e9 par des proches, il a apport\u00e9 tous les correctifs et mis un coup de propre. \u00ab\u00a0En attendant je ne partirai pas en vacances avec mon fils cet \u00e9t\u00e9. Je suis \u00e0 d\u00e9couvert et je suis \u00e0 deux doigts de mettre la cl\u00e9 sous la porte\u00a0\u00bb, s\u2019inqui\u00e8te le propri\u00e9taire du bar. Sur ces deux semaines, il estime son manque \u00e0 gagner \u00e0 15.000 euros.<\/p>\n<p>Une r\u00e9ouverture prochaine?<\/p>\n<p>Vincent Pignataro a contact\u00e9 mercredi la cellule d\u2019intervention mutualis\u00e9e de la police municipale de Nice pour les inviter \u00e0 un nouveau contr\u00f4le et permettre sa r\u00e9ouverture. \u00ab\u00a0J\u2019esp\u00e8re qu\u2019elle arrivera au plus vite\u00a0\u00bb, s\u2019impatiente-t-il. Pour l\u2019heure, entre ses d\u00e9boires avec le voisinage pour le bruit et cette inspection pour l\u2019hygi\u00e8ne, le commer\u00e7ant est amer. \u00ab\u00a0Je me sens martyris\u00e9 et je viens travailler avec la boule au ventre chaque jour\u00a0\u00bb, glisse-t-il.<\/p>\n<p>Malgr\u00e9 cette fermeture administrative, la rue Bonaparte continue d\u2019\u00eatre anim\u00e9e.<\/p>\n<p>Selon nos informations, ces derni\u00e8res semaines, d\u2019autres \u00e9tablissements auraient fait l\u2019objet de plainte de quelques voisins pour le bruit g\u00e9n\u00e9r\u00e9.<\/p>\n","protected":false},"excerpt":{"rendered":"Inspect\u00e9 en mai, le bar Nabulio a \u00e9t\u00e9 contraint de fermer ses portes \u00e0 l\u2019issue d\u2019un contr\u00f4le sanitaire&hellip;\n","protected":false},"author":2,"featured_media":177454,"comment_status":"","ping_status":"","sticky":false,"template":"","format":"standard","meta":{"footnotes":""},"categories":[2819],"tags":[1111,11,215,1777,674,1011,27,12,2401,882,25,3366],"class_list":{"0":"post-177453","1":"post","2":"type-post","3":"status-publish","4":"format-standard","5":"has-post-thumbnail","7":"category-nice","8":"tag-actu","9":"tag-actualites","10":"tag-commerce","11":"tag-eu","12":"tag-europe","13":"tag-fr","14":"tag-france","15":"tag-news","16":"tag-nice","17":"tag-provence-alpes-cote-dazur","18":"tag-republique-francaise","19":"tag-vie-locale"},"share_on_mastodon":{"url":"https:\/\/pubeurope.com\/@fr\/114685292263978611","error":""},"_links":{"self":[{"href":"https:\/\/www.europesays.com\/fr\/wp-json\/wp\/v2\/posts\/177453","targetHints":{"allow":["GET"]}}],"collection":[{"href":"https:\/\/www.europesays.com\/fr\/wp-json\/wp\/v2\/posts"}],"about":[{"href":"https:\/\/www.europesays.com\/fr\/wp-json\/wp\/v2\/types\/post"}],"author":[{"embeddable":true,"href":"https:\/\/www.europesays.com\/fr\/wp-json\/wp\/v2\/users\/2"}],"replies":[{"embeddable":true,"href":"https:\/\/www.europesays.com\/fr\/wp-json\/wp\/v2\/comments?post=177453"}],"version-history":[{"count":0,"href":"https:\/\/www.europesays.com\/fr\/wp-json\/wp\/v2\/posts\/177453\/revisions"}],"wp:featuredmedia":[{"embeddable":true,"href":"https:\/\/www.europesays.com\/fr\/wp-json\/wp\/v2\/media\/177454"}],"wp:attachment":[{"href":"https:\/\/www.europesays.com\/fr\/wp-json\/wp\/v2\/media?parent=177453"}],"wp:term":[{"taxonomy":"category","embeddable":true,"href":"https:\/\/www.europesays.com\/fr\/wp-json\/wp\/v2\/categories?post=177453"},{"taxonomy":"post_tag","embeddable":true,"href":"https:\/\/www.europesays.com\/fr\/wp-json\/wp\/v2\/tags?post=177453"}],"curies":[{"name":"wp","href":"https:\/\/api.w.org\/{rel}","templated":true}]}}