{"id":177455,"date":"2025-06-15T03:37:14","date_gmt":"2025-06-15T03:37:14","guid":{"rendered":"https:\/\/www.europesays.com\/fr\/177455\/"},"modified":"2025-06-15T03:37:14","modified_gmt":"2025-06-15T03:37:14","slug":"nice-a-gagne-le-pari-de-locean-la-satisfaction-dolivier-poivre-darvor-a-la-cloture-de-la-conference-des-nations-unies-sur-locean","status":"publish","type":"post","link":"https:\/\/www.europesays.com\/fr\/177455\/","title":{"rendered":"\u00ab\u00a0Nice a gagn\u00e9 le pari de l\u2019oc\u00e9an\u00a0\u00bb: la satisfaction d\u2019Olivier Poivre d\u2019Arvor \u00e0 la cl\u00f4ture de la Conf\u00e9rence des Nations Unies sur l\u2019oc\u00e9an"},"content":{"rendered":"<p>C\u2019est fini. La 3e conf\u00e9rence des Nations Unies pour l\u2019oc\u00e9an s\u2019est achev\u00e9e ce vendredi soir. Peu avant 19 heures, les cornes de brume des bateaux amarr\u00e9s au port de Nice ont retenti alors que la s\u00e9ance pl\u00e9ni\u00e8re de cl\u00f4ture prenait fin, avec l\u2019adoption de la d\u00e9claration finale \u00ab\u00a0Notre oc\u00e9an, notre avenir: unis pour une action urgente\u00a0\u00bb.<\/p>\n<p>\u00ab\u00a0L\u2019oc\u00e9an n\u2019est pas encore sauv\u00e9 mais nous avons fait de grands pas dans la bonne direction\u00a0\u00bb, a conclu le maire de Nice, Christian Estrosi, un peu plus t\u00f4t \u00e0 la tribune. \u00ab\u00a0Nice a gagn\u00e9 le pari de l\u2019oc\u00e9an\u00a0\u00bb, a r\u00e9sum\u00e9 Olivier Poivre d\u2019Arvor, envoy\u00e9 sp\u00e9cial du pr\u00e9sident de la R\u00e9publique fran\u00e7aise pour l\u2019Unoc, qui a conclu la conf\u00e9rence en d\u00e9clarant \u00ab\u00a0lev\u00e9e\u00a0\u00bb la pl\u00e9ni\u00e8re de cl\u00f4ture d\u2019un coup de maillet. A l\u2019ext\u00e9rieur du b\u00e2timent, des agents de l\u2019ONU ont abaiss\u00e9 le drapeau des Nations Unies, symbole des 193 \u00c9tats membres, au cours d\u2019une c\u00e9r\u00e9monie sobre et solennelle.<\/p>\n<p>\u00ab\u00a0Apr\u00e8s Nice, l\u2019Oc\u00e9an se portera vraiment mieux\u00a0\u00bb<\/p>\n<p>Pendant cinq jours, Nice a accueilli dans son centre des congr\u00e8s Nicea, sp\u00e9cialement construit sur le port pour l\u2019occasion, 64 chefs d\u2019\u00c9tat et de gouvernement, 28 responsables d\u2019organisations, 115 ministres, et 12.000 d\u00e9l\u00e9gu\u00e9s. Ces personnalit\u00e9s repr\u00e9sentant 90% des zones \u00e9conomiques exclusives mondiales et pr\u00e8s de 85% du volume des ressources li\u00e9es \u00e0 l\u2019Oc\u00e9an, ont r\u00e9pondu pr\u00e9sent \u00e0 l\u2019invitation du secr\u00e9taire g\u00e9n\u00e9ral des Nations Unies Ant\u00f3nio Guterres et des pr\u00e9sidents de la R\u00e9publique fran\u00e7aise Emmanuel Macron et du Costa Rica, Rodrigo Chaves Robles, co-pr\u00e9sidents de la 3e Conf\u00e9rence des Nations Unies sur l\u2019Oc\u00e9an.<\/p>\n<p>Est-ce qu\u2019 \u00ab\u00a0apr\u00e8s Nice, l\u2019Oc\u00e9an se portera vraiment mieux\u00a0\u00bb, comme l\u2019affirme l\u2019oc\u00e9anographe et exploratrice am\u00e9ricaine Sylvia Earle? Olivier Poivre d\u2019Arvor en est persuad\u00e9. Ce vendredi, il a retrac\u00e9 les engagements qui ont \u00e9t\u00e9 scell\u00e9s cette semaine. Ils sont d\u00e9sormais inscrits dans la r\u00e9solution des Nations Unies qui fixe l\u2019h\u00e9ritage de cette troisi\u00e8me conf\u00e9rence. Voici les principales avanc\u00e9es.<\/p>\n<p>Le \u00ab\u00a0trait\u00e9 de Nice\u00a0\u00bb sur la haute mer bient\u00f4t ratifi\u00e9<\/p>\n<p>\u00ab\u00a0L\u2019oc\u00e9an est un bien commun, a rappel\u00e9 Olivier Poivre d\u2019Arvor. C\u2019est une copropri\u00e9t\u00e9. Il n\u2019appartient \u00e0 personne, sauf en ce qui concerne les zones exclusives \u00e9conomiques. Comme dans toute assembl\u00e9e g\u00e9n\u00e9rale, l\u2019important c\u2019est d\u2019avoir le maximum de milli\u00e8me. Alors il peut manquer un pays [les \u00c9tats-Unis, ndlr], mais, \u00e0 Nice, 92% des copropri\u00e9taires \u00e9taient pr\u00e9sents et ont d\u00e9cid\u00e9, consid\u00e9rant leur propre zone exclusive \u00e9conomique, qu\u2019ils devaient s\u2019engager pour prot\u00e9ger l\u2019espace commun, \u00e0 travers le trait\u00e9 BBNJ [pour la biodiversit\u00e9 au-del\u00e0 de la juridiction nationale]\u00a0\u00bb.<\/p>\n<p>A ce jour, 56 pays l\u2019ont ratifi\u00e9. 14s\u2019appr\u00eatent \u00e0 le faire avant le 23 septembre. Ce jour-l\u00e0, se tiendra, \u00e0 New York, la c\u00e9r\u00e9monie officielle de ratification de ce qu\u2019on appelle d\u00e9j\u00e0 \u00ab\u00a0le trait\u00e9 de Nice\u00a0\u00bb. Il devrait entrer en vigueur \u00ab\u00a0au plus tard\u00a0\u00bb en janvier 2026. Il assure aussi la tenue, cette m\u00eame ann\u00e9e, de la COP 1 de l\u2019Oc\u00e9an.<\/p>\n<p>40 pays contre l\u2019exploitation mini\u00e8re<\/p>\n<p>La menace sur les grands fonds marins s\u2019est r\u00e9cemment acc\u00e9l\u00e9r\u00e9e avec le d\u00e9cret, sign\u00e9 le 24 avril par le pr\u00e9sident des \u00c9tats-Unis Donald Trump, pour le lancement de la premi\u00e8re mission d\u2019exploitation mini\u00e8re. \u00ab\u00a0Donc il nous a paru important de r\u00e9affirmer ici, \u00e0 Nice, l\u2019importance d\u2019un organe, cr\u00e9\u00e9 il y a maintenant 40 ans, qui s\u2019appelle l\u2019Autorit\u00e9 internationale des fonds marins\u00a0\u00bb, a rappel\u00e9 l\u2019envoy\u00e9 sp\u00e9cial du pr\u00e9sident pour l\u2019Unoc. C\u2019est dans ce cadre uniquement que pourrait \u00eatre \u00e9labor\u00e9 un code minier autorisant ces pratiques. \u00ab\u00a0Nous sommes 37 \u00e0 40 pays \u00e0 constituer une minorit\u00e9 de blocage et \u00e0 nous opposer \u00e0 l\u2019adoption de ce code minier. Donc les activit\u00e9s l\u00e9gales d\u2019exploitation ne pourront pas commencer\u00a0\u00bb.<\/p>\n<p>Lancement de la mission Neptune<\/p>\n<p>\u00ab\u00a0Nous avons lanc\u00e9, \u00e0 Nice, \u00e0 travers le pacte europ\u00e9en pour l\u2019oc\u00e9an, et \u00e0 travers le soutien de l\u2019Inde et la Chine, un grand programme d\u2019exploration, la mission Neptune\u00a0\u00bb, s\u2019est r\u00e9joui Olivier Poivre d\u2019Arvor. Objectif, investir dans la science et agr\u00e9ger l\u2019ensemble des flottes oc\u00e9anographiques, des agences spatiales mondiales, des organismes publics, des entrepreneurs, pour permettre la cr\u00e9ation d\u2019une base de donn\u00e9es partag\u00e9es sur l\u2019oc\u00e9an.<\/p>\n<p>Plus de 2.500 scientifiques r\u00e9unis au congr\u00e8s One Ocean Science Congress (du 3 au 5 juin) ont act\u00e9 plusieurs autres engagements parmi lesquels le barom\u00e8tre Starfish sur l\u2019\u00e9valuation de la sant\u00e9 de l\u2019oc\u00e9an qui sortira tous les 8 juin.<\/p>\n<p>103 Etats mobilis\u00e9s contre la p\u00eache ill\u00e9gale<\/p>\n<p>103 Etats ont ratifi\u00e9 l\u2019accord sur l\u2019organisation mondiale du commerce pour mettre fin aux subventions ill\u00e9gales \u00e0 la p\u00eache. Or il en faut 111 pour que l\u2019accord soit adopt\u00e9. \u00ab\u00a0Il nous en manque 8. Mais 5 sont s\u00e9curis\u00e9s. Donc je pense que, d\u2019ici la fin de l\u2019ann\u00e9e, nous atteindront les 111 \u00c9tats qui permettront de ratifier cet accord\u00a0\u00bb, confie Olivier Poivre d\u2019Arvor.<\/p>\n<p>Vers un trait\u00e9 sur la r\u00e9duction de la production plastique en ao\u00fbt<\/p>\n<p>La mobilisation et la pr\u00e9sence \u00e0 Nice de 115 ministres de l\u2019Environnement, et l\u2019engagement de 96 d\u2019entre eux pour une d\u00e9claration intitul\u00e9e \u00ab\u00a0Nice wake up call for an ambitious plastics treaty\u00a0\u00bb (appel au r\u00e9veil pour un trait\u00e9 de Nice ambitieux sur les plastiques), \u00ab\u00a0va permettre, qu\u2019\u00e0 Gen\u00e8ve, d\u00e9but ao\u00fbt, nous puissions amener des pays producteurs d\u2019hydrocarbures \u00e0 signer un trait\u00e9 important sur la r\u00e9duction de la production du plastique\u00a0\u00bb, veut croire l\u2019envoy\u00e9 sp\u00e9cial du pr\u00e9sident.<\/p>\n<p>11% d\u2019aires marines prot\u00e9g\u00e9es<\/p>\n<p>\u00ab\u00a0A la veille de l\u2019Unoc, au niveau mondial, nous \u00e9tions \u00e0 8,4% d\u2019aires marines prot\u00e9g\u00e9es. La mobilisation de 14 \u00c9tats a permis de porter ce chiffre \u00e0 11% cette semaine\u00a0\u00bb, a d\u00e9clar\u00e9 Olivier Poivre d\u2019Arvor, rappelant qu\u2019il reste cinq ans \u00e0 la communaut\u00e9 internationale pour atteindre son objectif de prot\u00e9ger 30% des oc\u00e9ans d\u2019ici \u00e0 2030. La France a contribu\u00e9 \u00e0 cet effort avec la cr\u00e9ation, en Polyn\u00e9sie fran\u00e7aise, d\u2019une zone \u00e9conomique exclusive de 500 millions de kilom\u00e8tres carr\u00e9s. A l\u2019horizon 2026, 78% de la zone \u00e9conomique exclusive fran\u00e7aise sera prot\u00e9g\u00e9e, dont 14,8% en zone de protection forte.<\/p>\n","protected":false},"excerpt":{"rendered":"C\u2019est fini. La 3e conf\u00e9rence des Nations Unies pour l\u2019oc\u00e9an s\u2019est achev\u00e9e ce vendredi soir. Peu avant 19&hellip;\n","protected":false},"author":2,"featured_media":177456,"comment_status":"","ping_status":"","sticky":false,"template":"","format":"standard","meta":{"footnotes":""},"categories":[2819],"tags":[1111,11,1129,436,1777,674,1011,27,12,2401,882,25],"class_list":{"0":"post-177455","1":"post","2":"type-post","3":"status-publish","4":"format-standard","5":"has-post-thumbnail","7":"category-nice","8":"tag-actu","9":"tag-actualites","10":"tag-climat","11":"tag-environnement","12":"tag-eu","13":"tag-europe","14":"tag-fr","15":"tag-france","16":"tag-news","17":"tag-nice","18":"tag-provence-alpes-cote-dazur","19":"tag-republique-francaise"},"share_on_mastodon":{"url":"https:\/\/pubeurope.com\/@fr\/114685296223640720","error":""},"_links":{"self":[{"href":"https:\/\/www.europesays.com\/fr\/wp-json\/wp\/v2\/posts\/177455","targetHints":{"allow":["GET"]}}],"collection":[{"href":"https:\/\/www.europesays.com\/fr\/wp-json\/wp\/v2\/posts"}],"about":[{"href":"https:\/\/www.europesays.com\/fr\/wp-json\/wp\/v2\/types\/post"}],"author":[{"embeddable":true,"href":"https:\/\/www.europesays.com\/fr\/wp-json\/wp\/v2\/users\/2"}],"replies":[{"embeddable":true,"href":"https:\/\/www.europesays.com\/fr\/wp-json\/wp\/v2\/comments?post=177455"}],"version-history":[{"count":0,"href":"https:\/\/www.europesays.com\/fr\/wp-json\/wp\/v2\/posts\/177455\/revisions"}],"wp:featuredmedia":[{"embeddable":true,"href":"https:\/\/www.europesays.com\/fr\/wp-json\/wp\/v2\/media\/177456"}],"wp:attachment":[{"href":"https:\/\/www.europesays.com\/fr\/wp-json\/wp\/v2\/media?parent=177455"}],"wp:term":[{"taxonomy":"category","embeddable":true,"href":"https:\/\/www.europesays.com\/fr\/wp-json\/wp\/v2\/categories?post=177455"},{"taxonomy":"post_tag","embeddable":true,"href":"https:\/\/www.europesays.com\/fr\/wp-json\/wp\/v2\/tags?post=177455"}],"curies":[{"name":"wp","href":"https:\/\/api.w.org\/{rel}","templated":true}]}}