{"id":177458,"date":"2025-06-15T03:39:19","date_gmt":"2025-06-15T03:39:19","guid":{"rendered":"https:\/\/www.europesays.com\/fr\/177458\/"},"modified":"2025-06-15T03:39:19","modified_gmt":"2025-06-15T03:39:19","slug":"nantes-handball-fuchse-berlin-24-34-lamines-les-nantais-ne-disputeront-pas-la-finale-de-la-ligue-des-champions","status":"publish","type":"post","link":"https:\/\/www.europesays.com\/fr\/177458\/","title":{"rendered":"Nantes Handball-F\u00fcchse Berlin (24-34)\u00a0: lamin\u00e9s, les Nantais ne disputeront pas la finale de la Ligue des champions"},"content":{"rendered":"<p class=\"paragraph text_align_left\">Dans ce joli printemps pour les sports collectifs fran\u00e7ais, il n\u2019y aura malheureusement pas de 4e club tricolore \u00e0 rallier une finale de la plus prestigieuse des Coupes d\u2019Europe apr\u00e8s Bordeaux-B\u00e8gles (vainqueur de Northampton en rugby), le PSG (laur\u00e9at face \u00e0 l\u2019Inter Milan en foot) et Monaco (battu par l\u2019Olympiakos en basket). Le HBC Nantes s\u2019est, en effet, inclin\u00e9 largement (34-24) ce samedi face aux Allemands de F\u00fcchse Berlin en demi-finale de la Ligue des champions de <a href=\"https:\/\/www.leparisien.fr\/sports\/handball\/\" target=\"_blank\" rel=\"noreferrer nofollow noopener\">handball<\/a>.<\/p>\n<p class=\"paragraph text_align_left\">Dans cette rencontre disput\u00e9e \u00e0 la Lanxess Arena de Cologne (Allemagne), le r\u00e9cent vice-champion de France (derri\u00e8re le PSG), qui disputait son 3e Final Four de C1 (2e en 2028 et 4e en 2021), n\u2019a malheureusement pas exist\u00e9 face au champion d\u2019Allemagne. Bouscul\u00e9s d\u00e8s le d\u00e9but de rencontre (6-3, 7e), les Nantais profitent pourtant de l\u2019expulsion pr\u00e9coce du meilleur joueur berlinois Mathias Gidsel pour un\u2026 tacle sur l\u2019ailier espagnol Kauldi Odriozola Yeregui.<\/p>\n<p class=\"paragraph text_align_left\">Apr\u00e8s une r\u00e9duction du score (7-5), le H conc\u00e8de plusieurs pertes de balles tout en se heurtant \u00e9galement \u00e0 un impeccable portier serbe Dejan Milosevic (15 arr\u00eats \u00e0 40 % de r\u00e9ussite).<\/p>\n<p class=\"paragraph text_align_left\">Men\u00e9s de 6 buts \u00e0 la pause (18-12), les hommes de Gr\u00e9gory Cojean encha\u00eenent les tirs sur les montants et laissent rapidement les Allemands s\u2019\u00e9chapper (21-13, 35e ; 24-15, 46e). L\u2019exp\u00e9rience du champion olympique nantais <a href=\"https:\/\/www.leparisien.fr\/jo-paris-2024\/handball\/jo-paris-handball-ca-me-dechire-au-bord-des-larmes-les-bleus-ruminent-leur-tristesse-apres-lelimination-07-08-2024-ORFUMME3GZDIHDVTVDBO5A2XFQ.php\" target=\"_blank\" rel=\"noreferrer nofollow noopener\">Nicolas Tournat <\/a>(meilleur marqueur c\u00f4t\u00e9 nantais avec 6 r\u00e9alisations) ne suffit pas.<\/p>\n<p class=\"paragraph text_align_left\">Berlin l\u2019emporte finalement (34-24) et participera pour la premi\u00e8re fois de son histoire \u00e0 la finale de C1. Nantes disputera donc demain la petite finale pour la 3e place (15 heures) contre le perdant de la seconde demi-finale opposant le FC Barcelone \u00e0 Magdebourg.<\/p>\n<p class=\"paragraph text_align_left\">\u00ab On a fait un tr\u00e8s mauvais match, c\u2019est un moment assez difficile \u00e0 vivre, souffle le demi-centre Aymeric Minne au micro d\u2019Eurosport. Berlin \u00e9tait sup\u00e9rieur, ils poss\u00e8dent d\u2019excellents joueurs. \u00bb<\/p>\n","protected":false},"excerpt":{"rendered":"Dans ce joli printemps pour les sports collectifs fran\u00e7ais, il n\u2019y aura malheureusement pas de 4e club tricolore&hellip;\n","protected":false},"author":2,"featured_media":177459,"comment_status":"","ping_status":"","sticky":false,"template":"","format":"standard","meta":{"footnotes":""},"categories":[2818],"tags":[1111,11,1777,674,1011,27,1792,766,12,2636,25,60],"class_list":{"0":"post-177458","1":"post","2":"type-post","3":"status-publish","4":"format-standard","5":"has-post-thumbnail","7":"category-nantes","8":"tag-actu","9":"tag-actualites","10":"tag-eu","11":"tag-europe","12":"tag-fr","13":"tag-france","14":"tag-handball","15":"tag-nantes","16":"tag-news","17":"tag-pays-de-la-loire","18":"tag-republique-francaise","19":"tag-sports"},"share_on_mastodon":{"url":"https:\/\/pubeurope.com\/@fr\/114685304187712699","error":""},"_links":{"self":[{"href":"https:\/\/www.europesays.com\/fr\/wp-json\/wp\/v2\/posts\/177458","targetHints":{"allow":["GET"]}}],"collection":[{"href":"https:\/\/www.europesays.com\/fr\/wp-json\/wp\/v2\/posts"}],"about":[{"href":"https:\/\/www.europesays.com\/fr\/wp-json\/wp\/v2\/types\/post"}],"author":[{"embeddable":true,"href":"https:\/\/www.europesays.com\/fr\/wp-json\/wp\/v2\/users\/2"}],"replies":[{"embeddable":true,"href":"https:\/\/www.europesays.com\/fr\/wp-json\/wp\/v2\/comments?post=177458"}],"version-history":[{"count":0,"href":"https:\/\/www.europesays.com\/fr\/wp-json\/wp\/v2\/posts\/177458\/revisions"}],"wp:featuredmedia":[{"embeddable":true,"href":"https:\/\/www.europesays.com\/fr\/wp-json\/wp\/v2\/media\/177459"}],"wp:attachment":[{"href":"https:\/\/www.europesays.com\/fr\/wp-json\/wp\/v2\/media?parent=177458"}],"wp:term":[{"taxonomy":"category","embeddable":true,"href":"https:\/\/www.europesays.com\/fr\/wp-json\/wp\/v2\/categories?post=177458"},{"taxonomy":"post_tag","embeddable":true,"href":"https:\/\/www.europesays.com\/fr\/wp-json\/wp\/v2\/tags?post=177458"}],"curies":[{"name":"wp","href":"https:\/\/api.w.org\/{rel}","templated":true}]}}