{"id":177460,"date":"2025-06-15T03:40:21","date_gmt":"2025-06-15T03:40:21","guid":{"rendered":"https:\/\/www.europesays.com\/fr\/177460\/"},"modified":"2025-06-15T03:40:21","modified_gmt":"2025-06-15T03:40:21","slug":"vigilance-orange-aux-orages-en-gironde-plusieurs-evenements-annules","status":"publish","type":"post","link":"https:\/\/www.europesays.com\/fr\/177460\/","title":{"rendered":"Vigilance orange aux orages en Gironde : plusieurs \u00e9v\u00e8nements annul\u00e9s"},"content":{"rendered":"\n<p>\u00a0<\/p>\n<p>La Gironde sera de nouveau plac\u00e9e en vigilance orange aux orages ce vendredi soir \u00e0 partir de 18h et jusqu&rsquo;\u00e0 minuit. Ce n&rsquo;est pas la premi\u00e8re fois cette semaine. <a href=\"https:\/\/www.witfm.fr\/la-gironde-placee-en-vigilance-orange-aux-orages-ce-mercredi\" rel=\"noopener nofollow\" target=\"_blank\">Le d\u00e9partement avait d\u00e9j\u00e0 \u00e9t\u00e9 plac\u00e9 en vigilance orange mercredi soir<\/a>, les parcs et jardins \u00e9taient rest\u00e9s ferm\u00e9s. <strong>Les organisateurs du <a href=\"https:\/\/www.festival-odp.com\" rel=\"noopener nofollow\" target=\"_blank\">festival ODP <\/a>dans le parc Peixotto de Talence<\/strong> avaient \u00e9t\u00e9 contraints d&rsquo;annuler la premi\u00e8re soir\u00e9e de concerts. Ce sera encore le cas ce vendredi soir. Le festival devait accueillir Pascal Obispo, Styleto et Ben Mazu\u00e9. Les festivaliers peuvent \u00e9videmment pr\u00e9tendre \u00e0 un remboursement suite \u00e0 cette annulation.\u00a0<\/p>\n<p>Les billets 1 jour sont rembours\u00e9s dans leur int\u00e9gralit\u00e9, les autres soir\u00e9es du festival n&rsquo;\u00e9tant pas annul\u00e9es, les Pass 2 et 3 jours comprenant cette soir\u00e9e de vendredi seront rembours\u00e9s au prorata du montant global du pass. Si vous avez achet\u00e9 votre billet sur le site de l&rsquo;\u00e9v\u00e8nement, il n&rsquo;y aura aucune d\u00e9marche \u00e0 faire, vous serez rembours\u00e9s de cette soir\u00e9e sous 5 \u00e0 10 jours. Si vous avez effectu\u00e9 votre achat sur une r\u00e9seau de billeterie annexe, vous devrez contacter ce r\u00e9seau. Les modalit\u00e9s de remboursement sont \u00e0 retrouver sur <a href=\"https:\/\/www.festival-odp.com\/billetterie\" rel=\"noopener nofollow\" target=\"_blank\">le site du festival<\/a>.\u00a0<\/p>\n<p>Autre \u00e9v\u00e8nement annul\u00e9, le concert-d\u00e9gustations qui devait avoir lieu dans le cadre des <strong>Avant-Premi\u00e8res de <a href=\"https:\/\/www.bordeaux-fete-le-vin.com\/avant-premieres\/concerts-degustation\" rel=\"noopener nofollow\" target=\"_blank\">Bordeaux F\u00eate le Vin<\/a> \u00e0 Cenon ce vendredi soir, au parc du Cypressat<\/strong>.\u00a0<\/p>\n<p>\u00a0<\/p>\n<p><strong>Des chutes de gr\u00eale et de fortes rafales de vent\u00a0<\/strong><\/p>\n<p>Dans un communiqu\u00e9, <a href=\"https:\/\/www.gironde.gouv.fr\" rel=\"noopener nofollow\" target=\"_blank\">la pr\u00e9fecture de la Gironde<\/a> appelle \u00e0 la plus grande vigilance. Apr\u00e8s une apr\u00e8s-midi tr\u00e8s chaude, une forte d\u00e9gradation orageuse se mettra en place en d\u00e9but soir\u00e9e et ces orages pourront engendrer des chutes de grosse gr\u00eale, dont le diam\u00e8tre pourrait d\u00e9passer 2 cm, de fortes pluies, une activit\u00e9 \u00e9lectrique importante mais aussi des rafales de vent pouvant d\u00e9passer 100 km\/h. L&rsquo;activit\u00e9 orageuse s&rsquo;affaiblira en cours de nuit mais la Gironde restera plac\u00e9e en vigilance jaune aux orages jusqu&rsquo;\u00e0 samedi soir.\u00a0<\/p>\n<blockquote class=\"twitter-tweet\">\n<p dir=\"ltr\" lang=\"fr\">\ud83d\udfe0\u26c8\ufe0f \u00c0 compter de la fin d&rsquo;apr\u00e8s-midi, <a href=\"https:\/\/twitter.com\/meteofrance?ref_src=twsrc%5Etfw\" rel=\"nofollow noopener\" target=\"_blank\">@meteofrance<\/a> place 17 d\u00e9partements en <a href=\"https:\/\/twitter.com\/hashtag\/VigilanceOrange?src=hash&amp;ref_src=twsrc%5Etfw\" rel=\"nofollow noopener\" target=\"_blank\">#VigilanceOrange<\/a> pour risque d&rsquo;<a href=\"https:\/\/twitter.com\/hashtag\/orages?src=hash&amp;ref_src=twsrc%5Etfw\" rel=\"nofollow noopener\" target=\"_blank\">#orages<\/a>. <\/p>\n<p>Des ph\u00e9nom\u00e8nes localement violents sont attendus du Nord-Ouest au Sud-Ouest du pays.<\/p>\n<p>\ud83d\udcf2 Restez inform\u00e9s sur <a href=\"https:\/\/t.co\/gHVq4UDbAd\" rel=\"nofollow\">https:\/\/t.co\/gHVq4UDbAd<\/a> <a href=\"https:\/\/t.co\/rgA1bzdEuH\" rel=\"nofollow\">pic.twitter.com\/rgA1bzdEuH<\/a><\/p>\n<p>\u2014 Minist\u00e8re de l&rsquo;Int\u00e9rieur (@Interieur_Gouv) <a href=\"https:\/\/twitter.com\/Interieur_Gouv\/status\/1933393863466754362?ref_src=twsrc%5Etfw\" rel=\"nofollow noopener\" target=\"_blank\">June 13, 2025<\/a><\/p><\/blockquote>\n<p><script async src=\"https:\/\/platform.twitter.com\/widgets.js\" charset=\"utf-8\"><\/script><\/p>\n","protected":false},"excerpt":{"rendered":"\u00a0 La Gironde sera de nouveau plac\u00e9e en vigilance orange aux orages ce vendredi soir \u00e0 partir de&hellip;\n","protected":false},"author":2,"featured_media":177461,"comment_status":"","ping_status":"","sticky":false,"template":"","format":"standard","meta":{"footnotes":""},"categories":[2817],"tags":[1111,11,31373,1997,2904,4156,1777,674,2087,849,1011,27,2905,17701,2357,2800,12,2219,4594,738,8916,25,15192],"class_list":{"0":"post-177460","1":"post","2":"type-post","3":"status-publish","4":"format-standard","5":"has-post-thumbnail","7":"category-bordeaux","8":"tag-actu","9":"tag-actualites","10":"tag-annulation","11":"tag-bordeaux","12":"tag-bordeaux-metropole","13":"tag-concerts","14":"tag-eu","15":"tag-europe","16":"tag-evenement","17":"tag-festival","18":"tag-fr","19":"tag-france","20":"tag-gironde","21":"tag-grele","22":"tag-meteo-france","23":"tag-metropole","24":"tag-news","25":"tag-nouvelle-aquitaine","26":"tag-orages","27":"tag-orange","28":"tag-prefecture","29":"tag-republique-francaise","30":"tag-vigilance"},"share_on_mastodon":{"url":"https:\/\/pubeurope.com\/@fr\/114685308005058499","error":""},"_links":{"self":[{"href":"https:\/\/www.europesays.com\/fr\/wp-json\/wp\/v2\/posts\/177460","targetHints":{"allow":["GET"]}}],"collection":[{"href":"https:\/\/www.europesays.com\/fr\/wp-json\/wp\/v2\/posts"}],"about":[{"href":"https:\/\/www.europesays.com\/fr\/wp-json\/wp\/v2\/types\/post"}],"author":[{"embeddable":true,"href":"https:\/\/www.europesays.com\/fr\/wp-json\/wp\/v2\/users\/2"}],"replies":[{"embeddable":true,"href":"https:\/\/www.europesays.com\/fr\/wp-json\/wp\/v2\/comments?post=177460"}],"version-history":[{"count":0,"href":"https:\/\/www.europesays.com\/fr\/wp-json\/wp\/v2\/posts\/177460\/revisions"}],"wp:featuredmedia":[{"embeddable":true,"href":"https:\/\/www.europesays.com\/fr\/wp-json\/wp\/v2\/media\/177461"}],"wp:attachment":[{"href":"https:\/\/www.europesays.com\/fr\/wp-json\/wp\/v2\/media?parent=177460"}],"wp:term":[{"taxonomy":"category","embeddable":true,"href":"https:\/\/www.europesays.com\/fr\/wp-json\/wp\/v2\/categories?post=177460"},{"taxonomy":"post_tag","embeddable":true,"href":"https:\/\/www.europesays.com\/fr\/wp-json\/wp\/v2\/tags?post=177460"}],"curies":[{"name":"wp","href":"https:\/\/api.w.org\/{rel}","templated":true}]}}