{"id":17747,"date":"2025-04-11T16:38:11","date_gmt":"2025-04-11T16:38:11","guid":{"rendered":"https:\/\/www.europesays.com\/fr\/17747\/"},"modified":"2025-04-11T16:38:11","modified_gmt":"2025-04-11T16:38:11","slug":"oliveira-patiente-et-sinterroge-sur-lairbag-apres-sa-blessure-tres-rare","status":"publish","type":"post","link":"https:\/\/www.europesays.com\/fr\/17747\/","title":{"rendered":"Oliveira patiente et s&rsquo;interroge sur l&rsquo;airbag apr\u00e8s sa blessure \u00ab\u00a0tr\u00e8s rare\u00a0\u00bb"},"content":{"rendered":"<p>Bless\u00e9 \u00e0 l&rsquo;\u00e9paule droite apr\u00e8s un accrochage avec <a href=\"https:\/\/fr.motorsport.com\/driver\/fermin-aldeguer\/945314\/\" target=\"_blank\" rel=\"noopener\">Ferm\u00edn Aldeguer<\/a> lors du sprint au GP d&rsquo;Argentine il y a quatre semaines, <a href=\"https:\/\/fr.motorsport.com\/driver\/miguel-oliveira\/109382\/\" target=\"_blank\" rel=\"noopener\">Miguel Oliveira<\/a> est de nouveau sur la touche pour le GP du Qatar. Mais \u00e0 l&rsquo;image de <a href=\"https:\/\/fr.motorsport.com\/driver\/jorge-martin\/109391\/\" target=\"_blank\" rel=\"noopener\">Jorge Mart\u00edn<\/a>\u00a0chez Aprilia \u00e0 Austin, il a d\u00e9cid\u00e9 de rendre visite \u00e0 son \u00e9quipe et de suivre le week-end depuis le garage de Pramac.<\/p>\n<p>Le Portugais a \u00e9galement profit\u00e9 de sa pr\u00e9sence pour faire le point sur sa condition physique. Touch\u00e9 par une\u00a0luxation de l&rsquo;articulation sterno-claviculaire avec rupture du ligament, une blessure aussi complexe que rare, il a \u00e9t\u00e9 contraint \u00e0 un repos total pendant plusieurs semaines. Il saura lundi s&rsquo;il peut gagner en mobilit\u00e9 dans sa r\u00e9\u00e9ducation, avec un \u0153il sur le GP d&rsquo;Espagne dans deux semaines, o\u00f9 il pourrait retrouver sa Yamaha actuellement confi\u00e9e \u00e0 <a href=\"https:\/\/fr.motorsport.com\/driver\/augusto-fernandez\/452210\/\" target=\"_blank\" rel=\"noopener\">Augusto Fern\u00e1ndez<\/a>.<\/p>\n<p>Oliveira, malheureusement habitu\u00e9 aux blessures ces derni\u00e8res ann\u00e9es, est \u00e9galement revenu sur les circonstances\u00a0 de sa chute \u00e0 Termas de R\u00edo Hondo, en s&rsquo;interrogeant sur le r\u00f4le jou\u00e9 par l&rsquo;airbag. Il a enfin racont\u00e9 les moments rocambolesques qui ont suivi la chute, entre une \u00e9paule replac\u00e9e alors qu&rsquo;une infirmi\u00e8re l&rsquo;aidait \u00e0 enlever sa combinaison et une longue incertitude avant de conna\u00eetre la nature exacte de sa blessure.<\/p>\n<p><strong>Comment \u00e7a va\u00a0?<\/strong><\/p>\n<p>Je r\u00e9cup\u00e8re bien. Cela fait plus ou moins quatre semaines que je me suis bless\u00e9 et tout se passe de mieux en mieux. Les trois premi\u00e8res semaines, c&rsquo;\u00e9tait une immobilisation compl\u00e8te et maintenant, j&rsquo;ai plus les sympt\u00f4mes d&rsquo;une \u00e9paule endormie que de la blessure \u00e0 proprement parler, mais il faut encore que \u00e7a gu\u00e9risse. Je passe une IRM lundi et on verra ensuite.<\/p>\n<p><strong>As-tu encore des douleurs\u00a0?<\/strong><\/p>\n<p>Maintenant, heureusement c&rsquo;est termin\u00e9, \u00e7a n&rsquo;est plus v\u00e9ritablement douloureux. Quand on commence \u00e0 faire de petits mouvements, tout avance bien. C&rsquo;\u00e9tait une blessure plus s\u00e9rieuse que ce que j&rsquo;imaginais, une blessure tr\u00e8s rare. Cette luxation du sternum et de la clavicule, ce n&rsquo;est pas si courant. \u00c7a m&rsquo;a surpris parce que je ne m&rsquo;y attendais pas. Je m&rsquo;attendais juste \u00e0 ce que ce soit une clavicule cass\u00e9e, que ce soit r\u00e9solu en trois semaines. Mais c&rsquo;\u00e9tait beaucoup plus dur que \u00e7a donc il faut avancer petit \u00e0 petit.<\/p>\n<p><strong>As-tu r\u00e9alis\u00e9 l&rsquo;ampleur de la blessure sur le moment\u00a0?<\/strong><\/p>\n<p>Absolument pas. La douleur \u00e9tait alarmante, je sentais que c&rsquo;\u00e9tait important, comme une fracture. Dans les premi\u00e8res heures, personne ne pouvait vraiment me dire ce que j&rsquo;avais donc j&rsquo;ai pass\u00e9 un scanner, j&rsquo;ai pass\u00e9 une radio et tout allait bien.<\/p>\n<p>Malencontreusement, quand l&rsquo;infirmi\u00e8re a enlev\u00e9 la combinaison de mon bras droit au centre m\u00e9dical, j&rsquo;ai senti un grand &lsquo;clac&rsquo; dans ma clavicule et je me suis dit &lsquo;oh, elle l&rsquo;a vraiment cass\u00e9e l\u00e0&rsquo;. [rires] En fait, elle a r\u00e9duit la luxation et tout s&rsquo;est remis en place. Mais j&rsquo;ai eu tellement peur qu&rsquo;elle ait cass\u00e9 ma clavicule que quand il y a eu la radio et que tout \u00e9tait n\u00e9gatif, j&rsquo;ai dit &lsquo;comment est-ce possible, j&rsquo;ai entendu le craquement\u00a0?&rsquo;.<\/p>\n<p>Apr\u00e8s, j&rsquo;ai appel\u00e9 mon m\u00e9decin et il m&rsquo;a dit &lsquo;il est probable, \u00e0 90%, que tu aies une luxation du sternum et de la clavicule, garde ton bras immobilis\u00e9 s&rsquo;il te pla\u00eet&rsquo;. Donc je suis all\u00e9 au centre m\u00e9dical en Argentine, ils m&rsquo;ont mis quelque chose de similaire \u00e0 \u00e7a [l&rsquo;attelle qu&rsquo;il porte encore] pour tenir mon bras puis 30 heures apr\u00e8s, chez moi, j&rsquo;ai pass\u00e9 une IRM et \u00e7a a confirm\u00e9 la luxation et la d\u00e9chirure compl\u00e8te des tendons.<\/p>\n<p>   <img decoding=\"async\" draggable=\"false\" src=\"https:\/\/www.europesays.com\/fr\/wp-content\/uploads\/2025\/04\/1744389490_856_miguel-oliveira-pramac-racing.jpg\" alt=\"La moto de Miguel Oliveira, Pramac Racing, forfait\" width=\"1200\" height=\"800\" loading=\"lazy\"\/> <\/p>\n<p class=\"title\">Le num\u00e9ro 88 est absent de la grille depuis sa chute en Argentine.<\/p>\n<p class=\"photographer\">Photo de : Gold and Goose \/ Motorsport Images<\/p>\n<p><strong>Quel est le programme maintenant\u00a0?<\/strong><\/p>\n<p>Il m&rsquo;a dit [que \u00e7a prendrait] deux mois et il est hors de question que je passe deux mois loin de la moto ! On n&rsquo;essaie pas de r\u00e9duire le temps, je fais de la kin\u00e9 et maintenant, j&rsquo;essaie de lentement remobiliser [le bras], mais il n&rsquo;y a aucun moyen d&rsquo;acc\u00e9l\u00e9rer le rattachement d&rsquo;un tendon ou la cr\u00e9ation d&rsquo;un tissu. En faire moins, c&rsquo;est mieux actuellement. Comme vous le savez, il faut \u00eatre bien pour reprendre la comp\u00e9tition, mais aussi en pleine condition. Pour le moment, je ne sais pas si Jerez est possible \u00e0 100% ou \u00e0 50% donc il faut juste qu&rsquo;on avance semaine apr\u00e8s semaine et qu&rsquo;on accepte que ce soit lent.<\/p>\n<p><strong>Quand t&rsquo;attends-tu \u00e0 revenir\u00a0?<\/strong><\/p>\n<p>Mes attentes, \u00e7a serait de monter sur la moto demain mais je sais que c&rsquo;est assez irr\u00e9aliste actuellement. Comme je l&rsquo;ai dit, je passe une nouvelle IRM lundi. On verra la gu\u00e9rison du tendon et dans quelle mesure il est prudent de faire des mouvements \u00e0 plus de 90\u00b0, parce que c&rsquo;est ce qui sollicite vraiment l&rsquo;omoplate et la clavicule. Et si \u00e7a va, on commencera \u00e0 renforcer les exercices. Dans la semaine de Jerez, on saura si c&rsquo;est oui ou non.<\/p>\n<blockquote>\n<p>Je ne sais pas vraiment si l&rsquo;airbag apporte plus de s\u00e9curit\u00e9.<\/p>\n<\/blockquote>\n<p><strong>L&rsquo;airbag a-t-il favoris\u00e9 ce type de blessure, plut\u00f4t qu&rsquo;une fracture\u00a0?<\/strong><\/p>\n<p>C&rsquo;est int\u00e9ressant car j&rsquo;y ai beaucoup r\u00e9fl\u00e9chi et j&rsquo;en ai discut\u00e9 avec Ixon [son \u00e9quipementier] parce que je ne sais pas vraiment si l&rsquo;airbag apporte plus de s\u00e9curit\u00e9. J&rsquo;ai eu une luxation de l&rsquo;\u00e9paule, c&rsquo;\u00e9tait au niveau du sternum mais je n&rsquo;ai pas cass\u00e9 la clavicule. Mais on voit des blessures \u00e0 la clavicule avec l&rsquo;airbag, donc je ne pense pas que ce soit si s\u00fbr. Sinon, je ne sais pas si c&rsquo;est tr\u00e8s s\u00fbr de se retourner dans les graviers quand c&rsquo;est totalement gonfl\u00e9 au niveau des bras, car quand on se retourne on a des chocs sur les mains.<\/p>\n<p>Je ne dis pas qu&rsquo;il faut abandonner les airbags mais il est certain qu&rsquo;il y a une marge de progr\u00e8s dans le syst\u00e8me, en particulier dans la quantit\u00e9 d&rsquo;air qui y p\u00e9n\u00e8tre, parce que chaque corps a une taille diff\u00e9rente. Certains pilotes aiment que la combinaison soit assez serr\u00e9e, je n&rsquo;aime pas que ce soit ample. Cela ouvre un peu la discussion sur la fa\u00e7on de r\u00e9guler \u00e7a.<\/p>\n<p><strong>Quelle a \u00e9t\u00e9 la r\u00e9ponse de ton \u00e9quipementier\u00a0?<\/strong><\/p>\n<p>Pas grand-chose. Ils ont dit qu&rsquo;il fallait faire des analyses mais ils doivent aussi se conformer au r\u00e8glement. Chaque marque respecte le r\u00e8glement donc c&rsquo;est plus la FIM qui doit ouvrir la discussion avec les \u00e9quipementiers.<\/p>\n<p>   <img decoding=\"async\" draggable=\"false\" src=\"https:\/\/www.europesays.com\/fr\/wp-content\/uploads\/2025\/04\/1744389491_302_miguel-oliveira-pramac-racing.jpg\" alt=\"Miguel Oliveira, Pramac Racing\" width=\"1200\" height=\"800\" loading=\"lazy\"\/> <\/p>\n<p class=\"title\">Miguel Oliveira (Pramac Racing)<\/p>\n<p class=\"photographer\">Photo de : Pramac Racing<\/p>\n<p><strong>As-tu l&rsquo;impression d&rsquo;avoir un chat noir avec ces blessures \u00e0 r\u00e9p\u00e9tition aux \u00e9paules\u00a0?<\/strong><\/p>\n<p>Maintenant, c&rsquo;est la troisi\u00e8me ann\u00e9e cons\u00e9cutive que je me blesse apr\u00e8s un accrochage. Je ne peux pas vous en donner la raison pr\u00e9cise mais je pense que j&rsquo;attire ces situations. Je ne suis pas tomb\u00e9 avec la Yamaha, sauf lors de cette chute et je me suis bless\u00e9. Comme vous pouvez l&rsquo;imaginer, c&rsquo;est un peu frustrant mais je dois regarder devant, sinon on reste dans cette boucle n\u00e9gative et \u00e7a n&rsquo;aide pas du tout.<\/p>\n<p><strong>Est-ce la m\u00eame blessure que celle que tu avais eue \u00e0 Silverstone [en 2019]\u00a0?<\/strong><\/p>\n<p>Non, \u00e0 Silverstone, c&rsquo;\u00e9tait l&rsquo;\u00e9paule.<\/p>\n<p><strong>Et Jerez [en 2023]\u00a0?<\/strong><\/p>\n<p>\u00c0 Jerez, c&rsquo;\u00e9tait une luxation et une fracture de l&rsquo;\u00e9paule.<\/p>\n<p><strong>C&rsquo;est la m\u00eame \u00e9paule\u00a0?<\/strong><\/p>\n<p>\u00c0 Silverstone, c&rsquo;\u00e9tait l&rsquo;\u00e9paule droite, et \u00e0 Jerez la gauche.<\/p>\n<p><strong>Penses-tu que les pr\u00e9c\u00e9dentes blessures ont eu une influence\u00a0?<\/strong><\/p>\n<p>Non, pas du tout, et je m&rsquo;\u00e9tais tr\u00e8s bien remis. Il n&rsquo;y a pas de lien.<\/p>\n<p>Lire aussi :<\/p>\n<p>Dans cet article<\/p>\n<p>    Vincent Lalanne-Sicaud\n<\/p>\n<p>    MotoGP\n<\/p>\n<p>    Miguel Oliveira\n<\/p>\n<p>    Pramac Racing\n<\/p>\n<p>Soyez le premier inform\u00e9 et souscrivez aux alertes mails pour recevoir les infos en temps r\u00e9el<\/p>\n<p>    S&rsquo;abonner aux alertes de news<\/p>\n","protected":false},"excerpt":{"rendered":"Bless\u00e9 \u00e0 l&rsquo;\u00e9paule droite apr\u00e8s un accrochage avec Ferm\u00edn Aldeguer lors du sprint au GP d&rsquo;Argentine il y&hellip;\n","protected":false},"author":2,"featured_media":17748,"comment_status":"","ping_status":"","sticky":false,"template":"","format":"standard","meta":{"footnotes":""},"categories":[1413],"tags":[1011,27,3594,1457,1456,1458,3593,60],"class_list":{"0":"post-17747","1":"post","2":"type-post","3":"status-publish","4":"format-standard","5":"has-post-thumbnail","7":"category-moto","8":"tag-fr","9":"tag-france","10":"tag-miguel-oliveira","11":"tag-moto","12":"tag-motocycle","13":"tag-motogp","14":"tag-pramac-racing","15":"tag-sports"},"share_on_mastodon":{"url":"https:\/\/pubeurope.com\/@fr\/114320317083007757","error":""},"_links":{"self":[{"href":"https:\/\/www.europesays.com\/fr\/wp-json\/wp\/v2\/posts\/17747","targetHints":{"allow":["GET"]}}],"collection":[{"href":"https:\/\/www.europesays.com\/fr\/wp-json\/wp\/v2\/posts"}],"about":[{"href":"https:\/\/www.europesays.com\/fr\/wp-json\/wp\/v2\/types\/post"}],"author":[{"embeddable":true,"href":"https:\/\/www.europesays.com\/fr\/wp-json\/wp\/v2\/users\/2"}],"replies":[{"embeddable":true,"href":"https:\/\/www.europesays.com\/fr\/wp-json\/wp\/v2\/comments?post=17747"}],"version-history":[{"count":0,"href":"https:\/\/www.europesays.com\/fr\/wp-json\/wp\/v2\/posts\/17747\/revisions"}],"wp:featuredmedia":[{"embeddable":true,"href":"https:\/\/www.europesays.com\/fr\/wp-json\/wp\/v2\/media\/17748"}],"wp:attachment":[{"href":"https:\/\/www.europesays.com\/fr\/wp-json\/wp\/v2\/media?parent=17747"}],"wp:term":[{"taxonomy":"category","embeddable":true,"href":"https:\/\/www.europesays.com\/fr\/wp-json\/wp\/v2\/categories?post=17747"},{"taxonomy":"post_tag","embeddable":true,"href":"https:\/\/www.europesays.com\/fr\/wp-json\/wp\/v2\/tags?post=17747"}],"curies":[{"name":"wp","href":"https:\/\/api.w.org\/{rel}","templated":true}]}}