{"id":177470,"date":"2025-06-15T03:46:15","date_gmt":"2025-06-15T03:46:15","guid":{"rendered":"https:\/\/www.europesays.com\/fr\/177470\/"},"modified":"2025-06-15T03:46:15","modified_gmt":"2025-06-15T03:46:15","slug":"hautes-alpes-le-lait-des-hautes-alpes-pour-repondre-a-la-collecte-durgence-de-la-banque-alimentaire-des-bouches-du-rhone","status":"publish","type":"post","link":"https:\/\/www.europesays.com\/fr\/177470\/","title":{"rendered":"Hautes-Alpes. Le lait des Hautes-Alpes pour r\u00e9pondre \u00e0 la collecte d\u2019urgence\u00a0de la Banque alimentaire des Bouches-du-Rh\u00f4ne"},"content":{"rendered":"<p>La Banque Alimentaire des Bouches-du-Rh\u00f4ne alerte depuis le mois d\u2019avril quant \u00e0 une p\u00e9nurie pr\u00e9occupante d\u2019huile et de lait dans ses stocks. Une situation critique qu\u2019elle explique par la conjoncture \u2013 baisse des dotations financi\u00e8res et des produits \u2013 qui fragilise les stocks et r\u00e9duit ainsi sa capacit\u00e9 \u00e0 faire face aux besoins croissants des 180 associations partenaires et b\u00e9n\u00e9ficiaires. Dans ce contexte, la Banque alimentaire a lanc\u00e9 une collecte d\u2019huile et de lait.<\/p>\n<p>Une collecte \u00e0 laquelle a r\u00e9pondu la Fondation Cr\u00e9dit agricole Alpes Provence en achetant 15\u00a0000 litres de lait \u00e0 des producteurs haut-alpins par l\u2019interm\u00e9diaire d\u2019une laiterie locale, celle du col Bayard. \u201cPour cette op\u00e9ration solidaire, nous avons souhait\u00e9 associer le monde agricole haut-alpin reconnu pour son excellence dans la fili\u00e8re laiti\u00e8re, afin de fournir \u00e0 l\u2019association un lait local et de qualit\u00e9\u201d, a d\u00e9clar\u00e9 Franck Alexandre, pr\u00e9sident du Cr\u00e9dit Agricole Alpes Provence et de sa Fondation. Apr\u00e8s une premi\u00e8re livraison le 30\u00a0avril, les derni\u00e8res bouteilles de lait ont \u00e9t\u00e9 remises \u00e0 la Banque Alimentaire le 28\u00a0mai, \u00e0 Marseille.<\/p>\n","protected":false},"excerpt":{"rendered":"La Banque Alimentaire des Bouches-du-Rh\u00f4ne alerte depuis le mois d\u2019avril quant \u00e0 une p\u00e9nurie pr\u00e9occupante d\u2019huile et de&hellip;\n","protected":false},"author":2,"featured_media":177471,"comment_status":"","ping_status":"","sticky":false,"template":"","format":"standard","meta":{"footnotes":""},"categories":[2814],"tags":[1111,11,327,885,33,4521,1777,674,1011,27,881,884,12,882,25,801],"class_list":{"0":"post-177470","1":"post","2":"type-post","3":"status-publish","4":"format-standard","5":"has-post-thumbnail","7":"category-marseille","8":"tag-actu","9":"tag-actualites","10":"tag-agriculture","11":"tag-bouches-du-rhone","12":"tag-economie","13":"tag-edition-hautes-alpes-alpes-de-haute-provence","14":"tag-eu","15":"tag-europe","16":"tag-fr","17":"tag-france","18":"tag-hautes-alpes","19":"tag-marseille","20":"tag-news","21":"tag-provence-alpes-cote-dazur","22":"tag-republique-francaise","23":"tag-social"},"share_on_mastodon":{"url":"https:\/\/pubeurope.com\/@fr\/114685331605948218","error":""},"_links":{"self":[{"href":"https:\/\/www.europesays.com\/fr\/wp-json\/wp\/v2\/posts\/177470","targetHints":{"allow":["GET"]}}],"collection":[{"href":"https:\/\/www.europesays.com\/fr\/wp-json\/wp\/v2\/posts"}],"about":[{"href":"https:\/\/www.europesays.com\/fr\/wp-json\/wp\/v2\/types\/post"}],"author":[{"embeddable":true,"href":"https:\/\/www.europesays.com\/fr\/wp-json\/wp\/v2\/users\/2"}],"replies":[{"embeddable":true,"href":"https:\/\/www.europesays.com\/fr\/wp-json\/wp\/v2\/comments?post=177470"}],"version-history":[{"count":0,"href":"https:\/\/www.europesays.com\/fr\/wp-json\/wp\/v2\/posts\/177470\/revisions"}],"wp:featuredmedia":[{"embeddable":true,"href":"https:\/\/www.europesays.com\/fr\/wp-json\/wp\/v2\/media\/177471"}],"wp:attachment":[{"href":"https:\/\/www.europesays.com\/fr\/wp-json\/wp\/v2\/media?parent=177470"}],"wp:term":[{"taxonomy":"category","embeddable":true,"href":"https:\/\/www.europesays.com\/fr\/wp-json\/wp\/v2\/categories?post=177470"},{"taxonomy":"post_tag","embeddable":true,"href":"https:\/\/www.europesays.com\/fr\/wp-json\/wp\/v2\/tags?post=177470"}],"curies":[{"name":"wp","href":"https:\/\/api.w.org\/{rel}","templated":true}]}}