{"id":177480,"date":"2025-06-15T03:54:22","date_gmt":"2025-06-15T03:54:22","guid":{"rendered":"https:\/\/www.europesays.com\/fr\/177480\/"},"modified":"2025-06-15T03:54:22","modified_gmt":"2025-06-15T03:54:22","slug":"paris-nantes-700-passagers-bloques-dans-un-train","status":"publish","type":"post","link":"https:\/\/www.europesays.com\/fr\/177480\/","title":{"rendered":"Paris-Nantes\u00a0: 700 passagers bloqu\u00e9s dans un train"},"content":{"rendered":"<p class=\"jsx-4058425199 jsx-2164199691 ExpandableText__Text\">C\u2019\u00e9tait un vendredi 13 de malchance pour les voyageurs d\u2019un TGV entre Paris et Nantes. Les 700 passagers ont d\u2019abord \u00e9t\u00e9 arr\u00eat\u00e9s pr\u00e8s de la gare de Beaugency (Loiret) avant de conna\u00eetre toute une succession d\u2019incidents et de revenir \u00e0 leur point de d\u00e9part au milieu de la nuit. Selon la SNCF, les conditions m\u00e9t\u00e9o auraient pu causer ces perturbations. Depuis ce samedi matin, la circulation est r\u00e9tablie sur cette ligne-ci. Mais en Normandie, o\u00f9 les orages ont \u00e9t\u00e9 virulents, la circulation reste perturb\u00e9e.<\/p>\n<p>Lire plusReplier<\/p>\n","protected":false},"excerpt":{"rendered":"C\u2019\u00e9tait un vendredi 13 de malchance pour les voyageurs d\u2019un TGV entre Paris et Nantes. Les 700 passagers&hellip;\n","protected":false},"author":2,"featured_media":177481,"comment_status":"","ping_status":"","sticky":false,"template":"","format":"standard","meta":{"footnotes":""},"categories":[1888],"tags":[1111,1928,11,1927,1777,674,1011,27,5008,12,1926,626,1925,25,2215,926,2803,133,8191],"class_list":{"0":"post-177480","1":"post","2":"type-post","3":"status-publish","4":"format-standard","5":"has-post-thumbnail","7":"category-paris","8":"tag-actu","9":"tag-actu-paris","10":"tag-actualites","11":"tag-actualites-paris","12":"tag-eu","13":"tag-europe","14":"tag-fr","15":"tag-france","16":"tag-le-13h","17":"tag-news","18":"tag-news-paris","19":"tag-paris","20":"tag-paris-news","21":"tag-republique-francaise","22":"tag-sncf","23":"tag-train","24":"tag-transport","25":"tag-video","26":"tag-video-transports"},"share_on_mastodon":{"url":"https:\/\/pubeurope.com\/@fr\/114685363036306880","error":""},"_links":{"self":[{"href":"https:\/\/www.europesays.com\/fr\/wp-json\/wp\/v2\/posts\/177480","targetHints":{"allow":["GET"]}}],"collection":[{"href":"https:\/\/www.europesays.com\/fr\/wp-json\/wp\/v2\/posts"}],"about":[{"href":"https:\/\/www.europesays.com\/fr\/wp-json\/wp\/v2\/types\/post"}],"author":[{"embeddable":true,"href":"https:\/\/www.europesays.com\/fr\/wp-json\/wp\/v2\/users\/2"}],"replies":[{"embeddable":true,"href":"https:\/\/www.europesays.com\/fr\/wp-json\/wp\/v2\/comments?post=177480"}],"version-history":[{"count":0,"href":"https:\/\/www.europesays.com\/fr\/wp-json\/wp\/v2\/posts\/177480\/revisions"}],"wp:featuredmedia":[{"embeddable":true,"href":"https:\/\/www.europesays.com\/fr\/wp-json\/wp\/v2\/media\/177481"}],"wp:attachment":[{"href":"https:\/\/www.europesays.com\/fr\/wp-json\/wp\/v2\/media?parent=177480"}],"wp:term":[{"taxonomy":"category","embeddable":true,"href":"https:\/\/www.europesays.com\/fr\/wp-json\/wp\/v2\/categories?post=177480"},{"taxonomy":"post_tag","embeddable":true,"href":"https:\/\/www.europesays.com\/fr\/wp-json\/wp\/v2\/tags?post=177480"}],"curies":[{"name":"wp","href":"https:\/\/api.w.org\/{rel}","templated":true}]}}