{"id":177490,"date":"2025-06-15T03:59:08","date_gmt":"2025-06-15T03:59:08","guid":{"rendered":"https:\/\/www.europesays.com\/fr\/177490\/"},"modified":"2025-06-15T03:59:08","modified_gmt":"2025-06-15T03:59:08","slug":"une-maree-humaine-anti-trump-defile-a-travers-les-etats-unis","status":"publish","type":"post","link":"https:\/\/www.europesays.com\/fr\/177490\/","title":{"rendered":"Une mar\u00e9e humaine anti-Trump d\u00e9file \u00e0 travers les \u00c9tats-Unis"},"content":{"rendered":"\n<p>\u201cLe pr\u00e9sident Donald Trump a eu droit samedi\u201d \u00e0 la parade militaire \u201cde ses r\u00eaves\u201d, <a class=\"ithalc\" data-ithal=\"lien_externe\" data-ithalc=\"[nav_article]\" target=\"_blank\" href=\"https:\/\/www.washingtonpost.com\/politics\/2025\/06\/14\/trump-parade-birthday-army-anniversary\/\" rel=\"noopener\">constate le <strong>Washington Post<\/strong><\/a>\u00a0: \u201cUne grande d\u00e9monstration de puissance militaire et de z\u00e8le patriotique, le long du National Mall [\u00e0 Washington] \u00e0 l\u2019occasion de son 79e anniversaire\u201d.<\/p>\n<p>\u201cMais ce d\u00e9fil\u00e9 a eu lieu lors d\u2019une journ\u00e9e nuageuse, qui a cl\u00f4tur\u00e9 l\u2019une des semaines les plus tumultueuses de sa pr\u00e9sidence\u00a0: d\u00e9ploiement de troupes dans les rues de [Los Angeles] la deuxi\u00e8me ville du pays, lancement de missiles au Moyen-Orient et, moins de 24\u00a0heures avant le d\u00e9but du d\u00e9fil\u00e9, meurtre cibl\u00e9 d\u2019une \u00e9lue et de son conjoint dans le Minnesota\u201d, temp\u00e8re le quotidien de la capitale.<\/p>\n<p><a class=\"ithalc\" data-ithal=\"lien_externe\" data-ithalc=\"[nav_article]\" target=\"_blank\" href=\"https:\/\/www.cnn.com\/us\/live-news\/minnesota-shootings-manhunt-06-14-25\" rel=\"noopener\"><strong>CNN<\/strong> pr\u00e9cise<\/a> que \u201cMelissa Hortman, 55\u00a0ans, repr\u00e9sentante d\u00e9mocrate du Minnesota et son mari ont \u00e9t\u00e9 tu\u00e9s \u00e0 leur domicile samedi au petit matin\u201d, dans un \u201cacte d\u00e9lib\u00e9r\u00e9 de violence politique\u201d, selon Tim Walz, gouverneur de l\u2019\u00c9tat. Le suspect, un homme blanc de 57\u00a0ans, \u00e9tait toujours activement recherch\u00e9 samedi soir. Les enqu\u00eates ont trouv\u00e9 dans son v\u00e9hicule une liste de 70\u00a0cibles potentielles, \u201cd\u00e9mocrates pour la plupart\u201d.<\/p>\n<p>Mais si ce samedi 14\u00a0juin \u00e9tait \u00e0 marquer d\u2019une pierre blanche, c\u2019est aussi et surtout parce qu\u2019il a vu \u201cdes millions d\u2019Am\u00e9ricains \u00e0 travers le pays\u201d participer \u201caux plus grandes manifestations coordonn\u00e9es contre le pr\u00e9sident depuis le d\u00e9but de son deuxi\u00e8me mandat\u201d, <a class=\"ithalc\" data-ithal=\"lien_externe\" data-ithalc=\"[nav_article]\" target=\"_blank\" href=\"https:\/\/www.politico.com\/news\/2025\/06\/14\/no-kings-protest-trump-00406243\" rel=\"noopener\">souligne <strong>Politico<\/strong>.<\/a><\/p>\n<p>               Un d\u00e9fil\u00e9 militaire \u00e0 45\u00a0millions de dollars       <\/p>\n<p>Plus de 2\u00a0000\u00a0d\u00e9fil\u00e9s \u00e9taient organis\u00e9s dans les cinquante \u00c9tats du pays sous le slogan \u201cNo Kings\u201d (\u201c\u00a0Pas de rois\u201d), \u00e0 l\u2019appel de plus d\u2019une centaine d\u2019organisations exc\u00e9d\u00e9es par \u201cla r\u00e9pression des immigr\u00e9s, les coupes budg\u00e9taires f\u00e9d\u00e9rales\u201d et ce fameux \u201cd\u00e9fil\u00e9 militaire\u201d au budget royal de 45\u00a0millions de dollars, <a class=\"ithalc\" data-ithal=\"lien_externe\" data-ithalc=\"[nav_article]\" target=\"_blank\" href=\"https:\/\/www.nytimes.com\/live\/2025\/06\/14\/us\/protests-news\" rel=\"noopener\">rel\u00e8ve le <strong>New York Times<\/strong>.<\/a><\/p>\n<p>Les manifestants \u201cont envahi les places, les rues et les parcs de tout le pays, organisant une mobilisation de masse appelant \u00e0 prot\u00e9ger la d\u00e9mocratie am\u00e9ricaine face \u00e0 un pr\u00e9sident que de nombreux opposants accusent d\u2019abuser des pouvoirs de sa fonction\u201d, rapporte le quotidien.<\/p>\n<p>\u00c0 Los Angeles, objet de tous les regards apr\u00e8s une semaine de manifestations en r\u00e9ponse aux raids muscl\u00e9s des agents de l\u2019immigration dans la m\u00e9gapole et ses environs, \u201cdes dizaines de milliers de manifestants\u201d ont d\u00e9fil\u00e9 dans une ambiance g\u00e9n\u00e9ralement bon enfant, avec force slogans et messages \u201cd\u00e9peignant le pr\u00e9sident comme un aspirant monarque violant les r\u00e8gles de la d\u00e9mocratie\u201d, <a class=\"ithalc\" data-ithal=\"lien_externe\" data-ithalc=\"[nav_article]\" target=\"_blank\" href=\"https:\/\/www.latimes.com\/california\/story\/2025-06-14\/la-me-no-kings-marches-los-angeles\" rel=\"noopener\">raconte le <strong>Los Angeles Times<\/strong>.<\/a><\/p>\n<p>Pour le quotidien de la c\u00f4te ouest, les images de Los Angeles, avec ses banderoles \u201cfaisant r\u00e9f\u00e9rence \u00e0 la fondation de la nation en 1776, ses drapeaux am\u00e9ricains, mexicains, guat\u00e9malt\u00e8ques et salvadoriens\u201d, ou ses pancartes proclamant \u201cprotester est patriotique\u201d, \u201ccontrastaient fortement\u201d avec celles de Washington, o\u00f9 le seul d\u00e9fil\u00e9 \u00e9tait celui des militaires, \u201csoigneusement orchestr\u00e9\u201d par la Maison-Blanche, avec \u201cses chars et ses soldats en treillis\u201d.<\/p>\n<p>               Peu de d\u00e9bordements       <\/p>\n<p><a class=\"ithalc\" data-ithal=\"lien_externe\" data-ithalc=\"[nav_article]\" target=\"_blank\" href=\"https:\/\/www.usatoday.com\/story\/news\/nation\/2025\/06\/14\/no-kings-anti-trump-protests-live-updates\/84131727007\/\" rel=\"noopener\">Selon <strong>USA Today<\/strong><\/a>, peu de d\u00e9bordements ont \u00e9t\u00e9 constat\u00e9s \u00e0 travers le pays et les confrontations entre manifestants et policiers ont \u00e9t\u00e9 rares. \u00c0 Los Angeles, la tension est mont\u00e9e bri\u00e8vement en fin de journ\u00e9e entre manifestants et forces de l\u2019ordre, qui ont lanc\u00e9 des gaz lacrymog\u00e8nes pour disperser la foule rassembl\u00e9e devant un b\u00e2timent f\u00e9d\u00e9ral du centre-ville. Les autorit\u00e9s ont affirm\u00e9 que les manifestants avaient jet\u00e9 \u201cdes pierres, des briques et des bouteilles\u201d contre les forces de l\u2019ordre.<\/p>\n<p>Portland et Atlanta ont \u00e9galement \u00e9t\u00e9 le th\u00e9\u00e2tre d\u2019affrontements, tandis qu\u2019\u00e0 une centaine de kilom\u00e8tres de Washington, \u201cun homme a intentionnellement lanc\u00e9 son SUV sur des manifestants qui commen\u00e7aient \u00e0 se disperser, percutant au moins une personne\u201d, rapporte le quotidien am\u00e9ricain.<\/p>\n<p>Si les chiffres de participation variaient d\u2019une source \u00e0 l\u2019autre, l\u2019association des droits civiques ACLU\u00a0estimait samedi soir que les manifestations avaient rassembl\u00e9 \u201cplus de cinq millions\u201d de personnes, <a class=\"ithalc\" data-ithal=\"lien_externe\" data-ithalc=\"[nav_article]\" target=\"_blank\" href=\"https:\/\/www.theguardian.com\/us-news\/live\/2025\/jun\/14\/trump-birthday-military-parade-no-kings-protest-live-updates\" rel=\"noopener\">rel\u00e8ve <strong>The Guardian<\/strong>.<\/a><\/p>\n<p>\u201cLes manifestations d\u2019aujourd\u2019hui lancent un message retentissant\u00a0: les gens \u00e0 travers le pays ne se laisseront pas intimider par les tactiques d\u2019intimidation du pr\u00e9sident Trump\u201d, a d\u00e9clar\u00e9 Deirdre Schifeling, l\u2019une des responsables de l\u2019ACLU. \u201cLes Am\u00e9ricains sont des gens courageux et \u00e9pris de d\u00e9mocratie, qui ne resteront pas les bras crois\u00e9s pendant que l\u2019administration Trump r\u00e9duit en miettes notre Constitution\u201d.<\/p>\n<p>               Le d\u00e9fil\u00e9 militaire, \u201cun spectacle\u00a0pour le pr\u00e9sident\u201d       <\/p>\n<p>Mais le locataire de la Maison-Blanche ne semblait gu\u00e8re int\u00e9ress\u00e9 par la mar\u00e9e humaine criant sa col\u00e8re \u00e0 travers le pays, r\u00e9servant son attention \u00e0 \u201cl\u2019extravagant d\u00e9fil\u00e9 militaire\u201d qu\u2019il avait imagin\u00e9 \u201cavant m\u00eame son premier mandat\u201d, <a class=\"ithalc\" data-ithal=\"lien_externe\" data-ithalc=\"[nav_article]\" target=\"_blank\" href=\"https:\/\/www.washingtonexaminer.com\/news\/white-house\/3442213\/trump-gets-first-term-wish-of-military-parade\/\" rel=\"noopener\">observe le tr\u00e8s conservateur <strong>Washington Examiner<\/strong>.<\/a><\/p>\n<p>La parade a r\u00e9uni \u201cplus de 6\u00a0000 soldats, environ 150 v\u00e9hicules et 50 avions\u201d et c\u00e9l\u00e9brait officiellement \u201cle 250e anniversaire de la cr\u00e9ation de l\u2019arm\u00e9e am\u00e9ricaine\u201d, pr\u00e9cise le quotidien.<\/p>\n<p><a class=\"ithalc\" data-ithal=\"lien_externe\" data-ithalc=\"[nav_article]\" target=\"_blank\" href=\"https:\/\/elpais.com\/internacional\/2025-06-15\/la-lluvia-y-la-escasa-asistencia-deslucen-el-desfile-de-cumpleanos-de-trump.html\" rel=\"noopener\">Mais pour <strong>El Pa\u00eds<\/strong><\/a>, c\u2019\u00e9tait en r\u00e9alit\u00e9 \u201cune sorte de f\u00eate priv\u00e9e\u201d, organis\u00e9e \u201ccomme un spectacle pour le pr\u00e9sident\u201d, qui f\u00eatait ses 79\u00a0ans et pour qui certains membres de l\u2019assistance ont entonn\u00e9 un \u201cBon anniversaire\u201d.<\/p>\n<p>\u201cProt\u00e9g\u00e9 par une vitre pare-balles, Trump est rest\u00e9 assis la majeure partie du temps dans la galerie d\u2019honneur, avec le ministre de la D\u00e9fense Pete Hegseth \u00e0 sa droite et la Premi\u00e8re dame Melania Trump \u00e0 sa gauche\u201d, remarque le quotidien madril\u00e8ne. Un \u201cpetit concert\u201d a cl\u00f4tur\u00e9 l\u2019\u00e9v\u00e9nement, durant lequel \u201cles artistes tournaient le dos au public et se produisaient pour le pr\u00e9sident et son entourage\u201d.<\/p>\n<p>Dans l\u2019histoire am\u00e9ricaine, peu friande de d\u00e9fil\u00e9s militaires, \u201caucun pr\u00e9sident ne s\u2019\u00e9tait risqu\u00e9 \u00e0 une telle personnification du pouvoir\u201d, <a class=\"ithalc\" data-ithal=\"lien_externe\" data-ithalc=\"[nav_article]\" target=\"_blank\" href=\"https:\/\/www.lesoir.be\/681644\/article\/2025-06-13\/trump-realise-son-reve-dun-defile-militaire-la-francaise-le-jour-de-son\" rel=\"noopener\">analyse <strong>Le Soir<\/strong>.<\/a> \u201cLes chefs d\u2019\u00c9tat sont toujours rest\u00e9s relativement prudents et consensuels sur la question militaire. Mais dans un style qui lui est propre, Donald Trump aime briser les codes\u201d.<\/p>\n","protected":false},"excerpt":{"rendered":"\u201cLe pr\u00e9sident Donald Trump a eu droit samedi\u201d \u00e0 la parade militaire \u201cde ses r\u00eaves\u201d, constate le Washington&hellip;\n","protected":false},"author":2,"featured_media":177491,"comment_status":"","ping_status":"","sticky":false,"template":"","format":"standard","meta":{"footnotes":""},"categories":[1589],"tags":[11,3822,2139,75,73,1866,1061,6116,1272,12,316,4409,770,1864,1865,1863,308],"class_list":{"0":"post-177490","1":"post","2":"type-post","3":"status-publish","4":"format-standard","5":"has-post-thumbnail","7":"category-etats-unis","8":"tag-actualites","9":"tag-amu00e9riques","10":"tag-californie","11":"tag-donald-trump","12":"tag-etats-unis","13":"tag-etats-unis-damerique","14":"tag-immigration","15":"tag-los-angeles","16":"tag-manifestations","17":"tag-news","18":"tag-politique","19":"tag-ru00e9veil","20":"tag-u00e9tats-unis","21":"tag-united-states","22":"tag-united-states-of-america","23":"tag-us","24":"tag-usa"},"share_on_mastodon":{"url":"https:\/\/pubeurope.com\/@fr\/114685382748175843","error":""},"_links":{"self":[{"href":"https:\/\/www.europesays.com\/fr\/wp-json\/wp\/v2\/posts\/177490","targetHints":{"allow":["GET"]}}],"collection":[{"href":"https:\/\/www.europesays.com\/fr\/wp-json\/wp\/v2\/posts"}],"about":[{"href":"https:\/\/www.europesays.com\/fr\/wp-json\/wp\/v2\/types\/post"}],"author":[{"embeddable":true,"href":"https:\/\/www.europesays.com\/fr\/wp-json\/wp\/v2\/users\/2"}],"replies":[{"embeddable":true,"href":"https:\/\/www.europesays.com\/fr\/wp-json\/wp\/v2\/comments?post=177490"}],"version-history":[{"count":0,"href":"https:\/\/www.europesays.com\/fr\/wp-json\/wp\/v2\/posts\/177490\/revisions"}],"wp:featuredmedia":[{"embeddable":true,"href":"https:\/\/www.europesays.com\/fr\/wp-json\/wp\/v2\/media\/177491"}],"wp:attachment":[{"href":"https:\/\/www.europesays.com\/fr\/wp-json\/wp\/v2\/media?parent=177490"}],"wp:term":[{"taxonomy":"category","embeddable":true,"href":"https:\/\/www.europesays.com\/fr\/wp-json\/wp\/v2\/categories?post=177490"},{"taxonomy":"post_tag","embeddable":true,"href":"https:\/\/www.europesays.com\/fr\/wp-json\/wp\/v2\/tags?post=177490"}],"curies":[{"name":"wp","href":"https:\/\/api.w.org\/{rel}","templated":true}]}}