{"id":177494,"date":"2025-06-15T04:01:16","date_gmt":"2025-06-15T04:01:16","guid":{"rendered":"https:\/\/www.europesays.com\/fr\/177494\/"},"modified":"2025-06-15T04:01:16","modified_gmt":"2025-06-15T04:01:16","slug":"linstitut-ifo-releve-sa-prevision-de-croissance-a-03-pour-2025","status":"publish","type":"post","link":"https:\/\/www.europesays.com\/fr\/177494\/","title":{"rendered":"L\u2019institut IFO rel\u00e8ve sa pr\u00e9vision de croissance \u00e0 0,3% pour 2025"},"content":{"rendered":"<p>\t\t\tL\u2019Allemagne devrait enregistrer une croissance de 0,3% en 2025, selon les derni\u00e8res pr\u00e9visions de l\u2019Institut allemand de recherche \u00e9conomique (IFO), qui tablait en mars dernier sur une progression de 0,2%.<\/p>\n<p class=\"ai-optimize-6\" style=\"text-align: justify;\">Cette l\u00e9g\u00e8re r\u00e9vision \u00e0 la hausse intervient apr\u00e8s une hausse de 0,4% du PIB au premier trimestre, port\u00e9e notamment par une anticipation des exportations vers les \u00c9tats-Unis avant l\u2019entr\u00e9e en vigueur de nouveaux droits de douane.<\/p>\n<p>Dans ses pr\u00e9visions estivales, l\u2019IFO estime que la crise \u00e9conomique a atteint son point bas durant l\u2019hiver 2024\/2025. La consommation priv\u00e9e, en hausse depuis quatre trimestres, b\u00e9n\u00e9ficie d\u2019un regain de pouvoir d\u2019achat gr\u00e2ce \u00e0 la progression des revenus r\u00e9els.<\/p>\n<p>Cette dynamique devrait toutefois s\u2019interrompre, avec une stagnation attendue au deuxi\u00e8me trimestre, en raison d\u2019un recul de la production industrielle et des exportations en avril.<\/p>\n<p>L\u2019Institut munichois souligne n\u00e9anmoins une am\u00e9lioration de la conjoncture globale, port\u00e9e par de meilleures perspectives de commandes, un climat de confiance plus favorable, ainsi que par l\u2019espoir suscit\u00e9 par le nouveau de gouvernement et les avanc\u00e9es dans les n\u00e9gociations commerciales avec les \u00c9tats-Unis.<\/p>\n<p>Dans ce contexte, une croissance de 1,5% est d\u00e9sormais pr\u00e9vue en 2026, contre 0,8% dans les pr\u00e9visions de mars.<\/p>\n<p>Cet ajustement s\u2019explique principalement par les mesures de relance budg\u00e9taire annonc\u00e9es par le nouveau gouvernement, d\u2019un montant estim\u00e9 \u00e0 10 milliards d\u2019euros en 2025 et 57 milliards en 2026, soutenues par des all\u00e8gements fiscaux.<\/p>\n<p>En mati\u00e8re d\u2019inflation, l\u2019IFO pr\u00e9voit un taux de 2,1% en 2025, r\u00e9vis\u00e9 en baisse de 0,2 point, puis une stabilit\u00e9 \u00e0 2% en 2026. L\u2019inflation sous-jacente, hors \u00e9nergie et produits alimentaires, devrait atteindre 2,6% en 2025 et 2,3% l\u2019ann\u00e9e suivante.<\/p>\n<p>Le d\u00e9ficit public devrait reculer de 2,7% du PIB en 2024 \u00e0 2,3% en 2025, avant de remonter \u00e0 3,4% en 2026. La dette publique atteindrait alors 64% du PIB.<\/p>\n<p>Sur le march\u00e9 du travail, une baisse de 26.000 emplois est anticip\u00e9e cette ann\u00e9e, suivie d\u2019une reprise avec 121.000 cr\u00e9ations en 2026. Le taux de ch\u00f4mage devrait quant \u00e0 lui s\u2019\u00e9tablir \u00e0 6,3% en 2025, puis \u00e0 6,1% l\u2019ann\u00e9e suivante.<\/p>\n<p>Selon les derni\u00e8res pr\u00e9visions du gouvernement allemand, le PIB devrait stagner en 2025, avant d\u2019enregistrer une croissance de 1% en 2026. L\u2019Organisation de coop\u00e9ration et de d\u00e9veloppement \u00e9conomiques (OCDE) pr\u00e9voit pour sa part une estimation plus optimiste, avec une croissance de 0,4% en 2025, puis de 1,2% en 2026.<\/p>\n<p class=\"ai-optimize-7\" style=\"text-align: justify;\">Avec MAP<\/p>\n","protected":false},"excerpt":{"rendered":"L\u2019Allemagne devrait enregistrer une croissance de 0,3% en 2025, selon les derni\u00e8res pr\u00e9visions de l\u2019Institut allemand de recherche&hellip;\n","protected":false},"author":2,"featured_media":177495,"comment_status":"","ping_status":"","sticky":false,"template":"","format":"standard","meta":{"footnotes":""},"categories":[1587],"tags":[11,672,8438,1804,913,1805,1803,2811,1777,674,1801,31374,10149,12,1802],"class_list":{"0":"post-177494","1":"post","2":"type-post","3":"status-publish","4":"format-standard","5":"has-post-thumbnail","7":"category-allemagne","8":"tag-actualites","9":"tag-allemagne","10":"tag-allemand","11":"tag-bundesrepublik-deutschland","12":"tag-croissance","13":"tag-de","14":"tag-deutschland","15":"tag-economique","16":"tag-eu","17":"tag-europe","18":"tag-germany","19":"tag-ifo","20":"tag-institut","21":"tag-news","22":"tag-republique-federale-dallemagne"},"share_on_mastodon":{"url":"https:\/\/pubeurope.com\/@fr\/114685390600785275","error":""},"_links":{"self":[{"href":"https:\/\/www.europesays.com\/fr\/wp-json\/wp\/v2\/posts\/177494","targetHints":{"allow":["GET"]}}],"collection":[{"href":"https:\/\/www.europesays.com\/fr\/wp-json\/wp\/v2\/posts"}],"about":[{"href":"https:\/\/www.europesays.com\/fr\/wp-json\/wp\/v2\/types\/post"}],"author":[{"embeddable":true,"href":"https:\/\/www.europesays.com\/fr\/wp-json\/wp\/v2\/users\/2"}],"replies":[{"embeddable":true,"href":"https:\/\/www.europesays.com\/fr\/wp-json\/wp\/v2\/comments?post=177494"}],"version-history":[{"count":0,"href":"https:\/\/www.europesays.com\/fr\/wp-json\/wp\/v2\/posts\/177494\/revisions"}],"wp:featuredmedia":[{"embeddable":true,"href":"https:\/\/www.europesays.com\/fr\/wp-json\/wp\/v2\/media\/177495"}],"wp:attachment":[{"href":"https:\/\/www.europesays.com\/fr\/wp-json\/wp\/v2\/media?parent=177494"}],"wp:term":[{"taxonomy":"category","embeddable":true,"href":"https:\/\/www.europesays.com\/fr\/wp-json\/wp\/v2\/categories?post=177494"},{"taxonomy":"post_tag","embeddable":true,"href":"https:\/\/www.europesays.com\/fr\/wp-json\/wp\/v2\/tags?post=177494"}],"curies":[{"name":"wp","href":"https:\/\/api.w.org\/{rel}","templated":true}]}}