{"id":177498,"date":"2025-06-15T04:03:09","date_gmt":"2025-06-15T04:03:09","guid":{"rendered":"https:\/\/www.europesays.com\/fr\/177498\/"},"modified":"2025-06-15T04:03:09","modified_gmt":"2025-06-15T04:03:09","slug":"lunion-europeenne-reaffirme-sa-vive-inquietude","status":"publish","type":"post","link":"https:\/\/www.europesays.com\/fr\/177498\/","title":{"rendered":"l&rsquo;Union Europ\u00e9enne r\u00e9affirme sa \u00ab\u00a0vive inqui\u00e9tude\u00a0\u00bb"},"content":{"rendered":"<p style=\"text-align: justify;\">Le samedi 14 juin 2025, l\u2019Union Europ\u00e9enne s\u2019est dite \u00ab\u00a0tr\u00e8s inqui\u00e8te\u00a0\u00bb et a r\u00e9it\u00e9r\u00e9 son appel \u00e0 la d\u00e9sescalade et au respect du droit international, au deuxi\u00e8me jour de l\u2019attaque sans pr\u00e9c\u00e9dent d\u2019<a href=\"https:\/\/yop.l-frii.com\/conflit-israel-iran-la-mise-en-garde-du-president-turc-recep-tayyip-erdogan\/\" target=\"_blank\" rel=\"noopener\">Isra\u00ebl<\/a> contre l\u2019Iran, suivie d\u2019une riposte de T\u00e9h\u00e9ran par des tirs de missiles.<\/p>\n<p style=\"text-align: justify;\">Dans un communiqu\u00e9, les 27 pays membres ont exprim\u00e9 leur \u00ab\u00a0plus vive inqui\u00e9tude face \u00e0 la dangereuse escalade qui menace de d\u00e9stabiliser le Moyen-Orient suite aux frappes isra\u00e9liennes contre l\u2019Iran et \u00e0 la riposte de ce dernier\u00a0\u00bb.<\/p>\n<p style=\"text-align: justify;\">\u00ab\u00a0<strong>L\u2019Union Europ\u00e9enne r\u00e9it\u00e8re son ferme engagement en faveur de la s\u00e9curit\u00e9 r\u00e9gionale, y compris celle de l\u2019\u00c9tat d\u2019Isra\u00ebl<\/strong>\u00ab\u00a0, poursuit le texte diffus\u00e9 par les services de la cheffe de la diplomatie de l\u2019UE Kaja Kallas.<\/p>\n<p style=\"text-align: justify;\">Les 27 appellent \u00ab\u00a0<strong>toutes les parties \u00e0 respecter le droit international, \u00e0 faire preuve de retenue et \u00e0 s\u2019abstenir de toute nouvelle mesure susceptible d\u2019entra\u00eener de graves cons\u00e9quences, telles qu\u2019un \u00e9ventuel rejet radioactif<\/strong>\u00ab\u00a0.<\/p>\n<p style=\"text-align: justify;\">L\u2019objectif d\u2019Isra\u00ebl est de d\u00e9manteler les capacit\u00e9s militaires et nucl\u00e9aires de la R\u00e9publique islamique, son ennemi jur\u00e9.<\/p>\n<p style=\"text-align: justify;\">Le vendredi 13 juin 2025, des frappes isra\u00e9liennes ont touch\u00e9 plus de 200 sites militaires et nucl\u00e9aires, tuant plusieurs hauts responsables des forces de s\u00e9curit\u00e9 iraniennes.<\/p>\n<p style=\"text-align: justify;\">Pour justifier cette attaque d\u2019ampleur Isra\u00ebl a affirm\u00e9 disposer de renseignements prouvant que T\u00e9h\u00e9ran s\u2019approchait du \u00ab\u00a0<strong>point de non-retour<\/strong>\u00a0\u00bb vers la bombe atomique.<\/p>\n<p style=\"text-align: justify;\">L\u2019Iran a ripost\u00e9 d\u00e8s le vendredi 13 juin 2025 par des tirs de missiles, dont plusieurs ont atteint la r\u00e9gion de Tel-Aviv dans le centre d\u2019Isra\u00ebl.<\/p>\n<p style=\"text-align: justify;\">Dans la soir\u00e9e du samedi 14 juin 2025, l\u2019Union Europ\u00e9enne a rappel\u00e9 avoir \u00ab\u00a0<strong>toujours clairement indiqu\u00e9 que l\u2019Iran ne doit jamais \u00eatre autoris\u00e9 \u00e0 se doter de l\u2019arme nucl\u00e9aire<\/strong>\u00ab\u00a0.<\/p>\n<p style=\"text-align: justify;\">Le bloc europ\u00e9en s\u2019est dit \u00ab\u00a0<strong>pr\u00e9occup\u00e9 par le r\u00e9cent rapport de l\u2019AIEA (l\u2019Agence internationale de l\u2019\u00e9nergie atomique, ndlr), sur la base duquel le Conseil des gouverneurs de l\u2019AIEA a conclu que l\u2019Iran ne respectait pas ses obligations juridiquement contraignantes en mati\u00e8re de garanties nucl\u00e9aires<\/strong>\u00ab\u00a0.<\/p>\n<p style=\"text-align: justify;\">\u201c<strong>Mais une s\u00e9curit\u00e9 durable se construit par la diplomatie, pas par l\u2019action militaire<\/strong>\u201d, a soulign\u00e9 l\u2019UE.<\/p>\n<p style=\"text-align: justify;\">\u00a9 Agence France-Presse<\/p>\n","protected":false},"excerpt":{"rendered":"Le samedi 14 juin 2025, l\u2019Union Europ\u00e9enne s\u2019est dite \u00ab\u00a0tr\u00e8s inqui\u00e8te\u00a0\u00bb et a r\u00e9it\u00e9r\u00e9 son appel \u00e0 la&hellip;\n","protected":false},"author":2,"featured_media":177499,"comment_status":"","ping_status":"","sticky":false,"template":"","format":"standard","meta":{"footnotes":""},"categories":[1586],"tags":[11,2120,1777,674,1779,1011,27,3019,664,12,25,1778,364],"class_list":{"0":"post-177498","1":"post","2":"type-post","3":"status-publish","4":"format-standard","5":"has-post-thumbnail","7":"category-europe","8":"tag-actualites","9":"tag-conflit","10":"tag-eu","11":"tag-europe","12":"tag-european-union","13":"tag-fr","14":"tag-france","15":"tag-iran","16":"tag-israel","17":"tag-news","18":"tag-republique-francaise","19":"tag-ue","20":"tag-union-europeenne"},"share_on_mastodon":{"url":"https:\/\/pubeurope.com\/@fr\/114685398460924302","error":""},"_links":{"self":[{"href":"https:\/\/www.europesays.com\/fr\/wp-json\/wp\/v2\/posts\/177498","targetHints":{"allow":["GET"]}}],"collection":[{"href":"https:\/\/www.europesays.com\/fr\/wp-json\/wp\/v2\/posts"}],"about":[{"href":"https:\/\/www.europesays.com\/fr\/wp-json\/wp\/v2\/types\/post"}],"author":[{"embeddable":true,"href":"https:\/\/www.europesays.com\/fr\/wp-json\/wp\/v2\/users\/2"}],"replies":[{"embeddable":true,"href":"https:\/\/www.europesays.com\/fr\/wp-json\/wp\/v2\/comments?post=177498"}],"version-history":[{"count":0,"href":"https:\/\/www.europesays.com\/fr\/wp-json\/wp\/v2\/posts\/177498\/revisions"}],"wp:featuredmedia":[{"embeddable":true,"href":"https:\/\/www.europesays.com\/fr\/wp-json\/wp\/v2\/media\/177499"}],"wp:attachment":[{"href":"https:\/\/www.europesays.com\/fr\/wp-json\/wp\/v2\/media?parent=177498"}],"wp:term":[{"taxonomy":"category","embeddable":true,"href":"https:\/\/www.europesays.com\/fr\/wp-json\/wp\/v2\/categories?post=177498"},{"taxonomy":"post_tag","embeddable":true,"href":"https:\/\/www.europesays.com\/fr\/wp-json\/wp\/v2\/tags?post=177498"}],"curies":[{"name":"wp","href":"https:\/\/api.w.org\/{rel}","templated":true}]}}