{"id":177504,"date":"2025-06-15T04:06:14","date_gmt":"2025-06-15T04:06:14","guid":{"rendered":"https:\/\/www.europesays.com\/fr\/177504\/"},"modified":"2025-06-15T04:06:14","modified_gmt":"2025-06-15T04:06:14","slug":"boxe-olympique-junior-tadah-cree-la-sensation-lors-de-france","status":"publish","type":"post","link":"https:\/\/www.europesays.com\/fr\/177504\/","title":{"rendered":"Boxe\u00a0olympique. Junior Tadah cr\u00e9e la sensation lors de France"},"content":{"rendered":"<p>Pour sa premi\u00e8re cape en \u00e9quipe de France de boxe olympique, Junior Tadah a marqu\u00e9 les esprits. Ce jeune boxeur de V\u00e9nissieux, licenci\u00e9 depuis peu au Boxing Lyon United, n\u2019a pas eu froid aux yeux en acceptant de monter sur le ring\u00a0pour d\u00e9fier le champion cubain Jorge Santos, chez les 86\u00a0kg, avec seulement deux jours de pr\u00e9paration dans les jambes. \u00ab\u00a0La belle histoire\u00a0\u00bb a eu lieu, ce samedi soir, \u00e0 l\u2019occasion d\u2019un match de gala entre les deux nations (perdu 6-4 par les Tricolores) dans les Yvelines.<\/p>\n<p>  \u00ab\u00a0Je garde la t\u00eate froide\u00a0\u00bb<\/p>\n<p>Junior Tadah, \u00ab\u00a0guerrier\u00a0\u00bb de 19 ans, baptis\u00e9 par ses proches \u00ab\u00a0petit Tyson\u00a0\u00bb, a fait mieux que se d\u00e9fendre, puisqu\u2019il a remport\u00e9 son combat en y ajoutant, en plus, la mani\u00e8re. \u00ab\u00a0Malgr\u00e9 son peu d\u2019exp\u00e9rience, il a box\u00e9 sans complexe\u00a0\u00bb, a constat\u00e9 <a href=\"https:\/\/www.leprogres.fr\/p\/kamel-hasni\" target=\"_blank\" rel=\"noopener\">Kamel Hasni<\/a>, l\u2019entra\u00eeneur des Bleus sous le charme de cet athl\u00e8te au grand potentiel. \u00ab\u00a0J\u2019ai profit\u00e9 \u00e0 100\u00a0% de l\u2019\u00e9v\u00e9nement, j\u2019ai tout donn\u00e9\u00a0\u00bb, a confi\u00e9 pour sa part Junior Tadah, appel\u00e9 en derni\u00e8re minute pour suppl\u00e9er le Lyonnais <a href=\"https:\/\/www.leprogres.fr\/p\/yojerlin-cesar\" target=\"_blank\" rel=\"noopener\">Yojerlin Cesar<\/a>, pr\u00e9serv\u00e9 pour un poignet endolori. \u00ab\u00a0La suite\u00a0? Je vais \u00e9couter les consignes des entra\u00eeneurs. J\u2019ai pass\u00e9 un cap, mais je garde la t\u00eate froide\u00a0\u00bb, assure le champion en devenir.<\/p>\n","protected":false},"excerpt":{"rendered":"Pour sa premi\u00e8re cape en \u00e9quipe de France de boxe olympique, Junior Tadah a marqu\u00e9 les esprits. Ce&hellip;\n","protected":false},"author":2,"featured_media":177505,"comment_status":"","ping_status":"","sticky":false,"template":"","format":"standard","meta":{"footnotes":""},"categories":[4],"tags":[11,13740,2757,1011,27,2428,2756,12,25,517,21508],"class_list":{"0":"post-177504","1":"post","2":"type-post","3":"status-publish","4":"format-standard","5":"has-post-thumbnail","7":"category-france","8":"tag-actualites","9":"tag-boxe","10":"tag-edition-lyon-villeurbanne","11":"tag-fr","12":"tag-france","13":"tag-lyon","14":"tag-lyon-bassin","15":"tag-news","16":"tag-republique-francaise","17":"tag-sport","18":"tag-sports-de-combat"},"share_on_mastodon":{"url":"https:\/\/pubeurope.com\/@fr\/114685410368429507","error":""},"_links":{"self":[{"href":"https:\/\/www.europesays.com\/fr\/wp-json\/wp\/v2\/posts\/177504","targetHints":{"allow":["GET"]}}],"collection":[{"href":"https:\/\/www.europesays.com\/fr\/wp-json\/wp\/v2\/posts"}],"about":[{"href":"https:\/\/www.europesays.com\/fr\/wp-json\/wp\/v2\/types\/post"}],"author":[{"embeddable":true,"href":"https:\/\/www.europesays.com\/fr\/wp-json\/wp\/v2\/users\/2"}],"replies":[{"embeddable":true,"href":"https:\/\/www.europesays.com\/fr\/wp-json\/wp\/v2\/comments?post=177504"}],"version-history":[{"count":0,"href":"https:\/\/www.europesays.com\/fr\/wp-json\/wp\/v2\/posts\/177504\/revisions"}],"wp:featuredmedia":[{"embeddable":true,"href":"https:\/\/www.europesays.com\/fr\/wp-json\/wp\/v2\/media\/177505"}],"wp:attachment":[{"href":"https:\/\/www.europesays.com\/fr\/wp-json\/wp\/v2\/media?parent=177504"}],"wp:term":[{"taxonomy":"category","embeddable":true,"href":"https:\/\/www.europesays.com\/fr\/wp-json\/wp\/v2\/categories?post=177504"},{"taxonomy":"post_tag","embeddable":true,"href":"https:\/\/www.europesays.com\/fr\/wp-json\/wp\/v2\/tags?post=177504"}],"curies":[{"name":"wp","href":"https:\/\/api.w.org\/{rel}","templated":true}]}}