{"id":177520,"date":"2025-06-15T04:16:09","date_gmt":"2025-06-15T04:16:09","guid":{"rendered":"https:\/\/www.europesays.com\/fr\/177520\/"},"modified":"2025-06-15T04:16:09","modified_gmt":"2025-06-15T04:16:09","slug":"laurent-baffie-surpris-par-les-propos-delodie-frege-dans-lemission-coloscopie","status":"publish","type":"post","link":"https:\/\/www.europesays.com\/fr\/177520\/","title":{"rendered":"Laurent Baffie surpris par les propos d\u2019Elodie Fr\u00e9g\u00e9 dans l\u2019\u00e9mission Coloscopie"},"content":{"rendered":"<p>Elle n\u2019avait rien \u00e0 vendre, aucune promotion \u00e0 faire, mais a accord\u00e9 une interview \u00e0 <a data-i13n=\"cpos:1;pos:1\" href=\"https:\/\/fr.news.yahoo.com\/il-y-a-des-choses-qui-me-font-honte-laurent-baffie-exprime-des-regrets-sur-sa-carriere-dans-quelle-epoque-063114029.html?guccounter=1&amp;guce_referrer=aHR0cHM6Ly93d3cuZ29vZ2xlLmNvbS8&amp;guce_referrer_sig=AQAAAJQ0UqKpW5z-BvcIypCgAEvPgKKb84kPWLAuiB637QbdT7kGDmNhpZWTzYA1Glb3MbcxjHepgdYgvS3rLagrR-irJBxLEf-5Y6RJrehZ0pNGevh7SP_ai5wjepFQhPt2qOdSVtjazK7hveaCvfj-sCkQqoa6zLtOEBS0f53jUDQj\" data-ylk=\"slk:Laurent Baffie;cpos:1;pos:1;elm:context_link;itc:0;sec:content-canvas;outcm:mb_qualified_link;_E:mb_qualified_link;ct:story;\" class=\"link  yahoo-link\" target=\"_blank\" rel=\"noopener\">Laurent Baffie<\/a> par pure amiti\u00e9. <a data-i13n=\"cpos:2;pos:1\" href=\"https:\/\/fr.style.yahoo.com\/jaurais-pu-avoir-%C3%A9lodie-fr%C3%A9g%C3%A9-070000970.html\" data-ylk=\"slk:Elodie Fr\u00e9g\u00e9;cpos:2;pos:1;elm:context_link;itc:0;sec:content-canvas;outcm:mb_qualified_link;_E:mb_qualified_link;ct:story;\" class=\"link  yahoo-link\" target=\"_blank\" rel=\"noopener\">Elodie Fr\u00e9g\u00e9<\/a> a r\u00e9pondu durant plus d\u2019une heure aux questions parfois tr\u00e8s personnelles de l\u2019humoriste, dans son nouveau format de vid\u00e9os baptis\u00e9 \u00ab\u00a0<a data-i13n=\"cpos:3;pos:1\" href=\"https:\/\/fr.news.yahoo.com\/coloscopie-alternative-%C3%A0-solution-buvable-102604120.html\" data-ylk=\"slk:Coloscopie;cpos:3;pos:1;elm:context_link;itc:0;sec:content-canvas;outcm:mb_qualified_link;_E:mb_qualified_link;ct:story;\" class=\"link  yahoo-link\" target=\"_blank\" rel=\"noopener\">Coloscopie<\/a>\u00ab\u00a0. L\u2019occasion pour la gagnante de la <a data-i13n=\"cpos:4;pos:1\" href=\"https:\/\/fr.news.yahoo.com\/3-nomm%C3%A9s-star-academy-2024-164100503.html\" data-ylk=\"slk:Star Acad\u00e9my;cpos:4;pos:1;elm:context_link;itc:0;sec:content-canvas;outcm:mb_qualified_link;_E:mb_qualified_link;ct:story;\" class=\"link  yahoo-link\" target=\"_blank\" rel=\"noopener\">Star Acad\u00e9my<\/a> 3 de d\u00e9voiler des facettes tr\u00e8s \u00e9tonnantes de sa personnalit\u00e9. Ainsi, l\u2019artiste qui n\u2019h\u00e9site pas \u00e0 jouer de sa <a data-i13n=\"cpos:5;pos:1\" href=\"https:\/\/fr.style.yahoo.com\/jassume-sexualit%C3%A9-sensualit%C3%A9-cest-hyper-160000224.html\" data-ylk=\"slk:sensualit\u00e9;cpos:5;pos:1;elm:context_link;itc:0;sec:content-canvas;outcm:mb_qualified_link;_E:mb_qualified_link;ct:story;\" class=\"link  yahoo-link\" target=\"_blank\" rel=\"noopener\">sensualit\u00e9<\/a> sur sc\u00e8ne, a confi\u00e9 avoir en r\u00e9alit\u00e9 des difficult\u00e9s \u00e0 se sentir d\u00e9sirable. La faute \u00e0 une adolescence marqu\u00e9e par les complexes. \u00ab\u00a0\u00c0 l\u2019int\u00e9rieur, je reste cette adolescente grande asperge livide, un peu bouffie\u00a0\u00bb, a expliqu\u00e9 celle qui a aussi \u00ab\u00a0louch\u00e9 pendant des ann\u00e9es\u00a0\u00bb : \u00ab\u00a0c\u2019\u00e9tait pas facile, car les enfants sont assez d\u00e9gueulasses entre eux&#8230;\u00a0\u00bb.<\/p>\n<p>\u00ab\u00a0J\u2019ai cess\u00e9 certaines grossesses dans ma vie\u00a0\u00bb<\/p>\n<p>\u00c0 43 ans, Elodie Fr\u00e9g\u00e9 n\u2019a pas d\u2019enfant. Une situation sur laquelle Laurent Baffie l\u2019a invit\u00e9e \u00e0 s\u2019exprimer. Si elle a dans un premier expliqu\u00e9 n\u2019avoir jamais \u00e9t\u00e9 \u00ab\u00a0obs\u00e9d\u00e9e\u00a0\u00bb par l\u2019id\u00e9e d\u2019avoir un b\u00e9b\u00e9, la chanteuse a aussi \u00e9voqu\u00e9 son endom\u00e9triose, qui pourrait compliquer la d\u00e9marche pour elle : \u00ab\u00a0peut-\u00eatre que je me mens \u00e0 moi-m\u00eame, parce que je sais au fond de moi que j\u2019ai ce souci\u00a0\u00bb, a-t-elle admis en toute transparence. L\u2019interview\u00e9e a ensuite fait une r\u00e9v\u00e9lation suppl\u00e9mentaire, en confiant avoir \u00ab\u00a0cess\u00e9 certaines grossesses dans [s]a vie\u00a0\u00bb. \u00ab\u00a0Je suis ravie que ce soit quelque chose qui soit encore possible chez nous en France\u00a0\u00bb, a-t-elle alors ajout\u00e9.<\/p>\n<p>Mais la confidence qui a le plus surpris Laurent Baffie est intervenue un peu plus tard dans l\u2019\u00e9mission. Au moment de jouer au c\u00e9l\u00e8bre jeu du \u00ab\u00a0Tu pr\u00e9f\u00e8res\u00a0\u00bb, la chanteuse a d\u00fb choisir entre l\u2019id\u00e9e de \u00ab\u00a0boire un litre de whisky cul sec ou prendre trois rails de coke\u00a0\u00bb. Une question \u00e0 laquelle elle a r\u00e9pondu malicieusement qu\u2019elle d\u00e9testait le whisky, laissant entendre que la drogue ne lui \u00e9tait pas \u00e9trang\u00e8re&#8230; Et c\u2019est en effet ce qu\u2019elle a confirm\u00e9 quelques secondes plus tard : \u00ab\u00a0j\u2019ai tout go\u00fbt\u00e9 !\u00a0\u00bb, a-t-elle dit, pr\u00e9cisant cependant ne pas \u00eatre \u00ab\u00a0tr\u00e8s addicte\u00a0\u00bb : \u00ab\u00a0Je crois que la coke est devenue tellement mauvaise qu\u2019il vaut mieux arr\u00eater&#8230;\u00a0\u00bb.<\/p>\n<p>\u00ab\u00a0J\u2019aime bien les champignons&#8230;\u00a0\u00bb<\/p>\n<p>Sans surprise, Laurent Baffie l\u2019a alors pouss\u00e9e \u00e0 en dire davantage sur ses pr\u00e9f\u00e9rences en la mati\u00e8re : \u00ab\u00a0j\u2019aime bien les champignons. Il existe des petites fioles que tu peux faire en micro dosing \u00e0 base de champignons et mol\u00e9cules de LSD, et \u00e7a ne t\u2019envoie pas chez l\u2019ORL tous les quatre matins !\u00a0\u00bb, a alors affirm\u00e9 celle qui a pr\u00e9cis\u00e9 le faire \u00ab\u00a0avec parcimonie\u00a0\u00bb. Toujours guid\u00e9e par l\u2019intervieweur, l\u2019artiste a aussi racont\u00e9 avoir consult\u00e9 des chamanes et pris de l\u2019ayahuasca (ndlr : pr\u00e9paration hallucinog\u00e8ne originaire d&rsquo;Am\u00e9rique du Sud).<\/p>\n<p>\u00ab\u00a0Je crois aux vies ant\u00e9rieures et en la m\u00e9moire transg\u00e9n\u00e9rationnelle, donc suite \u00e0 certaines visions, j\u2019ai pu poser des questions, explorer ce qui s\u2019\u00e9tait pass\u00e9 dans la lign\u00e9e de femmes du c\u00f4t\u00e9 de ma m\u00e8re, les ranger dans un tiroir et vivre avec\u00a0\u00bb, a-t-elle d\u00e9taill\u00e9. Artistiquement aussi, Elodie Fr\u00e9g\u00e9 estime que la pratique du chamanisme l&rsquo;a aid\u00e9e : \u00ab\u00a0\u00e7a te permet de canaliser les choses dans toutes les dimensions [&#8230;] car parfois j\u2019ai 12 000 id\u00e9es \u00e0 la fois et \u00e7a me t\u00e9tanise\u00a0\u00bb, a-t-elle dit, pr\u00e9cisant l\u2019importance de le faire \u00ab\u00a0accompagn\u00e9 et avec douceur\u00a0\u00bb. Mais pas de quoi rassurer Laurent Baffie qui lui a alors lanc\u00e9 du tac au tac : \u00ab\u00a0tu es en train de faire l\u2019apologie de la drogue en fait !\u00a0\u00bb.<\/p>\n<p>La chanteuse a alors pr\u00e9cis\u00e9 de nouveau qu\u2019il s\u2019agissait de \u00ab\u00a0micro dosing\u00a0\u00bb, dans la m\u00eame veine que le CBD. \u00ab\u00a0Admettons !\u00a0\u00bb, a alors conclu Laurent Baffie, un peu dubitatif, avant de passer \u00e0 un autre sujet&#8230;<\/p>\n","protected":false},"excerpt":{"rendered":"Elle n\u2019avait rien \u00e0 vendre, aucune promotion \u00e0 faire, mais a accord\u00e9 une interview \u00e0 Laurent Baffie par&hellip;\n","protected":false},"author":2,"featured_media":177521,"comment_status":"","ping_status":"","sticky":false,"template":"","format":"standard","meta":{"footnotes":""},"categories":[1359],"tags":[8284,29894,58,30120,59,1011,27,9005,7547,973],"class_list":{"0":"post-177520","1":"post","2":"type-post","3":"status-publish","4":"format-standard","5":"has-post-thumbnail","7":"category-people","8":"tag-capture-ecran","9":"tag-consommation-de-drogues","10":"tag-divertissement","11":"tag-elodie-frege","12":"tag-entertainment","13":"tag-fr","14":"tag-france","15":"tag-la-chanteuse","16":"tag-laurent-baffie","17":"tag-people"},"share_on_mastodon":{"url":"https:\/\/pubeurope.com\/@fr\/114685449546679570","error":""},"_links":{"self":[{"href":"https:\/\/www.europesays.com\/fr\/wp-json\/wp\/v2\/posts\/177520","targetHints":{"allow":["GET"]}}],"collection":[{"href":"https:\/\/www.europesays.com\/fr\/wp-json\/wp\/v2\/posts"}],"about":[{"href":"https:\/\/www.europesays.com\/fr\/wp-json\/wp\/v2\/types\/post"}],"author":[{"embeddable":true,"href":"https:\/\/www.europesays.com\/fr\/wp-json\/wp\/v2\/users\/2"}],"replies":[{"embeddable":true,"href":"https:\/\/www.europesays.com\/fr\/wp-json\/wp\/v2\/comments?post=177520"}],"version-history":[{"count":0,"href":"https:\/\/www.europesays.com\/fr\/wp-json\/wp\/v2\/posts\/177520\/revisions"}],"wp:featuredmedia":[{"embeddable":true,"href":"https:\/\/www.europesays.com\/fr\/wp-json\/wp\/v2\/media\/177521"}],"wp:attachment":[{"href":"https:\/\/www.europesays.com\/fr\/wp-json\/wp\/v2\/media?parent=177520"}],"wp:term":[{"taxonomy":"category","embeddable":true,"href":"https:\/\/www.europesays.com\/fr\/wp-json\/wp\/v2\/categories?post=177520"},{"taxonomy":"post_tag","embeddable":true,"href":"https:\/\/www.europesays.com\/fr\/wp-json\/wp\/v2\/tags?post=177520"}],"curies":[{"name":"wp","href":"https:\/\/api.w.org\/{rel}","templated":true}]}}