{"id":177526,"date":"2025-06-15T04:19:22","date_gmt":"2025-06-15T04:19:22","guid":{"rendered":"https:\/\/www.europesays.com\/fr\/177526\/"},"modified":"2025-06-15T04:19:22","modified_gmt":"2025-06-15T04:19:22","slug":"une-pepite-avant-sa-diffusion-a-la-tele-cette-serie-francaise-est-deja-validee-par-les-internautes","status":"publish","type":"post","link":"https:\/\/www.europesays.com\/fr\/177526\/","title":{"rendered":"\u00ab\u00a0Une p\u00e9pite\u00a0\u00bb&#8230; Avant sa diffusion \u00e0 la t\u00e9l\u00e9, cette s\u00e9rie fran\u00e7aise est d\u00e9j\u00e0 valid\u00e9e par les internautes"},"content":{"rendered":"<p>TF1 lance un nouveau feuilleton ce lundi 16 juin 2025, en partenariat avec Netflix. Les abonn\u00e9s ont d\u00e9j\u00e0 vu une partie des \u00e9pisodes et s\u2019en sont d\u00e9lect\u00e9s.<\/p>\n<p>Elle n\u2019est pas encore arriv\u00e9e \u00e0 la t\u00e9l\u00e9vision que les fans de s\u00e9ries l\u2019adorent d\u00e9j\u00e0. Ce lundi 16 juin, un nouveau feuilleton intitul\u00e9 <a href=\"https:\/\/www.programme-tv.net\/news\/series-tv\/380859-10-ans-apres-son-depart-avez-vous-reconnu-cet-acteur-historique-de-plus-belle-la-vie-dans-tout-pour-la-lumiere-sur-netflix-et-tf1-photos\/\" data-api-deeplink=\"teleloisirs:\/\/news\/380859\" target=\"_blank\" rel=\"noopener\">Tout pour la lumi\u00e8re<\/a>, dans l\u2019ambiance de<a href=\"https:\/\/www.programme-tv.net\/news\/series-tv\/380982-plus-belle-la-vie-en-avance-chloe-est-retenue-captive-gabriel-et-axel-s-embrassent-le-resume-de-l-episode-355-du-lundi-16-juin-2025\/\" data-api-deeplink=\"teleloisirs:\/\/news\/380982\" target=\"_blank\" rel=\"noopener\"> Plus belle la vie <\/a>ou <a href=\"https:\/\/www.programme-tv.net\/news\/series-tv\/341124-un-dos-tres-nouvelle-generation-je-ne-voulais-pas-ce-que-beatriz-luengo-a-impose-pour-son-son-personnage-de-lola-dans-la-suite-de-la-serie-espagnole\/\" data-api-deeplink=\"teleloisirs:\/\/news\/341124\" target=\"_blank\" rel=\"noopener\">Un, dos, tres<\/a>, va faire son apparition sur TF1. Mais elle est d\u00e9j\u00e0 disponible depuis ce vendredi 13 juin sur Netflix \u2013 c\u2019est une coproduction entre les deux studios \u2013 et les premiers curieux n\u2019en disent que du bien. Dans Tout pour la lumi\u00e8re, on suit l\u2019histoire de Victoria, ex-chanteuse qui revient \u00e0 La Ciotat vingt ans apr\u00e8s un drame qui a boulevers\u00e9 sa vie et celle de sa famille. Si elle revient apr\u00e8s tant d\u2019ann\u00e9es, c\u2019est parce que sa m\u00e8re Florence est dans le coma. Elle d\u00e9couvre alors les Studios Lumi\u00e8re, tenus par Florence, o\u00f9 de jeunes talents s\u2019entra\u00eenent au chant et \u00e0 la danse.<\/p>\n<p>Les abonn\u00e9s Netflix ont d\u00e9j\u00e0 d\u00e9vor\u00e9 les premiers \u00e9pisodes de Tout pour la lumi\u00e8re<\/p>\n<p>Comme dans toutes les s\u00e9ries du genre \u2013 chaque \u00e9pisode dure environ 25 minutes \u2013 les rebondissements sont multiples et parfois choquants. Et c\u2019est ce qui pla\u00eet aux abonn\u00e9s Netflix pour le moment. \u00ab\u00a0Je viens de finir les 3 premiers \u00e9pisodes de Tout Pour La Lumi\u00e8re sur Netflix et franchement, je ne m\u2019y attendais pas du tout. J\u2019ADORE. C\u2019est une p\u00e9pite ce feuilleton, je sens qu\u2019on va y \u00eatre accro tout l\u2019\u00e9t\u00e9\u00a0\u00bb, dit un internaute sur X (anciennement Twitter). Une autre acquiesce sans mal : \u00ab\u00a0Je viens d\u2019encha\u00eener les 4 \u00e9pisodes et je vais devoir maintenant attendre le prochain \u00e9pisode (je suis devenue accro \u00e0 la s\u00e9rie).\u00a0\u00bb \u00ab\u00a0\u00c7a se regarde super facilement, les histoires sont int\u00e9ressantes, l\u2019acting est pas mal mais \u00e7a reste encore fragile, et les personnages sont attachants\u00a0\u00bb, dit une troisi\u00e8me, plus nuanc\u00e9e.<\/p>\n<p>                        Qui sont les acteurs principaux de Tout pour la lumi\u00e8re ?<\/p>\n<p>Ceux qui d\u00e9couvriront le premier \u00e9pisode de Tout pour la lumi\u00e8re ce lundi 16 juin sur TF1 risquent \u00e0 leur tour de se faire happer par l\u2019intrigue et par les personnages de ce nouveau feuilleton. <a href=\"https:\/\/www.programme-tv.net\/biographie\/15100-esther-joy\/\" data-link-people=\"0657dd09-704b-4e53-af97-9c7993efa0e7\" target=\"_blank\" rel=\"noopener\">Joy Esther<\/a> incarne Victoria Vargas. On a d\u00e9j\u00e0 vu l\u2019actrice dans la mini-s\u00e9rie Marianne mais aussi dans <a href=\"https:\/\/www.programme-tv.net\/news\/series-tv\/377445-leo-mattei-la-serie-de-tf1-aura-t-elle-une-saison-13-jean-luc-reichmann-repond\/\" data-api-deeplink=\"teleloisirs:\/\/news\/377445\" target=\"_blank\" rel=\"noopener\">L\u00e9o Matt\u00e9\u00ef<\/a>. L\u2019actrice <a href=\"https:\/\/www.programme-tv.net\/biographie\/2213-otero-isabel\/\" data-link-people=\"e4c9415e-7673-4b99-a2dc-7edfa697c384\" target=\"_blank\" rel=\"noopener\">Isabel Otero<\/a> (Diane, femme flic) campe Florence, tandis que <a href=\"https:\/\/www.programme-tv.net\/biographie\/5497-cohen-michael\/\" data-link-people=\"41da11b5-0c58-47ef-b9ac-b5e06fff851e\" target=\"_blank\" rel=\"noopener\">Micha\u00ebl Cohen<\/a> (<a href=\"https:\/\/www.programme-tv.net\/news\/series-tv\/364377-master-crimes-la-serie-avec-muriel-robin-et-anne-le-nen-aura-t-elle-une-saison-3-la-reponse\/\" data-api-deeplink=\"teleloisirs:\/\/news\/364377\" target=\"_blank\" rel=\"noopener\">Master Crimes<\/a>) joue Eric, le patron du bar dans lequel les personnages se retrouvent r\u00e9guli\u00e8rement.<\/p>\n<blockquote class=\"twitter-tweet\">\n<p lang=\"fr\" dir=\"ltr\">Je viens de finir le premier \u00e9pisode de <a href=\"https:\/\/twitter.com\/hashtag\/ToutPourLaLumiere?src=hash&amp;ref_src=twsrc%5Etfw\" target=\"_blank\" rel=\"noopener\">#ToutPourLaLumiere<\/a> et pour l&rsquo;instant je suis fan c&rsquo;est sympa comme s\u00e9rie \u00e7a change un peu \ud83d\ude0d<\/p>\n<p>\u2014 Romain (@Duru_Romain6391) <a href=\"https:\/\/twitter.com\/Duru_Romain6391\/status\/1933291009355518276?ref_src=twsrc%5Etfw\" target=\"_blank\" rel=\"noopener\">June 12, 2025<\/a><\/p><\/blockquote>\n<blockquote class=\"twitter-tweet\">\n<p lang=\"fr\" dir=\"ltr\">Je viens de finir les 3 premiers \u00e9pisodes de <a href=\"https:\/\/twitter.com\/hashtag\/ToutPourLaLumi%C3%A8re?src=hash&amp;ref_src=twsrc%5Etfw\" target=\"_blank\" rel=\"noopener\">#ToutPourLaLumi\u00e8re<\/a> sur <a href=\"https:\/\/twitter.com\/NetflixFR?ref_src=twsrc%5Etfw\" target=\"_blank\" rel=\"noopener\">@NetflixFR<\/a> et franchement, je ne m\u2019y attendais pas du tout. J\u2019ADORE \u2728 c\u2019est une p\u00e9pite ce feuilleton, je sens qu\u2019on va y \u00eatre accro tout l\u2019\u00e9t\u00e9 \u2600\ufe0f\ud83c\udf08 <a href=\"https:\/\/twitter.com\/TF1?ref_src=twsrc%5Etfw\" target=\"_blank\" rel=\"noopener\">@TF1<\/a> <a href=\"https:\/\/twitter.com\/TP2L_Serie?ref_src=twsrc%5Etfw\" target=\"_blank\" rel=\"noopener\">@TP2L_Serie<\/a><\/p>\n<p>\u2014 TAWLOZ (@zarbieman) <a href=\"https:\/\/twitter.com\/zarbieman\/status\/1933313994506579997?ref_src=twsrc%5Etfw\" target=\"_blank\" rel=\"noopener\">June 13, 2025<\/a><\/p><\/blockquote>\n<blockquote class=\"twitter-tweet\">\n<p lang=\"fr\" dir=\"ltr\">J\u2019ADORE !!! C\u2019est dit <a href=\"https:\/\/twitter.com\/hashtag\/ToutPourLaLumiere?src=hash&amp;ref_src=twsrc%5Etfw\" target=\"_blank\" rel=\"noopener\">#ToutPourLaLumiere<\/a><\/p>\n<p>\u2014 \u2740 \ud835\udc8e\ud835\udc82\ud835\udc8f\ud835\udc90\ud835\udc8f \u2740 (@fee_superstar) <a href=\"https:\/\/twitter.com\/fee_superstar\/status\/1933473499365917056?ref_src=twsrc%5Etfw\" target=\"_blank\" rel=\"noopener\">June 13, 2025<\/a><\/p><\/blockquote>\n<blockquote class=\"twitter-tweet\">\n<p lang=\"fr\" dir=\"ltr\">Tout pour la lumi\u00e8re nouvelle s\u00e9rie pr\u00e9f\u00e9r\u00e9e <a href=\"https:\/\/twitter.com\/hashtag\/ToutPourLaLumiere?src=hash&amp;ref_src=twsrc%5Etfw\" target=\"_blank\" rel=\"noopener\">#ToutPourLaLumiere<\/a> <br \/>Ps : maddie et elise \ud83e\udd70<\/p>\n<p>\u2014 je m&rsquo;ennuie \ud83e\uddc7\ud83e\uded0 (@jem_ennuie) <a href=\"https:\/\/twitter.com\/jem_ennuie\/status\/1933402390310318283?ref_src=twsrc%5Etfw\" target=\"_blank\" rel=\"noopener\">June 13, 2025<\/a><\/p><\/blockquote>\n<blockquote class=\"twitter-tweet\">\n<p lang=\"fr\" dir=\"ltr\">Je viens d\u2019encha\u00eener les 4 \u00e9pisode et je vais devoir mtn attendre le prochain \u00e9pisode ( je suis devenue accro \u00e0 la s\u00e9rie ) <a href=\"https:\/\/twitter.com\/hashtag\/ToutPourLaLumiere?src=hash&amp;ref_src=twsrc%5Etfw\" target=\"_blank\" rel=\"noopener\">#ToutPourLaLumiere<\/a> <a href=\"https:\/\/t.co\/S5cycyjrwz\">pic.twitter.com\/S5cycyjrwz<\/a><\/p>\n<p>\u2014 jaottelli\u2019s \ud83c\udf52\ud83d\udc8b (@liviesred) <a href=\"https:\/\/twitter.com\/liviesred\/status\/1933868183498424330?ref_src=twsrc%5Etfw\" target=\"_blank\" rel=\"noopener\">June 14, 2025<\/a><\/p><\/blockquote>\n<blockquote class=\"twitter-tweet\">\n<p lang=\"fr\" dir=\"ltr\">j&rsquo;ai regard\u00e9 les 4 eps de tout pour la lumi\u00e8re! \u00e7a se regarde super facilement, les histoires sont int\u00e9ressantes, l&rsquo;acting est pas mal mais \u00e7a reste encore fragile, et les persos sont attachants \ud83e\udd20<\/p>\n<p>coup de c\u0153ur pour maddie qui est super mimi avec elise! <a href=\"https:\/\/twitter.com\/hashtag\/ToutPourLaLumiere?src=hash&amp;ref_src=twsrc%5Etfw\" target=\"_blank\" rel=\"noopener\">#ToutPourLaLumiere<\/a> <a href=\"https:\/\/twitter.com\/hashtag\/TP2L?src=hash&amp;ref_src=twsrc%5Etfw\" target=\"_blank\" rel=\"noopener\">#TP2L<\/a><\/p>\n<p>\u2014 haribo (@haribogram) <a href=\"https:\/\/twitter.com\/haribogram\/status\/1933863432635203906?ref_src=twsrc%5Etfw\" target=\"_blank\" rel=\"noopener\">June 14, 2025<\/a><\/p><\/blockquote>\n<p>Article \u00e9crit en collaboration avec 6M\u00e9dias<\/p>\n<p>        <script async src=\"https:\/\/platform.twitter.com\/widgets.js\" charset=\"utf-8\"><\/script><\/p>\n","protected":false},"excerpt":{"rendered":"TF1 lance un nouveau feuilleton ce lundi 16 juin 2025, en partenariat avec Netflix. Les abonn\u00e9s ont d\u00e9j\u00e0&hellip;\n","protected":false},"author":2,"featured_media":177527,"comment_status":"","ping_status":"","sticky":false,"template":"","format":"standard","meta":{"footnotes":""},"categories":[1356],"tags":[244,58,59,1011,27,127,1722,129,252,199,30701,1364],"class_list":{"0":"post-177526","1":"post","2":"type-post","3":"status-publish","4":"format-standard","5":"has-post-thumbnail","7":"category-television","8":"tag-commentaire","9":"tag-divertissement","10":"tag-entertainment","11":"tag-fr","12":"tag-france","13":"tag-netflix","14":"tag-pub-streaming-netflix","15":"tag-svod","16":"tag-television","17":"tag-tf1","18":"tag-tout-pour-la-lumiu00e8re","19":"tag-tv"},"share_on_mastodon":{"url":"https:\/\/pubeurope.com\/@fr\/114685461471951448","error":""},"_links":{"self":[{"href":"https:\/\/www.europesays.com\/fr\/wp-json\/wp\/v2\/posts\/177526","targetHints":{"allow":["GET"]}}],"collection":[{"href":"https:\/\/www.europesays.com\/fr\/wp-json\/wp\/v2\/posts"}],"about":[{"href":"https:\/\/www.europesays.com\/fr\/wp-json\/wp\/v2\/types\/post"}],"author":[{"embeddable":true,"href":"https:\/\/www.europesays.com\/fr\/wp-json\/wp\/v2\/users\/2"}],"replies":[{"embeddable":true,"href":"https:\/\/www.europesays.com\/fr\/wp-json\/wp\/v2\/comments?post=177526"}],"version-history":[{"count":0,"href":"https:\/\/www.europesays.com\/fr\/wp-json\/wp\/v2\/posts\/177526\/revisions"}],"wp:featuredmedia":[{"embeddable":true,"href":"https:\/\/www.europesays.com\/fr\/wp-json\/wp\/v2\/media\/177527"}],"wp:attachment":[{"href":"https:\/\/www.europesays.com\/fr\/wp-json\/wp\/v2\/media?parent=177526"}],"wp:term":[{"taxonomy":"category","embeddable":true,"href":"https:\/\/www.europesays.com\/fr\/wp-json\/wp\/v2\/categories?post=177526"},{"taxonomy":"post_tag","embeddable":true,"href":"https:\/\/www.europesays.com\/fr\/wp-json\/wp\/v2\/tags?post=177526"}],"curies":[{"name":"wp","href":"https:\/\/api.w.org\/{rel}","templated":true}]}}