{"id":17753,"date":"2025-04-11T16:41:09","date_gmt":"2025-04-11T16:41:09","guid":{"rendered":"https:\/\/www.europesays.com\/fr\/17753\/"},"modified":"2025-04-11T16:41:09","modified_gmt":"2025-04-11T16:41:09","slug":"la-juve-aimerait-kolo-muani-pour-la-coupe-du-monde-des-clubs","status":"publish","type":"post","link":"https:\/\/www.europesays.com\/fr\/17753\/","title":{"rendered":"La Juve aimerait Kolo Muani pour la Coupe du monde des clubs"},"content":{"rendered":"<p><img width=\"780\" height=\"470\" src=\"https:\/\/www.europesays.com\/fr\/wp-content\/uploads\/2025\/04\/UGGT2O253ZD3DEID4BACNWS5M4-780x470.jpg\" class=\"attachment-jannah-image-post size-jannah-image-post wp-post-image\" alt=\"Randal Kolo Muani\" is_main_img=\"1\" decoding=\"async\" fetchpriority=\"high\"\/><br \/>\n Image : Icon<br \/>\nSport<\/p>\n<p>Pr\u00eat\u00e9 \u00e0 la Juventus Turin par le PSG cet hiver, Randal Kolo<br \/>\nMuani ne sait pas encore de quoi son avenir sera fait. La Juve<br \/>\naimerait prolonger son pr\u00eat d\u2019un an et pouvoir compter sur lui lors<br \/>\nde la Coupe du monde des clubs.<\/p>\n<p>Cet hiver, le <strong>PSG<\/strong> s\u2019est d\u00e9barrass\u00e9 de ses<br \/>\nind\u00e9sirables. C\u2019est le cas de <strong>Randal Kolo Muani<\/strong><br \/>\nqui a \u00e9t\u00e9 pr\u00eat\u00e9 sans option d\u2019achat \u00e0 la <strong>Juventus<br \/>\nTurin<\/strong>. Apr\u00e8s des d\u00e9buts tonitruants avec la Vieille Dame<br \/>\n(cinq buts apr\u00e8s ses trois matches), l\u2019international fran\u00e7ais est<br \/>\nplus en difficult\u00e9 ces derni\u00e8res semaines, lui qui n\u2019a pas \u00e9t\u00e9<br \/>\nd\u00e9cisif depuis le 26 f\u00e9vrier dernier. Voulu par <strong>Thiago<br \/>\nMotta<\/strong>, l\u2019ancien nantais a vu le coach \u00eatre remplac\u00e9 par<br \/>\n<strong>Igor Tudor<\/strong>. Ce dernier ne semble pas c<a href=\"https:\/\/canal-supporters.com\/mercato-la-juventus-turin-pourrait-piocher-en-ligue-1-pour-remplacer-randal-kolo-muani\/\" title=\"\" target=\"_blank\" rel=\"noopener\">ompter sur lui<\/a>, <strong>Kolo Muani<\/strong> ne jouant<br \/>\nque 22 minutes sur les deux premiers matches dirig\u00e9s par<br \/>\nl\u2019entra\u00eeneur croate.\u00a0<\/p>\n<p>A voir aussi : <a href=\"https:\/\/canal-supporters.com\/mercato-la-tendance-sinverse-pour-randal-kolo-muani\/\" title=\"\" target=\"_blank\" rel=\"noopener\">Mercato : La tendance s\u2019inverse pour Randal Kolo<br \/>\nMuani<\/a><\/p>\n<p><a href=\"https:\/\/x.com\/CanalSupporters\" target=\"_blank\" rel=\"noopener\" title=\"\">canalsupporters.com<\/a><\/p>\n<p>Un nouveau pr\u00eat<br \/>\nd\u2019un an \u00e0 l\u2019\u00e9tude<\/p>\n<p>Malgr\u00e9 cela, la <strong>Juventus Turin<\/strong> aimerait<br \/>\n<a href=\"https:\/\/canal-supporters.com\/psg-randal-kolo-muani-plus-jamais-en-rouge-bleu\/\" title=\"\" target=\"_blank\" rel=\"noopener\">prolonger<\/a> le pr\u00eat de <strong>Randal Kolo<br \/>\nMuani<\/strong> d\u2019une saison suppl\u00e9mentaire afin qu\u2019il puisse<br \/>\n\u00e9galement pour qu\u2019il puisse participer \u00e0 la <strong>Coupe du monde<br \/>\ndes clubs<\/strong> avec le club turinois cet \u00e9t\u00e9, selon les<br \/>\ninformations de <a href=\"https:\/\/www.tuttosport.com\/news\/calcio\/serie-a\/juventus\/2025\/04\/10-139851247\/kolo_ri-muani_alla_juve_lookman_nuovo_attacco_e_certezza_in_difesa\" target=\"_blank\" rel=\"noopener\" title=\"\">Tuttosport<\/a>. S\u2019il<br \/>\ndevait y avoir un nouveau pr\u00eat, ce dernier serait cette-fois<br \/>\nassorti d\u2019une option d\u2019achat, assure le quotidien sportif<br \/>\ntransalpin. Des n\u00e9gociations en ce sens auraient actuellement lieu<br \/>\nentre les dirigeants italiens et le <strong>PSG<\/strong>. Pour<br \/>\nl\u2019instant, la possibilit\u00e9 que la <strong>Juve<\/strong> ach\u00e8te<br \/>\nd\u00e9finitivement l\u2019attaquant n\u2019est pas \u00e0 l\u2019ordre du jour, conclut<br \/>\nTuttosport.\u00a0<\/p><\/p>\n","protected":false},"excerpt":{"rendered":"Image : Icon Sport Pr\u00eat\u00e9 \u00e0 la Juventus Turin par le PSG cet hiver, Randal Kolo Muani ne&hellip;\n","protected":false},"author":2,"featured_media":17754,"comment_status":"","ping_status":"","sticky":false,"template":"","format":"standard","meta":{"footnotes":""},"categories":[1410],"tags":[81,7151,787,63,1011,27,7152,7153,7154,7155,1434,1435,626,91,92,468,7156,4137,93,7157,60,96],"class_list":{"0":"post-17753","1":"post","2":"type-post","3":"status-publish","4":"format-standard","5":"has-post-thumbnail","7":"category-football","8":"tag-canal-supporters","9":"tag-coupe-du-monde-des-clubs","10":"tag-cs","11":"tag-football","12":"tag-fr","13":"tag-france","14":"tag-juve","15":"tag-juventus","16":"tag-juventus-turin","17":"tag-kolo-muani","18":"tag-mercato","19":"tag-mercato-psg","20":"tag-paris","21":"tag-paris-saint-germain","22":"tag-paris-sg","23":"tag-pret","24":"tag-pret-avec-option-dachat","25":"tag-pret-sans-option-dachat","26":"tag-psg","27":"tag-randal-kolo-muani","28":"tag-sports","29":"tag-une"},"share_on_mastodon":{"url":"https:\/\/pubeurope.com\/@fr\/114320328910355562","error":""},"_links":{"self":[{"href":"https:\/\/www.europesays.com\/fr\/wp-json\/wp\/v2\/posts\/17753","targetHints":{"allow":["GET"]}}],"collection":[{"href":"https:\/\/www.europesays.com\/fr\/wp-json\/wp\/v2\/posts"}],"about":[{"href":"https:\/\/www.europesays.com\/fr\/wp-json\/wp\/v2\/types\/post"}],"author":[{"embeddable":true,"href":"https:\/\/www.europesays.com\/fr\/wp-json\/wp\/v2\/users\/2"}],"replies":[{"embeddable":true,"href":"https:\/\/www.europesays.com\/fr\/wp-json\/wp\/v2\/comments?post=17753"}],"version-history":[{"count":0,"href":"https:\/\/www.europesays.com\/fr\/wp-json\/wp\/v2\/posts\/17753\/revisions"}],"wp:featuredmedia":[{"embeddable":true,"href":"https:\/\/www.europesays.com\/fr\/wp-json\/wp\/v2\/media\/17754"}],"wp:attachment":[{"href":"https:\/\/www.europesays.com\/fr\/wp-json\/wp\/v2\/media?parent=17753"}],"wp:term":[{"taxonomy":"category","embeddable":true,"href":"https:\/\/www.europesays.com\/fr\/wp-json\/wp\/v2\/categories?post=17753"},{"taxonomy":"post_tag","embeddable":true,"href":"https:\/\/www.europesays.com\/fr\/wp-json\/wp\/v2\/tags?post=17753"}],"curies":[{"name":"wp","href":"https:\/\/api.w.org\/{rel}","templated":true}]}}