{"id":177534,"date":"2025-06-15T04:24:12","date_gmt":"2025-06-15T04:24:12","guid":{"rendered":"https:\/\/www.europesays.com\/fr\/177534\/"},"modified":"2025-06-15T04:24:12","modified_gmt":"2025-06-15T04:24:12","slug":"une-confidence-sur-ce-quil-ne-peut-plus-faire","status":"publish","type":"post","link":"https:\/\/www.europesays.com\/fr\/177534\/","title":{"rendered":"une confidence sur ce qu\u2019il ne peut plus faire"},"content":{"rendered":"<p class=\"post-excerpt\">Albert II de Monaco \u00e9voque avec nostalgie ces petits bonheurs du quotidien qui ne sont plus \u00e0 sa port\u00e9e, livrant une confidence inattendue sur les contraintes de sa fonction.<\/p>\n<p>Depuis plusieurs ann\u00e9es, le prince Albert II de Monaco \u00e9volue sous le regard constant du public, entre ses fonctions de souverain et sa vie personnelle. <strong>Lors d\u2019une interview donn\u00e9e en juin, \u00e0 l\u2019occasion du Festival International de T\u00e9l\u00e9vision de Monte-Carlo, il s\u2019est confi\u00e9 avec une grande sinc\u00e9rit\u00e9<\/strong>. Malgr\u00e9 un agenda charg\u00e9 et des responsabilit\u00e9s de plus en plus prenantes, <a href=\"https:\/\/www.aufeminin.com\/people\/emmanuel-macron-a-offert-3-cadeaux-au-prince-albert-ii-de-monaco-et-brigitte-macron-a-recu-un-present-de-la-princesse-gabriella-2598866.html\" target=\"_blank\" rel=\"noopener\">le prince<\/a> garde une profonde nostalgie pour certaines libert\u00e9s qu\u2019il ne peut plus s\u2019offrir aujourd\u2019hui. Ces moments simples, qu\u2019il appr\u00e9ciait avant de monter sur le tr\u00f4ne, lui manquent.<\/p>\n<p><a href=\"https:\/\/www.aufeminin.com\/news-people\/albert-de-monaco-pourquoi-ses-enfants-naturels-ne-peuvent-pretendre-a-sa-succession-sur-le-rocher-s4061328.html\" target=\"_blank\" rel=\"noopener\">Albert de Monaco<\/a> a \u00e9voqu\u00e9 avec franchise les sacrifices li\u00e9s \u00e0 sa position, regrettant certaines activit\u00e9s ou instants de libert\u00e9 dont il a d\u00fb se priver au fil des ann\u00e9es. Le poids du <a href=\"https:\/\/www.aufeminin.com\/societe\/news-societe\/surveillante-poignardee-en-haute-marne-renforcer-la-detection-des-jeunes-en-detresse-un-protocole-psychologique-prevu-dici-fin-2025-2628905.html\" target=\"_blank\" rel=\"noopener\">protocole<\/a>, la pression m\u00e9diatique et l\u2019exigence constante de repr\u00e9senter la principaut\u00e9 limitent ses choix personnels. <strong>Cette r\u00e9alit\u00e9, il l\u2019accepte, mais elle lui rappelle aussi les plaisirs simples et spontan\u00e9s auxquels il doit renoncer, et qui lui manquent parfois profond\u00e9ment<\/strong>. <\/p>\n<p> Albert II de Monaco, les confidences sur son pass\u00e9 incognito <\/p>\n<p>Lors de son passage dans l\u2019\u00e9mission 50\u2019Inside, diffus\u00e9e sur TF1, le prince Albert II de Monaco s\u2019est confi\u00e9 avec une rare franchise sur ce que son statut lui emp\u00eache de faire aujourd\u2019hui. Interrog\u00e9 par Isabelle Ithurburu sur les choses qui lui manquent v\u00e9ritablement, celui qui voulait \u00eatre cowboy ou soldat quand il avait 8 ans, n\u2019a pas h\u00e9sit\u00e9 \u00e0 \u00e9voquer un manque de libert\u00e9 au quotidien. \u00ab\u00a0<strong>De me promener dans la rue. Alors \u00e7a, \u00e7a m\u00a0\u00bbarrive de le faire incognito pour, par exemple, des achats de fin d&rsquo;ann\u00e9e, mais me promener sans s\u00e9curit\u00e9. <\/strong>C&rsquo;est malheureusement pratiquement impossible maintenant\u00a0\u00bb, a-t-il reconnu. Ce simple plaisir de fl\u00e2ner dans les rues, sans escorte ni regard insistant, lui est devenu inaccessible.<\/p>\n<p>Le prince a \u00e9galement partag\u00e9 un souvenir cher \u00e0 son c\u0153ur : ses ann\u00e9es \u00e9tudiantes aux \u00c9tats-Unis. Une \u00e9poque o\u00f9 il pouvait se fondre dans la foule, vivre simplement et sans contrainte. \u00ab\u00a0Je regrette par exemple des ann\u00e9es d\u2019\u00e9tudiant aux \u00c9tats-Unis\u00a0\u00bb, a-t-il ajout\u00e9 avec une certaine \u00e9motion. <strong>Ces moments d\u2019anonymat, aujourd\u2019hui rares voire impossibles<\/strong>, faisaient partie d\u2019un quotidien libre et spontan\u00e9 qu\u2019il ne peut plus conna\u00eetre. Si ses obligations l\u2019am\u00e8nent \u00e0 voyager et \u00e0 repr\u00e9senter Monaco dans le monde entier, elles lui ont aussi retir\u00e9 une partie de cette vie ordinaire \u00e0 laquelle il \u00e9tait attach\u00e9.<\/p>\n<p><img loading=\"lazy\" itemprop=\"thumbnailUrl\" decoding=\"async\" class=\"alignnone size-full wp-image-2629236 img-responsive  pinit-here\" src=\"https:\/\/www.europesays.com\/fr\/wp-content\/uploads\/2025\/06\/shutterstock_editorial_15319547o-2.jpg\" alt=\"Albert de Monaco, les confidences sur son pass\u00e9 incognito\" width=\"1024\" height=\"683\" data-pin-media=\"https:\/\/sf1.afcdn.com\/wp-content\/uploads\/aufeminin\/2025\/06\/shutterstock_editorial_15319547o-2-736x491.jpg\"\/> \u00a9  Jay Hirano\/Shutterstock<\/p>\n<p> Une vie publique qui impose ses limites <\/p>\n<p>M\u00eame si certaines balades incognito sont encore possibles \u00e0 de rares occasions, comme l\u2019a soulign\u00e9 Isabelle Ithurburu en plaisantant sur ses emplettes de d\u00e9cembre. \u00ab\u00a0Donc on peut vous croiser dans les rues au mois de d\u00e9cembre parce qu&rsquo;on a achet\u00e9 les cadeaux des enfants\u00a0\u00bb.\u00a0 Le prince a conscience que ces instants rel\u00e8vent d\u00e9sormais de l\u2019exception. <strong>Chaque apparition publique est encadr\u00e9e, chaque mouvement surveill\u00e9, et cette s\u00e9curit\u00e9 omnipr\u00e9sente rappelle sans cesse le prix \u00e0 payer pour une vie de repr\u00e9sentation<\/strong>.<\/p>\n<p>Ce t\u00e9moignage sinc\u00e8re met en lumi\u00e8re une facette plus humaine de la fonction princi\u00e8re : celle du renoncement. <strong>Derri\u00e8re le protocole, les c\u00e9r\u00e9monies et les obligations d\u2019\u00c9tat<\/strong>, subsiste l\u2019homme, avec ses souvenirs, ses envies simples, et ses regrets. Le prince Albert semble accepter cette r\u00e9alit\u00e9 avec lucidit\u00e9, mais ne cache pas que certaines choses, aussi banales soient-elles, lui manquent profond\u00e9ment. Un regard touchant sur la solitude que peut parfois imposer le pouvoir.<\/p>\n","protected":false},"excerpt":{"rendered":"Albert II de Monaco \u00e9voque avec nostalgie ces petits bonheurs du quotidien qui ne sont plus \u00e0 sa&hellip;\n","protected":false},"author":2,"featured_media":177535,"comment_status":"","ping_status":"","sticky":false,"template":"","format":"standard","meta":{"footnotes":""},"categories":[8],"tags":[47,9260,58,59,1011,27,199],"class_list":{"0":"post-177534","1":"post","2":"type-post","3":"status-publish","4":"format-standard","5":"has-post-thumbnail","7":"category-divertissement","8":"tag-actualite","9":"tag-confidences","10":"tag-divertissement","11":"tag-entertainment","12":"tag-fr","13":"tag-france","14":"tag-tf1"},"share_on_mastodon":{"url":"https:\/\/pubeurope.com\/@fr\/114685481337810708","error":""},"_links":{"self":[{"href":"https:\/\/www.europesays.com\/fr\/wp-json\/wp\/v2\/posts\/177534","targetHints":{"allow":["GET"]}}],"collection":[{"href":"https:\/\/www.europesays.com\/fr\/wp-json\/wp\/v2\/posts"}],"about":[{"href":"https:\/\/www.europesays.com\/fr\/wp-json\/wp\/v2\/types\/post"}],"author":[{"embeddable":true,"href":"https:\/\/www.europesays.com\/fr\/wp-json\/wp\/v2\/users\/2"}],"replies":[{"embeddable":true,"href":"https:\/\/www.europesays.com\/fr\/wp-json\/wp\/v2\/comments?post=177534"}],"version-history":[{"count":0,"href":"https:\/\/www.europesays.com\/fr\/wp-json\/wp\/v2\/posts\/177534\/revisions"}],"wp:featuredmedia":[{"embeddable":true,"href":"https:\/\/www.europesays.com\/fr\/wp-json\/wp\/v2\/media\/177535"}],"wp:attachment":[{"href":"https:\/\/www.europesays.com\/fr\/wp-json\/wp\/v2\/media?parent=177534"}],"wp:term":[{"taxonomy":"category","embeddable":true,"href":"https:\/\/www.europesays.com\/fr\/wp-json\/wp\/v2\/categories?post=177534"},{"taxonomy":"post_tag","embeddable":true,"href":"https:\/\/www.europesays.com\/fr\/wp-json\/wp\/v2\/tags?post=177534"}],"curies":[{"name":"wp","href":"https:\/\/api.w.org\/{rel}","templated":true}]}}