{"id":177540,"date":"2025-06-15T04:28:11","date_gmt":"2025-06-15T04:28:11","guid":{"rendered":"https:\/\/www.europesays.com\/fr\/177540\/"},"modified":"2025-06-15T04:28:11","modified_gmt":"2025-06-15T04:28:11","slug":"cette-coiffeuse-continue-a-travailler-sans-son-toit","status":"publish","type":"post","link":"https:\/\/www.europesays.com\/fr\/177540\/","title":{"rendered":"cette coiffeuse continue \u00e0 travailler sans son toit"},"content":{"rendered":"<p>            Par<br \/>\n        <strong><br \/>\n            <a href=\"https:\/\/actu.fr\/auteur\/benoit-lesaulnier\" title=\"Consulter tous les articles de Beno\u00eet Lesaulnier\" rel=\"nofollow noopener\" target=\"_blank\">Beno\u00eet Lesaulnier<\/a><br \/>\n        <\/strong><\/p>\n<p>        Publi\u00e9 le<\/p>\n<p>            14 juin 2025 \u00e0 17h25        <\/p>\n<p>\u00ab\u2009Je termine mon brushing et je suis \u00e0 vous.\u2009\u00bb Ce <b>samedi 14\u00a0juin 2025<\/b>, l\u2019emploi du temps de <b>Ga\u00eblle Tertre<\/b>, g\u00e9rante du salon <b>Les ciseaux du 29<\/b> de <a href=\"https:\/\/actu.fr\/normandie\/landisacq_61222\" rel=\"nofollow noopener\" target=\"_blank\">Landisacq<\/a> (Orne) n\u2019a pas \u00e9t\u00e9 balay\u00e9 par la temp\u00eate.<br \/>La veille, elle coupait les cheveux d\u2019un client quand le ciel a tourn\u00e9 au vinaigre. \u00ab\u2009Heureusement, il est arriv\u00e9 en retard, sinon, j\u2019aurais paniqu\u00e9.\u2009\u00bb<\/p>\n<p>Son toit cass\u00e9 en 15\u00a0minutes<\/p>\n<p class=\" wall-content\">\u00ab\u2009Je peux ouvrir, alors je coiffe mes clients. Il faut assumer ses rendez-vous\u2009\u00bb, explique la coiffeuse de 54\u00a0ans. T\u00e9moin de ces 20\u00a0minutes d\u2019apocalypse, elle est rest\u00e9e en s\u00e9curit\u00e9 avant d\u2019appeler un couvreur.<\/p>\n<blockquote class=\"ac-article-quote wall-content\">\n<p>Merci aux couvreurs qui sont parfois venus de leur propre chef dans le village. C\u2019est sympa la solidarit\u00e9 qui s\u2019est vite mise en place.<\/p>\n<p>Ga\u00eblle Tertre, coiffeuse \u00e0 Landisacq<\/p><\/blockquote>\n<p class=\" wall-content\">Apr\u00e8s avoir install\u00e9 une b\u00e2che sur le toit, les couvreurs ont pu aller \u00e0 la rescousse des autres habitants et commerces du village.<\/p>\n<p class=\" wall-content\">\u00ab\u2009Il \u00e9tait 17\u00a0heures 30, le temps a chang\u00e9 d\u2019un coup et cela a fait l\u2019effet d\u2019une tornade. C\u2019est vraiment effrayant\u2009\u00bb, relate-t-elle.<\/p>\n<p class=\" wall-content\">\u00ab\u2009Manifestement, la climatisation fuyait de partout. L\u00e0, on dirait qu\u2019elle marche. Mais les enseignes toutes neuves sont broy\u00e9es.\u2009\u00bb<\/p>\n<p>En attente de l\u2019assurance<\/p>\n<p class=\" wall-content\">Le plus gros des d\u00e9g\u00e2ts reste le toit. \u00ab\u2009Quand le couvreur est mont\u00e9 sur le toit, tout s\u2019effritait. Ma voiture \u00e0 c\u00f4t\u00e9 a \u00e9t\u00e9 broy\u00e9e\u2009\u00bb, d\u00e9veloppe Ga\u00eblle Tertre. La temp\u00eate a commenc\u00e9 vers 17\u2009h\u200930 et a dur\u00e9 entre 15 et 20\u00a0minutes. Assez pour d\u00e9vaster le village. Les fleurs \u00e0 l\u2019entr\u00e9e, hier encore tr\u00e8s touffues, ne ressemblent plus qu\u2019\u00e0 un buisson broy\u00e9.<\/p>\n<p class=\" wall-content\">\u00ab\u2009Ce matin, mon premier r\u00e9flexe a \u00e9t\u00e9 de monter, voir s\u2019il n\u2019y avait pas d\u2019infiltrations\u2009\u00bb, t\u00e9moigne Ga\u00eblle Tertre. Apr\u00e8s cet \u00e9pisode, la commer\u00e7ante est en attente de contacter son assurance.<\/p>\n<p class=\" wall-content\">Le maire de Landisacq, B\u00e9atrice Guyot, indique de contacter son assurance dans les cinq jours.<\/p>\n<blockquote class=\"ac-article-quote wall-content\">\n<p>J\u2019esp\u00e8re \u00eatre indemnis\u00e9e. Si je dois payer une nouvelle toiture, je ferme le salon et je m\u2019en vais d\u2019ici.<\/p>\n<p>Ga\u00eblle Tertre, coiffeuse \u00e0 Landisacq<\/p><\/blockquote>\n<p class=\" wall-content\">En 25\u00a0ans de pr\u00e9sence \u00e0 Landisacq, jamais elle n\u2019avait connu pareille \u00e9v\u00e9nement.<\/p>\n<p class=\" wall-content\">Suivez toute l\u2019actualit\u00e9 de vos villes et m\u00e9dias favoris en vous inscrivant \u00e0 <a href=\"https:\/\/moncompte.actu.fr\" title=\"D\u00e9couvez Mon Actu\" rel=\"nofollow noopener\" data-trk=\"{&quot;cta&quot;:{&quot;action&quot;:&quot;https:\\\/\\\/moncompte.actu.fr&quot;,&quot;category&quot;:&quot;mon compte&quot;,&quot;from&quot;:&quot;article footer&quot;,&quot;name&quot;:&quot;Mon actu&quot;,&quot;type&quot;:&quot;cta&quot;}}\" target=\"_blank\">Mon Actu<\/a>.<\/p>\n","protected":false},"excerpt":{"rendered":"Par Beno\u00eet Lesaulnier Publi\u00e9 le 14 juin 2025 \u00e0 17h25 \u00ab\u2009Je termine mon brushing et je suis \u00e0&hellip;\n","protected":false},"author":2,"featured_media":177541,"comment_status":"","ping_status":"","sticky":false,"template":"","format":"standard","meta":{"footnotes":""},"categories":[4],"tags":[11,1117,118,1011,27,2357,12,4594,25],"class_list":{"0":"post-177540","1":"post","2":"type-post","3":"status-publish","4":"format-standard","5":"has-post-thumbnail","7":"category-france","8":"tag-actualites","9":"tag-assurance","10":"tag-faits-divers","11":"tag-fr","12":"tag-france","13":"tag-meteo-france","14":"tag-news","15":"tag-orages","16":"tag-republique-francaise"},"share_on_mastodon":{"url":"https:\/\/pubeurope.com\/@fr\/114685496766968524","error":""},"_links":{"self":[{"href":"https:\/\/www.europesays.com\/fr\/wp-json\/wp\/v2\/posts\/177540","targetHints":{"allow":["GET"]}}],"collection":[{"href":"https:\/\/www.europesays.com\/fr\/wp-json\/wp\/v2\/posts"}],"about":[{"href":"https:\/\/www.europesays.com\/fr\/wp-json\/wp\/v2\/types\/post"}],"author":[{"embeddable":true,"href":"https:\/\/www.europesays.com\/fr\/wp-json\/wp\/v2\/users\/2"}],"replies":[{"embeddable":true,"href":"https:\/\/www.europesays.com\/fr\/wp-json\/wp\/v2\/comments?post=177540"}],"version-history":[{"count":0,"href":"https:\/\/www.europesays.com\/fr\/wp-json\/wp\/v2\/posts\/177540\/revisions"}],"wp:featuredmedia":[{"embeddable":true,"href":"https:\/\/www.europesays.com\/fr\/wp-json\/wp\/v2\/media\/177541"}],"wp:attachment":[{"href":"https:\/\/www.europesays.com\/fr\/wp-json\/wp\/v2\/media?parent=177540"}],"wp:term":[{"taxonomy":"category","embeddable":true,"href":"https:\/\/www.europesays.com\/fr\/wp-json\/wp\/v2\/categories?post=177540"},{"taxonomy":"post_tag","embeddable":true,"href":"https:\/\/www.europesays.com\/fr\/wp-json\/wp\/v2\/tags?post=177540"}],"curies":[{"name":"wp","href":"https:\/\/api.w.org\/{rel}","templated":true}]}}