{"id":177544,"date":"2025-06-15T04:30:11","date_gmt":"2025-06-15T04:30:11","guid":{"rendered":"https:\/\/www.europesays.com\/fr\/177544\/"},"modified":"2025-06-15T04:30:11","modified_gmt":"2025-06-15T04:30:11","slug":"loire-il-y-a-50-ans-en-greve-les-prostituees-desertaient-le-trottoir-stephanois","status":"publish","type":"post","link":"https:\/\/www.europesays.com\/fr\/177544\/","title":{"rendered":"Loire. Il y a 50 ans, en gr\u00e8ve, les prostitu\u00e9es d\u00e9sertaient le trottoir st\u00e9phanois"},"content":{"rendered":"<p>\u00ab En gr\u00e8ve de solidarit\u00e9 avec les prostitu\u00e9es lyonnaises\u00a0\u00bb. C&rsquo;est le texte contenu sur une modeste pancarte affich\u00e9e \u00e0 l&rsquo;angle de la place Neuve \u00e0 Saint-\u00c9tienne, en ce d\u00e9but du mois de juin 1975. \u00c0 cet endroit o\u00f9 le trottoir accueille d&rsquo;ordinaire des prostitu\u00e9es, les dames ont distribu\u00e9 quelques tracts avant de d\u00e9serter le quartier.<\/p>\n<p class=\"txt\">Si le citoyen en col\u00e8re descend dans la rue, la prostitu\u00e9e, elle, la quitte pour manifester.<\/p>\n<p class=\"nom\">Raymond Rousset, journaliste, dans La Tribune &#8211; Le Progr\u00e8s du vendredi 6 juin 1975.<\/p>\n<p>\u00c0 Saint-\u00c9tienne, les travailleuses du sexe professionnelles disent, en ce milieu des ann\u00e9es soixante-dix, \u00eatre au nombre de dix-sept, \u00ab sans compter celles qui travaillent au noir au sortir de l&rsquo;usine et du bureau ou dans la p\u00e9nombre d&rsquo;un bar feutr\u00e9\u00a0\u00bb. Ainsi, \u00e0 l&rsquo;inverse de leurs homologues lyonnaises, les prostitu\u00e9es st\u00e9phanoises ont renonc\u00e9 \u00e0 occuper une \u00e9glise. Mais elles ne sont pas moins d\u00e9termin\u00e9es \u00e0 faire entendre leurs revendications, s&rsquo;annon\u00e7ant pr\u00eates \u00e0 aller jusqu&rsquo;\u00e0 la gr\u00e8ve de la faim.<\/p>\n<p>Pression polici\u00e8re et contr\u00f4les fiscaux<\/p>\n<p>Les revendications de l&rsquo;\u00e9poque portent sur la pression polici\u00e8re exerc\u00e9e sur la profession. Les prostitu\u00e9es demandent ainsi la fin de la verbalisation \u00e0 outrance, le retrait des peines de prison pouvant \u00eatre prononc\u00e9es en cas de r\u00e9cidive sur le d\u00e9lit de racolage, le droit \u00e0 la s\u00e9curit\u00e9 sociale et la fin d&rsquo;une injustice fiscale. \u00ab Les imp\u00f4ts viennent de mettre le nez dans nos comptes. \u00c0 Saint-\u00c9tienne, on nous r\u00e9clame des arri\u00e9r\u00e9s d&rsquo;un million et demi d&rsquo;anciens francs\u00a0\u00bb, d\u00e9plore une des gr\u00e9vistes en demandant des abattements de zone. \u00ab Saint-\u00c9tienne, ce n&rsquo;est pas Nice. On me taxe sur la base de quatre clients par jour. \u00bb<\/p>\n<p>Le tout dans un contexte qui a chang\u00e9 en l&rsquo;espace d&rsquo;une vingtaine d&rsquo;ann\u00e9es, comme le relate notre journaliste : \u00ab Dans les ann\u00e9es cinquante, le commissaire \u00e9tait bon enfant, l&rsquo;h\u00f4tel accueillant et la client\u00e8le peu exigeante. Maintenant, il faut investir dans l&rsquo;immobilier pour avoir son salon de travail, la crise \u00e9conomique a fait des vagues sur le trottoir, et la client\u00e8le qui confond le cin\u00e9ma et la r\u00e9alit\u00e9 demande l&rsquo;impossible. \u00bb<\/p>\n<p>  \u00ab Le plus grand prox\u00e9n\u00e8te, c&rsquo;est l\u2019\u00c9tat \u00bb<\/p>\n<p>Pour les prostitu\u00e9es st\u00e9phanoises, la coupe est pleine. \u00ab Nous condamner pour des activit\u00e9s sur lesquelles on nous impose, c&rsquo;est le comble. L\u2019\u00c9tat, c&rsquo;est lui le plus grand prox\u00e9n\u00e8te. \u00c0 Saint-\u00c9tienne, il n&rsquo;y a pas de souteneur. Quelques filles ont des gigolos, des copains si vous pr\u00e9f\u00e9rez. Mais le seul souteneur, c&rsquo;est l\u2019\u00c9tat. \u00bb<\/p>\n<p>Tandis que le mouvement des prostitu\u00e9es lyonnaises essaime dans de nombreuses autres villes de France, les travailleuses st\u00e9phanoises continuent leurs actions en allant aussi \u00e0 la rencontre du grand public pour sensibiliser \u00e0 leurs difficult\u00e9s. Leur mouvement prendra fin quelques jours plus tard, en m\u00eame temps que sera ordonn\u00e9e l&rsquo;expulsion des prostitu\u00e9es occupant l&rsquo;\u00e9glise Saint-Nizier \u00e0 Lyon.<\/p>\n<p class=\"insetTitle\">L&rsquo;occupation de l&rsquo;\u00e9glise Saint-Nizier \u00e0 Lyon<\/p>\n<p>Le lundi 2 juin 1975, une centaine de prostitu\u00e9es lyonnaises entrent dans l&rsquo;\u00e9glise Saint-Nizier (deuxi\u00e8me arrondissement de Lyon) et d\u00e9cident de l&rsquo;occuper. C&rsquo;est l&rsquo;une des principales actions du mouvement qui essaime ensuite dans de nombreuses villes de France comme \u00e0 Saint-\u00c9tienne.<\/p>\n<p>Le mouvement aura un fort retentissement m\u00e9diatique, notamment du fait de la pr\u00e9sence d&rsquo;Ulla comme porte-parole et leader du mouvement.<\/p>\n<p>Le mardi 10 juin 1975, l&rsquo;\u00e9glise Saint-Nizier est finalement \u00e9vacu\u00e9e par la police. Le mouvement d\u00e9bouche sur la r\u00e9daction d&rsquo;un rapport r\u00e9dig\u00e9 par le magistrat Guy Pinot. Il est remis au pr\u00e9sident Val\u00e9ry Giscard-d&rsquo;Estaing et au Premier ministre Jacques Chirac, mais ne sera jamais rendu public.<\/p>\n","protected":false},"excerpt":{"rendered":"\u00ab En gr\u00e8ve de solidarit\u00e9 avec les prostitu\u00e9es lyonnaises\u00a0\u00bb. C&rsquo;est le texte contenu sur une modeste pancarte affich\u00e9e&hellip;\n","protected":false},"author":2,"featured_media":177545,"comment_status":"","ping_status":"","sticky":false,"template":"","format":"standard","meta":{"footnotes":""},"categories":[9653],"tags":[1111,11,2430,9671,7539,1777,674,107,1011,27,937,3367,12,25,11985,4001,7538,273,10806,104],"class_list":{"0":"post-177544","1":"post","2":"type-post","3":"status-publish","4":"format-standard","5":"has-post-thumbnail","7":"category-saint-etienne","8":"tag-actu","9":"tag-actualites","10":"tag-auvergne-rhone-alpes","11":"tag-conflit-social","12":"tag-edition-loire-sud","13":"tag-eu","14":"tag-europe","15":"tag-fil-info","16":"tag-fr","17":"tag-france","18":"tag-histoire","19":"tag-loire","20":"tag-news","21":"tag-republique-francaise","22":"tag-retro","23":"tag-saint-etienne","24":"tag-saint-etienne-ville","25":"tag-selection-de-la-redaction","26":"tag-selection-de-la-redaction-42","27":"tag-societe"},"share_on_mastodon":{"url":"https:\/\/pubeurope.com\/@fr\/114685504640827408","error":""},"_links":{"self":[{"href":"https:\/\/www.europesays.com\/fr\/wp-json\/wp\/v2\/posts\/177544","targetHints":{"allow":["GET"]}}],"collection":[{"href":"https:\/\/www.europesays.com\/fr\/wp-json\/wp\/v2\/posts"}],"about":[{"href":"https:\/\/www.europesays.com\/fr\/wp-json\/wp\/v2\/types\/post"}],"author":[{"embeddable":true,"href":"https:\/\/www.europesays.com\/fr\/wp-json\/wp\/v2\/users\/2"}],"replies":[{"embeddable":true,"href":"https:\/\/www.europesays.com\/fr\/wp-json\/wp\/v2\/comments?post=177544"}],"version-history":[{"count":0,"href":"https:\/\/www.europesays.com\/fr\/wp-json\/wp\/v2\/posts\/177544\/revisions"}],"wp:featuredmedia":[{"embeddable":true,"href":"https:\/\/www.europesays.com\/fr\/wp-json\/wp\/v2\/media\/177545"}],"wp:attachment":[{"href":"https:\/\/www.europesays.com\/fr\/wp-json\/wp\/v2\/media?parent=177544"}],"wp:term":[{"taxonomy":"category","embeddable":true,"href":"https:\/\/www.europesays.com\/fr\/wp-json\/wp\/v2\/categories?post=177544"},{"taxonomy":"post_tag","embeddable":true,"href":"https:\/\/www.europesays.com\/fr\/wp-json\/wp\/v2\/tags?post=177544"}],"curies":[{"name":"wp","href":"https:\/\/api.w.org\/{rel}","templated":true}]}}