{"id":177546,"date":"2025-06-15T04:31:10","date_gmt":"2025-06-15T04:31:10","guid":{"rendered":"https:\/\/www.europesays.com\/fr\/177546\/"},"modified":"2025-06-15T04:31:10","modified_gmt":"2025-06-15T04:31:10","slug":"le-concept-de-soirees-reservees-aux-femmes-arrive-a-saint-etienne","status":"publish","type":"post","link":"https:\/\/www.europesays.com\/fr\/177546\/","title":{"rendered":"le concept de soir\u00e9es r\u00e9serv\u00e9es aux femmes arrive \u00e0 Saint-\u00c9tienne"},"content":{"rendered":"<p>C\u2019est un concept qui nous vient tout droit d\u2019Allemagne. Une soir\u00e9e, une apr\u00e8s-midi, une heure, pour que les femmes (maman ou non) se retrouvent entre elles et se lib\u00e8rent de <a href=\"https:\/\/www.leprogres.fr\/magazine-sante\/2024\/07\/20\/charge-mentale-des-consequences-sur-notre-sante-physique-et-psychique\" target=\"_blank\" rel=\"nofollow noopener\">leur charge mentale.<\/a> M\u00e9lanie Ferera, illustratrice savoyarde, a lanc\u00e9 la version fran\u00e7aise \u00e0 Chamb\u00e9ry le mois dernier. R\u00e9sultat\u00a0: 150 mamans sont venues passer faire la f\u00eate autour de musiques et d\u2019animations.<\/p>\n<p>Alors, pourquoi ne pas tenter le coup \u00e0 Saint-\u00c9tienne\u00a0? M\u00e9lanie s\u2019est creus\u00e9 la t\u00eate pour trouver des animations et de quoi faire passer une bonne soir\u00e9e \u00e0 ces femmes qui peuvent venir seule ou \u00e0 plusieurs. \u00ab\u00a0Rien n\u2019est obligatoire lors de cette soir\u00e9e. Il y aura un photobooth, un verre sans alcool offert, des petits jeux\u2026 Le but, c\u2019est que tout le monde passe un bon moment, de l\u00e2cher prise\u00a0\u00bb, explique la m\u00e8re de trois enfants.<\/p>\n<p>  Laisser la charge mentale \u00e0 l\u2019entr\u00e9e<\/p>\n<p>Ce concept, M\u00e9lanie en est s\u00fbre, est presque une n\u00e9cessit\u00e9 pour les mamans. \u00ab\u00a0Le post-partum et la vie de maman r\u00e9serve parfois de sacr\u00e9s surprises. Moi-m\u00eame, j\u2019en ai fait l\u2019exp\u00e9rience. Lors de la premi\u00e8re \u00e9dition, j\u2019ai re\u00e7u un message du conjoint de l\u2019une des participantes qui m\u2019a remerci\u00e9e pour cette initiative, car cela faisait longtemps qu\u2019il n\u2019avait pas vu un tel sourire sur le visage de sa femme.\u00a0\u00bb<\/p>\n<p>Pour cette premi\u00e8re \u00e9dition st\u00e9phanoise, c\u2019est le bar La Bonne mine qui accueillera l\u2019\u00e9v\u00e8nement. \u00ab\u00a0J\u2019avoue avoir d\u00e9chant\u00e9 quand les premiers bars que j\u2019ai appel\u00e9s dans le coin m\u2019ont dit que \u201cmaman va danser\u201d \u00e7a les int\u00e9ressait quand m\u00eame nettement moins que \u201cjeune fille va danser\u201d\u2026 Heureusement, nous avons trouv\u00e9 ce lieu qui est tr\u00e8s content de nous accueillir. Je serais personnellement pr\u00e9sente sur place pour g\u00e9rer et profiter de la soir\u00e9e. Je suis seule \u00e0 l\u2019organiser, mais je suis vraiment motiv\u00e9e \u00e0 faire passer un super moment aux femmes qui en ressentent le besoin.\u00a0\u00bb<\/p>\n<p class=\"note\">Entr\u00e9e 13\u00a0euros. Une consommation offerte. R\u00e9servation obligatoire\u00a0sur le site\u00a0: www.billetweb.fr\/pro\/mamanvadanser. \u00c0 La bonne mine, cours Jovin-Bouchard, vendredi 27\u00a0juin, de 20 \u00e0 23 heures.<\/p>\n","protected":false},"excerpt":{"rendered":"C\u2019est un concept qui nous vient tout droit d\u2019Allemagne. Une soir\u00e9e, une apr\u00e8s-midi, une heure, pour que les&hellip;\n","protected":false},"author":2,"featured_media":177547,"comment_status":"","ping_status":"","sticky":false,"template":"","format":"standard","meta":{"footnotes":""},"categories":[9653],"tags":[1111,11,2430,1687,7539,1777,674,107,1011,27,3367,12,4043,25,4001,7538,953],"class_list":{"0":"post-177546","1":"post","2":"type-post","3":"status-publish","4":"format-standard","5":"has-post-thumbnail","7":"category-saint-etienne","8":"tag-actu","9":"tag-actualites","10":"tag-auvergne-rhone-alpes","11":"tag-culture-loisirs","12":"tag-edition-loire-sud","13":"tag-eu","14":"tag-europe","15":"tag-fil-info","16":"tag-fr","17":"tag-france","18":"tag-loire","19":"tag-news","20":"tag-repas-et-the-dansant","21":"tag-republique-francaise","22":"tag-saint-etienne","23":"tag-saint-etienne-ville","24":"tag-soiree"},"share_on_mastodon":{"url":"https:\/\/pubeurope.com\/@fr\/114685508521959819","error":""},"_links":{"self":[{"href":"https:\/\/www.europesays.com\/fr\/wp-json\/wp\/v2\/posts\/177546","targetHints":{"allow":["GET"]}}],"collection":[{"href":"https:\/\/www.europesays.com\/fr\/wp-json\/wp\/v2\/posts"}],"about":[{"href":"https:\/\/www.europesays.com\/fr\/wp-json\/wp\/v2\/types\/post"}],"author":[{"embeddable":true,"href":"https:\/\/www.europesays.com\/fr\/wp-json\/wp\/v2\/users\/2"}],"replies":[{"embeddable":true,"href":"https:\/\/www.europesays.com\/fr\/wp-json\/wp\/v2\/comments?post=177546"}],"version-history":[{"count":0,"href":"https:\/\/www.europesays.com\/fr\/wp-json\/wp\/v2\/posts\/177546\/revisions"}],"wp:featuredmedia":[{"embeddable":true,"href":"https:\/\/www.europesays.com\/fr\/wp-json\/wp\/v2\/media\/177547"}],"wp:attachment":[{"href":"https:\/\/www.europesays.com\/fr\/wp-json\/wp\/v2\/media?parent=177546"}],"wp:term":[{"taxonomy":"category","embeddable":true,"href":"https:\/\/www.europesays.com\/fr\/wp-json\/wp\/v2\/categories?post=177546"},{"taxonomy":"post_tag","embeddable":true,"href":"https:\/\/www.europesays.com\/fr\/wp-json\/wp\/v2\/tags?post=177546"}],"curies":[{"name":"wp","href":"https:\/\/api.w.org\/{rel}","templated":true}]}}