{"id":17755,"date":"2025-04-11T16:42:13","date_gmt":"2025-04-11T16:42:13","guid":{"rendered":"https:\/\/www.europesays.com\/fr\/17755\/"},"modified":"2025-04-11T16:42:13","modified_gmt":"2025-04-11T16:42:13","slug":"elsa-esnoult-les-mysteres-de-lamour-en-couple-elle-devoile-pour-la-premiere-fois-le-visage-de-son-compagnon","status":"publish","type":"post","link":"https:\/\/www.europesays.com\/fr\/17755\/","title":{"rendered":"Elsa Esnoult (Les Myst\u00e8res de l&rsquo;amour) en couple, elle d\u00e9voile pour la premi\u00e8re fois le visage de son compagnon"},"content":{"rendered":"<p>Ce vendredi 11 avril, Elsa Esnoult a annonc\u00e9 sur son compte Instagram qu&rsquo;elle \u00e9tait en couple. Elle a m\u00eame d\u00e9voil\u00e9 le visage du jeune homme qui fait battre son coeur.<\/p>\n<p>Elsa Esnoult incarne le personnage de Fanny Greyson depuis quelques saisons dans Les Myst\u00e8res de l&rsquo;amour. Dans la s\u00e9rie, cette jeune femme romantique partage la vie de Christian, l&rsquo;ex de Johanna, <a href=\"https:\/\/www.programme-tv.net\/news\/series-tv\/367406-les-mysteres-de-l-amour-je-grelotais-dans-ma-robe-de-mariee-tres-fine-elsa-esnoult-fanny-se-confie-sur-le-tournage-sous-la-neige-du-prime-exceptionnel-de-tmc\/\" data-api-deeplink=\"teleloisirs:\/\/news\/367406\" target=\"_blank\" rel=\"noopener\">qu&rsquo;elle a \u00e9pous\u00e9 pour la deuxi\u00e8me fois en d\u00e9cembre dernier<\/a>. A la ville comme \u00e0 l&rsquo;\u00e9cran, la com\u00e9dienne est aussi une chanteuse, qui a d\u00e9j\u00e0 sorti sept albums qui rencontrent un joli succ\u00e8s aupr\u00e8s du public. <a href=\"https:\/\/www.programme-tv.net\/news\/people\/349111-si-demain-je-ne-suis-plus-avec-lui-elsa-esnoult-explique-pourquoi-elle-reste-tres-discrete-sur-sa-vie-amoureuse\/\" data-api-deeplink=\"teleloisirs:\/\/news\/349111\" target=\"_blank\" rel=\"noopener\">Elsa Esnoult a toujours pr\u00e9f\u00e9r\u00e9 rester discr\u00e8te sur sa vie priv\u00e9e<\/a>. Elle avait ainsi expliqu\u00e9 au micro de RTL les raisons de son silence sur son intimit\u00e9. \u00ab\u00a0Elle doit rester secr\u00e8te, c&rsquo;est tr\u00e8s important pour moi, j&rsquo;ai toujours dit que je pr\u00e9senterai quelqu&rsquo;un avec qui j&rsquo;aurai construit quelque chose. Quand je dis construire, c&rsquo;est soit un enfant, soit un mariage. Au moins, cela sera quelqu&rsquo;un qui aura marqu\u00e9 ma vie officiellement. Si aujourd&rsquo;hui, je pr\u00e9sente quelqu&rsquo;un et demain je ne suis plus avec lui, c&rsquo;est moi qui vais en souffrir. Parce que je verrais sa t\u00eate partout\u00a0\u00bb, avait-elle expliqu\u00e9.<\/p>\n<p>                        Elsa Esnoult (Les Myst\u00e8res de l&rsquo;amour) pr\u00e9sente pour la premi\u00e8re fois Alexis, son nouveau compagnon<\/p>\n<p>Il semblerait donc bien qu&rsquo;Elsa Esnoult ait enfin trouv\u00e9 le bon, puisqu&rsquo;elle a r\u00e9v\u00e9l\u00e9 sur Instagram, ce vendredi 11 avril, qu&rsquo;elle filait le parfait amour avec un certain Alexis. \u00ab\u00a0Parce que c\u2019est toi&#8230; <b>Parce que j\u2019ai toujours dit que j\u2019attendais de trouver celui avec lequel je construirai ma vie pour vous le pr\u00e9senter\u2026Alors voil\u00e0\u2026 je l\u2019ai enfin trouv\u00e9&#8230; Je vous pr\u00e9sente Alexis\u2026<\/b>\u00ab\u00a0, a-t-elle \u00e9crit en l\u00e9gende d&rsquo;une photo d&rsquo;elle en train d&rsquo;\u00e9changer un tendre baiser avec ce jeune homme. Elle n&rsquo;en dit pas plus sur son \u00e2ge, les circonstances de leur rencontre ou sur ce qu&rsquo;il faisait dans la vie. Cette annonce a \u00e9videmment r\u00e9jouit les fans de la chanteuse. \u00ab\u00a0Vous \u00eates magnifiques ma Elsa ! J\u2019adore te voir heureuse\u00a0\u00bb, \u00ab\u00a0tu le m\u00e9rites r\u00e9ellement\u00a0\u00bb, \u00ab\u00a0Wouah vous \u00eates si mignon tout les deux ! Je suis tr\u00e8s heureuse que tu aies trouv\u00e9 le bonheur, tu le m\u00e9ritais..En tout cas vous allez super bien ensemble !\u00a0\u00bb, \u00ab\u00a0trop content pour toi Elsa\u00a0\u00bb, se sont-ils r\u00e9jouis.<\/p>\n<p>            Jean-Luc Azoulay avait d\u00e9j\u00e0 r\u00e9v\u00e9l\u00e9 qu&rsquo;Elsa Esnoult (Les Myst\u00e8res de l&rsquo;amour) \u00e9tait en couple<\/p>\n<p>En 2023,<a href=\"https:\/\/www.programme-tv.net\/news\/people\/336173-elle-a-un-cheri-ce-nest-pas-un-secret-jean-luc-azoulay-revele-quelsa-esnoult-est-en-couple\/\" data-api-deeplink=\"teleloisirs:\/\/news\/336173\" target=\"_blank\" rel=\"noopener\"> Jean-Luc Azoulay, le producteur des Myst\u00e8res de l&rsquo;amour, avait d\u00e9j\u00e0 r\u00e9v\u00e9l\u00e9 qu&rsquo;Elsa Esnoult n&rsquo;\u00e9tait pas c\u00e9libataire<\/a>. \u00ab\u00a0Elsa a un ch\u00e9ri, je peux vous le dire, ce n\u2019est pas un secret. Elle a beaucoup de soupirants parce que c\u2019est une jolie fille\u00a0\u00bb, avait-il affirm\u00e9. Il avait m\u00eame indiqu\u00e9 qu&rsquo;il pr\u00e9f\u00e9rerait qu&rsquo;elle m\u00e9diatise plus sa vie priv\u00e9e. \u00ab\u00a0Au contraire. Mes attach\u00e9s de presse me disent : &lsquo;\u00c7a serait bien qu\u2019elle ait des histoires parce qu\u2019on ferait marcher les journaux&rsquo;. Mais non, elle ne veut pas et elle a raison.\u00a0\u00bb<\/p>\n<blockquote class=\"instagram-media\" data-instgrm-captioned=\"\" data-instgrm-permalink=\"https:\/\/www.instagram.com\/p\/DITswqZNjgX\/?utm_source=ig_embed&amp;utm_campaign=loading\" data-instgrm-version=\"14\" style=\" background:#FFF; border:0; border-radius:3px; box-shadow:0 0 1px 0 rgba(0,0,0,0.5),0 1px 10px 0 rgba(0,0,0,0.15); margin: 1px; max-width:658px; min-width:326px; padding:0; width:99.375%; width:-webkit-calc(100% - 2px); width:calc(100% - 2px);\"\/>\n<p>        <script async src=\"\/\/www.instagram.com\/embed.js\"><\/script><\/p>\n","protected":false},"excerpt":{"rendered":"Ce vendredi 11 avril, Elsa Esnoult a annonc\u00e9 sur son compte Instagram qu&rsquo;elle \u00e9tait en couple. Elle a&hellip;\n","protected":false},"author":2,"featured_media":17756,"comment_status":"","ping_status":"","sticky":false,"template":"","format":"standard","meta":{"footnotes":""},"categories":[1359],"tags":[244,1193,58,7158,59,1011,27,7159,973],"class_list":{"0":"post-17755","1":"post","2":"type-post","3":"status-publish","4":"format-standard","5":"has-post-thumbnail","7":"category-people","8":"tag-commentaire","9":"tag-couple","10":"tag-divertissement","11":"tag-elsa-esnoult","12":"tag-entertainment","13":"tag-fr","14":"tag-france","15":"tag-les-mystu00e8res-de-lamour","16":"tag-people"},"share_on_mastodon":{"url":"https:\/\/pubeurope.com\/@fr\/114320332805960543","error":""},"_links":{"self":[{"href":"https:\/\/www.europesays.com\/fr\/wp-json\/wp\/v2\/posts\/17755","targetHints":{"allow":["GET"]}}],"collection":[{"href":"https:\/\/www.europesays.com\/fr\/wp-json\/wp\/v2\/posts"}],"about":[{"href":"https:\/\/www.europesays.com\/fr\/wp-json\/wp\/v2\/types\/post"}],"author":[{"embeddable":true,"href":"https:\/\/www.europesays.com\/fr\/wp-json\/wp\/v2\/users\/2"}],"replies":[{"embeddable":true,"href":"https:\/\/www.europesays.com\/fr\/wp-json\/wp\/v2\/comments?post=17755"}],"version-history":[{"count":0,"href":"https:\/\/www.europesays.com\/fr\/wp-json\/wp\/v2\/posts\/17755\/revisions"}],"wp:featuredmedia":[{"embeddable":true,"href":"https:\/\/www.europesays.com\/fr\/wp-json\/wp\/v2\/media\/17756"}],"wp:attachment":[{"href":"https:\/\/www.europesays.com\/fr\/wp-json\/wp\/v2\/media?parent=17755"}],"wp:term":[{"taxonomy":"category","embeddable":true,"href":"https:\/\/www.europesays.com\/fr\/wp-json\/wp\/v2\/categories?post=17755"},{"taxonomy":"post_tag","embeddable":true,"href":"https:\/\/www.europesays.com\/fr\/wp-json\/wp\/v2\/tags?post=17755"}],"curies":[{"name":"wp","href":"https:\/\/api.w.org\/{rel}","templated":true}]}}