{"id":177552,"date":"2025-06-15T04:34:15","date_gmt":"2025-06-15T04:34:15","guid":{"rendered":"https:\/\/www.europesays.com\/fr\/177552\/"},"modified":"2025-06-15T04:34:15","modified_gmt":"2025-06-15T04:34:15","slug":"une-femme-de-29-ans-secourue-apres-etre-restee-coincee-sous-un-train-a-la-garde","status":"publish","type":"post","link":"https:\/\/www.europesays.com\/fr\/177552\/","title":{"rendered":"une femme de 29 ans secourue apr\u00e8s \u00eatre rest\u00e9e coinc\u00e9e sous un train \u00e0 La Garde"},"content":{"rendered":"<p>            Par<br \/>\n        <strong><br \/>\n            <a href=\"https:\/\/actu.fr\/auteur\/valentine-exantus-actu-fr\" title=\"Consulter tous les articles de Valentine Exantus\" target=\"_blank\" rel=\"noopener\">Valentine Exantus<\/a><br \/>\n        <\/strong><\/p>\n<p>        Publi\u00e9 le<\/p>\n<p>            10 juin 2025 \u00e0 16h07        <\/p>\n<p>Ce lundi 9\u00a0juin, vers 8\u2009h\u200945, une femme \u00e2g\u00e9e de 29\u00a0ans a \u00e9t\u00e9 retrouv\u00e9e<strong> bless\u00e9e et coinc\u00e9e sous un train<\/strong> \u00e0 <a href=\"https:\/\/actu.fr\/provence-alpes-cote-d-azur\/la-garde_83062\" target=\"_blank\" rel=\"noopener\">La Garde<\/a>, dans le <a href=\"https:\/\/actu.fr\/var\" target=\"_blank\" rel=\"noopener\">Var<\/a>, rapporte <a href=\"https:\/\/www.bfmtv.com\/var\/la-garde-une-femme-de-29-ans-secourue-apres-avoir-ete-coincee-sous-un-train_AN-202506090372.html#:~:text=La%20circulation%20a%20%C3%A9t%C3%A9%20perturb%C3%A9e,parvenu%20%C3%A0%20stopper%20le%20train.\" target=\"_blank\" rel=\"noopener\">BFM TV<\/a>.<\/p>\n<p class=\" wall-content\">La femme a \u00e9t\u00e9 aper\u00e7ue par le conducteur du convoi, qui, fort heureusement, a eu le <strong>r\u00e9flexe de stopper un train<\/strong> et de d\u00e9clencher l\u2019alerte.<\/p>\n<p>Une voie neutralis\u00e9e<\/p>\n<p class=\" wall-content\">Une fois l\u2019alerte re\u00e7ue, les pompiers, la police nationale et la <a href=\"https:\/\/actu.fr\/tag\/sncf\" target=\"_blank\" rel=\"noopener\">SNCF<\/a> se sont rassembl\u00e9s pour entamer une op\u00e9ration de d\u00e9sincarc\u00e9ration. La<strong> voie 1<\/strong> a \u00e9t\u00e9 totalement <strong>neutralis\u00e9e<\/strong> pour s\u00e9curiser l\u2019intervention. La voie 2 a \u00e9t\u00e9 rouverte sous \u00ab\u2009marche prudente\u2009\u00bb.<\/p>\n<p class=\" wall-content\">Les pompiers rapportent que sept sauveteurs, une \u00e9quipe du SMUR de Toulon et un v\u00e9hicule sp\u00e9cialis\u00e9 ont \u00e9t\u00e9 mobilis\u00e9s pour extraire la victime.<\/p>\n<p>Perturbations sur la ligne Nice-Paris<\/p>\n<p class=\" wall-content\">L\u2019accident a caus\u00e9 d\u2019importantes perturbations sur le trafic ferroviaire dans les deux sens entre Nice et Marseille. Les retards ont \u00e9t\u00e9 cons\u00e9quents toute la matin\u00e9e, le temps d\u2019achever l\u2019intervention et d\u2019assurer la s\u00e9curit\u00e9 des installations.<\/p>\n<p>Vid\u00e9os : en ce moment sur Actu<\/p>\n<p class=\" wall-content\">Suivez toute l\u2019actualit\u00e9 de vos villes et m\u00e9dias favoris en vous inscrivant \u00e0 <a href=\"https:\/\/moncompte.actu.fr\" title=\"D\u00e9couvez Mon Actu\" rel=\"nofollow noopener\" data-trk=\"{&quot;cta&quot;:{&quot;action&quot;:&quot;https:\\\/\\\/moncompte.actu.fr&quot;,&quot;category&quot;:&quot;mon compte&quot;,&quot;from&quot;:&quot;article footer&quot;,&quot;name&quot;:&quot;Mon actu&quot;,&quot;type&quot;:&quot;cta&quot;}}\" target=\"_blank\">Mon Actu<\/a>.<\/p>\n","protected":false},"excerpt":{"rendered":"Par Valentine Exantus Publi\u00e9 le 10 juin 2025 \u00e0 16h07 Ce lundi 9\u00a0juin, vers 8\u2009h\u200945, une femme \u00e2g\u00e9e&hellip;\n","protected":false},"author":2,"featured_media":163033,"comment_status":"","ping_status":"","sticky":false,"template":"","format":"standard","meta":{"footnotes":""},"categories":[9619],"tags":[1111,11,1777,674,118,1011,27,12,1072,1311,882,25,2215,2310],"class_list":{"0":"post-177552","1":"post","2":"type-post","3":"status-publish","4":"format-standard","5":"has-post-thumbnail","7":"category-toulon","8":"tag-actu","9":"tag-actualites","10":"tag-eu","11":"tag-europe","12":"tag-faits-divers","13":"tag-fr","14":"tag-france","15":"tag-news","16":"tag-police","17":"tag-pompiers","18":"tag-provence-alpes-cote-dazur","19":"tag-republique-francaise","20":"tag-sncf","21":"tag-toulon"},"share_on_mastodon":{"url":"https:\/\/pubeurope.com\/@fr\/114685520417674450","error":""},"_links":{"self":[{"href":"https:\/\/www.europesays.com\/fr\/wp-json\/wp\/v2\/posts\/177552","targetHints":{"allow":["GET"]}}],"collection":[{"href":"https:\/\/www.europesays.com\/fr\/wp-json\/wp\/v2\/posts"}],"about":[{"href":"https:\/\/www.europesays.com\/fr\/wp-json\/wp\/v2\/types\/post"}],"author":[{"embeddable":true,"href":"https:\/\/www.europesays.com\/fr\/wp-json\/wp\/v2\/users\/2"}],"replies":[{"embeddable":true,"href":"https:\/\/www.europesays.com\/fr\/wp-json\/wp\/v2\/comments?post=177552"}],"version-history":[{"count":0,"href":"https:\/\/www.europesays.com\/fr\/wp-json\/wp\/v2\/posts\/177552\/revisions"}],"wp:featuredmedia":[{"embeddable":true,"href":"https:\/\/www.europesays.com\/fr\/wp-json\/wp\/v2\/media\/163033"}],"wp:attachment":[{"href":"https:\/\/www.europesays.com\/fr\/wp-json\/wp\/v2\/media?parent=177552"}],"wp:term":[{"taxonomy":"category","embeddable":true,"href":"https:\/\/www.europesays.com\/fr\/wp-json\/wp\/v2\/categories?post=177552"},{"taxonomy":"post_tag","embeddable":true,"href":"https:\/\/www.europesays.com\/fr\/wp-json\/wp\/v2\/tags?post=177552"}],"curies":[{"name":"wp","href":"https:\/\/api.w.org\/{rel}","templated":true}]}}