{"id":177557,"date":"2025-06-15T04:40:15","date_gmt":"2025-06-15T04:40:15","guid":{"rendered":"https:\/\/www.europesays.com\/fr\/177557\/"},"modified":"2025-06-15T04:40:15","modified_gmt":"2025-06-15T04:40:15","slug":"linquietante-penetration-des-mafias-dans-les-organismes-publics","status":"publish","type":"post","link":"https:\/\/www.europesays.com\/fr\/177557\/","title":{"rendered":"L&rsquo;INQUI\u00c9TANTE P\u00c9N\u00c9TRATION DES MAFIAS DANS LES ORGANISMES PUBLICS"},"content":{"rendered":"<p>Posted On 15 juin 2025 <\/p>\n<p>\u00ab\u00a0Nous n\u2019avons donn\u00e9 l\u2019adresse \u00e0 personne. Nous n\u2019avons m\u00eame pas fait de demande d\u2019APL pour limiter le nombre de personnes \u00e0 savoir o\u00f9 nous logions\u00a0\u00bb. Le soir du 4\u00a0juin dernier, pourtant, quatre hommes encagoul\u00e9s l\u2019attendaient devant son nouvel immeuble. \u00ab\u00a0Ils m\u2019ont jet\u00e9e au sol et rou\u00e9e de coups. Des coups de pied, surtout. En pleine t\u00eate.\u00a0\u00bb Qui, outre de multiples contusions, lui ont valu un traumatisme cr\u00e2nien, une entorse cervicale et dix jours d\u2019ITT. \u00ab\u00a0Ce sont des t\u00e9moins qui m\u2019ont \u00e9vit\u00e9 le pire en les mettant en fuite.\u00a0\u00bb<\/p>\n<p>\u00ab\u00a0On ne comprenait pas comment ils avaient fait pour conna\u00eetre notre nouvelle adresse\u2026 jusqu\u2019\u00e0 ce qu\u2019on apprenne qu\u2019une des proches du \u201ccr\u00e9ancier\u201d de mon oncle travaillait pour notre bailleur social\u2026\u00a0\u00bb Le DL ( 13\/6\/25) raconte le calvaire subi par une grenobloise, sa m\u00e8re et sa fille du fait des agissements d&rsquo;un membre de sa famille avec lequel elle n&rsquo;a aucun lien.<\/p>\n<p><img decoding=\"async\" data-id=\"78302\" src=\"https:\/\/i1.wp.com\/grenoble-le-changement.fr\/wp-content\/uploads\/2024\/12\/inse\u0301curite\u0301-Vaillant-procureur-.png?w=678&amp;ssl=1\" alt=\"\" class=\"wp-image-78302 jetpack-lazy-image\" data-recalc-dims=\"1\" data-lazy-src=\"https:\/\/i1.wp.com\/grenoble-le-changement.fr\/wp-content\/uploads\/2024\/12\/inse\u0301curite\u0301-Vaillant-procureur-.png?w=678&amp;is-pending-load=1#038;ssl=1\" \/><br \/>\nTous les Procureurs disent la m\u00eame chose ( ici Eric Vaillant au \u00a0\u00bb Parisien \u00a0\u00bb ) <\/p>\n<p><strong>LA POROSIT<strong>\u00c9<\/strong> DES ORGANISMES PUBLICS R<strong>\u00c9<\/strong>V<strong>\u00c9<\/strong>L<strong>\u00c9<\/strong>E <\/strong><\/p>\n<p>Ce \u00a0\u00bb bailleur social\u00a0\u00bb toujours nomm\u00e9 ainsi afin de noyer les responsabilit\u00e9s semble \u00eatre Actis pr\u00e9sid\u00e9 par Pierre Bejjaji, un \u00e9lu Piolliste . Cette porosit\u00e9 des organismes publics ainsi r\u00e9v\u00e9l\u00e9e publiquement pour la premi\u00e8re fois \u00e9tait murmur\u00e9e jusque l\u00e0 pour de nombreuses collectivit\u00e9s y compris pas loin des \u00e9lus pour certaines d&rsquo;entre elles. Claude Jacquier, un v\u00e9t\u00e9ran des <a href=\"https:\/\/grenoble-le-changement.fr\/raymond-avrillier-le-tartuffe-rouge-verts-bouge-encore\/\" target=\"_blank\" rel=\"noopener\">Verts\/Ades, proche de Raymond Avrillier<\/a>, le parrain de la municipalit\u00e9 ,avait d\u00e9j\u00e0 jug\u00e9 en ayant <a href=\"https:\/\/grenoble-le-changement.fr\/2017\/08\/16\/drogue-c-jacquier-vertsades-reconnait-la-porosite-avec-les-mafieux\/\" target=\"_blank\" rel=\"noopener\">constat\u00e9 des menaces apr\u00e8s un signalement<\/a> : \u00ab\u00a0les institutions des autorit\u00e9s locales sont en effet si poreuses\u00a0!&#8230;. \u00a0\u00bb\u00a0 <\/p>\n<p>L<strong>ES MAFIAS SONT \u00e0 MINIMA INFORM<strong>\u00c9<\/strong>EES DE L&rsquo;INTERIEUR<\/strong><\/p>\n<p>Il semble que cet entrisme ait \u00e9t\u00e9 organis\u00e9 et progresse afin que plus rien n&rsquo;\u00e9chappe \u00e0 ce qu&rsquo;il convient d&rsquo;appeler une mafia puisqu&rsquo;elle est d\u00e9sormais pr\u00e9sente dans la vie \u00e9conomique r\u00e9elle de la ville. Ses ramifications lui permettent \u00e0 minima d&rsquo;\u00eatre inform\u00e9e de presque tout et peut \u00eatre d&rsquo;avoir de l&rsquo;influence sur les d\u00e9cisions.<\/p>\n<p><strong>UNE FEMME HARCEL<strong>\u00c9<\/strong>E, MENAC<strong>\u00c9<\/strong>E &#8230;<\/strong><\/p>\n<p>Le cas de cette grenobloise que le DL pr\u00e9nomme Nadia est significatif <a href=\"https:\/\/grenoble-le-changement.fr\/2025\/04\/09\/insecurite-toutes-les-stats-qui-confirment-que-grenoble-est-n1\/\" target=\"_blank\" rel=\"noopener\">de cette dangereuse d\u00e9rive.<\/a> Parce que son fr\u00e8re a fui \u00e0 l\u2019\u00e9tranger, c\u2019est \u00e0 elle que des trafiquants de drogue r\u00e9clament les 47\u00a0000\u00a0euros qu\u2019il est cens\u00e9 leur devoir. Sa famille qui travaille,est dans le droit chemin a tourn\u00e9 le dos \u00e0 ce fr\u00e8re. Mais elle a \u00e9t\u00e9 harcel\u00e9e , sa m\u00e8re menac\u00e9e par trois hommes encagoul\u00e9s qui lui ont donn\u00e9 48 heures pour payer la dette. <\/p>\n<p><strong>&#8230; PUIS JET<strong>\u00c9<\/strong>E AU SOL ET ROU<strong>\u00c9<\/strong>E de COUPS<\/strong><\/p>\n<p>Pneus crev\u00e9s, phares bris\u00e9s, pare-brise \u00e9toil\u00e9\u00a0: elle ne compte plus les fois o\u00f9 elle a retrouv\u00e9 sa voiture d\u00e9grad\u00e9e. Coups de t\u00e9l\u00e9phone anonymes. Le 11 avril son appartement a \u00e9t\u00e9 incendi\u00e9 avec un coup de fil avertissant que si la somme n&rsquo;\u00e9tait pas vers\u00e9e ses parents br\u00fbleraient dans la nuit. Actis lui a attribu\u00e9 un autre appartement et \u00ab\u00a0le soir du 4\u00a0juin dernier, pourtant, quatre hommes encagoul\u00e9s l\u2019attendaient devant son nouvel immeuble. \u00ab\u00a0Ils m\u2019ont jet\u00e9e au sol et rou\u00e9e de coups. Des coups de pied, surtout. En pleine t\u00eate.\u00a0\u00bb Qui, outre de multiples contusions, lui ont valu un traumatisme cr\u00e2nien, une entorse cervicale et dix jours d\u2019ITT. \u00ab\u00a0Ce sont des t\u00e9moins qui m\u2019ont \u00e9vit\u00e9 le pire en les mettant en fuite.\u00a0\u00bb raconte &#8211; elle au DL <\/p>\n<p><img decoding=\"async\" data-id=\"30118\" src=\"https:\/\/i2.wp.com\/grenoble-le-changement.fr\/wp-content\/uploads\/2018\/09\/Grenoble-Chicago-France-2-Violence-y.jpg?w=678&amp;ssl=1\" alt=\"\" class=\"wp-image-30118 jetpack-lazy-image\" data-recalc-dims=\"1\" data-lazy-src=\"https:\/\/www.europesays.com\/fr\/wp-content\/uploads\/2025\/06\/Grenoble-Chicago-France-2-Violence-y.jpg\" \/><br \/>\nLes Procureurs se succ\u00e8dent&#8230;.;<\/p>\n<p><strong>L.RUFFIN ( VERTS\/LFI) DEMANDE \u00a0\u00bb A QUOI VOUS R\u00caVEZ?\u00a0\u00bb <\/strong><\/p>\n<p>La majorit\u00e9 Rouge\/Verts n&rsquo;a pas communiqu\u00e9<a href=\"https:\/\/grenoble-le-changement.fr\/2025\/02\/15\/insecurite-les-grenoblois-abandonnes-par-la-majorite-municipale\/\" target=\"_blank\" rel=\"noopener\"> sur les sanctions prises \u00e0 l&rsquo;\u00e9gard de la personne <\/a>qui a mis en danger ces grenobloises en r\u00e9v\u00e9lant leur nouvelle adresse , contrevenant \u00e0 toutes les obligations d&rsquo;un employ\u00e9 d&rsquo;Actis. <\/p>\n<p><a href=\"https:\/\/grenoble-le-changement.fr\/2025\/02\/14\/la-grenade-et-le-maire-qui-se-fout-un-peu-des-critiques-sur-linsecurite\/\" target=\"_blank\" rel=\"noopener\">La seule communication<\/a> qui a suivi ces faits graves <a href=\"https:\/\/grenoble-le-changement.fr\/2025\/06\/14\/laurence-ruffin-ecarte-ses-concurrentes-et-copie-les-methodes-piolle\/\" target=\"_blank\" rel=\"noopener\">est celle de Laurence Ruffin<\/a>, la candidate <a href=\"https:\/\/grenoble-le-changement.fr\/2024\/11\/23\/laurence-ruffin-verts-lfi-petits-mensonges-et-gros-sabots\/\" target=\"_blank\" rel=\"noopener\">d\u00e9sign\u00e9e par Eric Piolle<\/a> lan\u00e7ant de faux citoyens form\u00e9s aux \u00e9l\u00e9ments de langage par une soci\u00e9t\u00e9 \u00e0 Paris pour aller demander aux grenoblois \u00a0\u00bb \u00e0 quoi vous r\u00eavez?\u00a0\u00bb .  Ont ils rencontr\u00e9 Nadia? <a href=\"https:\/\/grenoble-le-changement.fr\/2025\/05\/26\/scop-alma-que-fait-laurence-ruffin-verts-lfi-des-2-5-millions-d-e-de-resultats\/\" target=\"_blank\" rel=\"noopener\">Elle continue \u00e0 \u00eatre hors sol.<\/a><\/p>\n<p><strong>LA MAFIA DES FILI<strong>\u00c9<\/strong>RES ROMS EST SANGLANTE AUSSI<\/strong><\/p>\n<p>Cette probl\u00e9matique des mafias se retrouve avec celle des Roms qui <a href=\"https:\/\/grenoble-le-changement.fr\/2024\/11\/23\/laurence-ruffin-verts-lfi-petits-mensonges-et-gros-sabots\/\" target=\"_blank\" rel=\"noopener\">organise la fili\u00e8re d&rsquo;arriv\u00e9e \u00e0 Grenoble <\/a>en faisant payer une d\u00eeme aux malheureux. On se souvient que sur le terrain de la ville, rue des Alli\u00e9s, le bidonville a \u00e9t\u00e9 victime d&rsquo;un incendie criminel parce qu&rsquo;un \u00a0\u00bb locataire\u00a0\u00bb <a href=\"https:\/\/grenoble-le-changement.fr\/2021\/11\/29\/camp-municipal-de-roms-des-allies-500-e-de-loyer-mensuel\/\" target=\"_blank\" rel=\"noopener\">n&rsquo;avait pas pay\u00e9 son \u00ab\u00a0loyer\u00a0\u00bb de 500 \u20ac \/mois.<\/a>  Une valeur de loyer qui est index\u00e9e sur le fait qu&rsquo;\u00e0 Grenoble, \u00e0 terme, les campements de Roms sont log\u00e9s dans les HLM.  La question est de savoir si, comme l&rsquo;affirment certains, ces locataires de HLM continuent \u00e0 payer la d\u00eeme \u00e0 la mafia car leurs familles rest\u00e9es au pays seraient menac\u00e9es? <\/p>\n<p><strong>LE CONTRIBUABLE A PAY<strong>\u00c9<\/strong> 3,1 MILLIONS D&rsquo;\u20ac A CAUSE DE LA MAFIA ROMS<\/strong><\/p>\n<p>En tout cas s&rsquo;agissant de ce camp de la rue des Alli\u00e9s, faisant suite \u00e0 ceux de la gare, du Clos d&rsquo;Or &#8230; le co\u00fbt pour le contribuable a \u00e9t\u00e9 faramineux <a href=\"https:\/\/grenoble-le-changement.fr\/?s=Richardson\" target=\"_blank\" rel=\"noopener\">en br\u00fblant aussi l&rsquo;entreprise Richardson <\/a>: cette derni\u00e8re s&rsquo;est retourn\u00e9e contre la ville reconnue responsable, qui a du payer 3,1 millions d&rsquo;\u20ac ! Car du fait de sa sinistralit\u00e9 qui cr\u00e8ve les plafonds, Grenoble n&rsquo;est quasiment plus assurable sans des franchises tr\u00e8s \u00e9lev\u00e9es.<\/p>\n<p><img decoding=\"async\" data-id=\"72031\" src=\"https:\/\/i0.wp.com\/grenoble-le-changement.fr\/wp-content\/uploads\/2024\/03\/incendie-Richardson-.jpg?w=678&amp;ssl=1\" alt=\"\" class=\"wp-image-72031 jetpack-lazy-image\" data-recalc-dims=\"1\" data-lazy-src=\"https:\/\/www.europesays.com\/fr\/wp-content\/uploads\/2025\/06\/incendie-Richardson-.jpg\" \/><br \/>\n Richardson en flamme apr\u00e8s l&rsquo;incendie  du campement ROM sur le terrain municipal attenant, d\u00e9clench\u00e9 par la mafia : 3,1 Millions d&rsquo;\u20ac \u00e0 la charge du contribuable! <\/p>\n<p><strong>120 \u00c9LUS M\u00c9TROPOLITAINS FERMENT LES YEUX SUR LE 3 Place MALRAUX<\/strong><\/p>\n<p>La pr\u00e9gnance de ces organisations est tr\u00e8s inqui\u00e9tante. 3 Place Andr\u00e9 Malraux, \u00e0 Hoche, alors que 120 \u00e9lus M\u00e9tropolitains se r\u00e9unissent au 1 , place Andr\u00e9 Malraux, les dealers ont pos\u00e9 leur canap\u00e9 et ont pris en mains l&rsquo;immeuble.\u00a0 Seul le groupe d&rsquo;Alain Carignon s&rsquo;est rendu <a href=\"https:\/\/grenoble-le-changement.fr\/2024\/04\/19\/le-groupe-dopposition-a-hoche-pour-les-10-ans-de-piolle\/\" target=\"_blank\" rel=\"noopener\">dans l&rsquo;immeuble pour soutenir les habitants.<\/a> A l&rsquo;Alma on a vu l&rsquo;installation du micro pour faire parler Eric Piolle pendant qu&rsquo;\u00e0 quelques m\u00e8tres le trafic se poursuit . Partout \u00ab\u00a0la tol\u00e9rance \u00a0\u00bb se d\u00e9veloppe <a href=\"https:\/\/grenoble-le-changement.fr\/2024\/01\/09\/les-dealers-vos-copains-den-bas-pour-la-municipalite\/\" target=\"_blank\" rel=\"noopener\">avec \u00a0\u00bb les copains d&rsquo;en bas\u00a0\u00bb comme les appellent la majorit\u00e9 municipale.<\/a><\/p>\n<p><strong>LA D\u00c9LINQUANCE A PRIS LE POUVOIR ET ELLE S&rsquo;AFFICHE<\/strong><\/p>\n<p><a href=\"https:\/\/grenoble-le-changement.fr\/2024\/12\/09\/le-cout-de-linsecurite-explose-pour-le-contribuable-grenoblois\/\" target=\"_blank\" rel=\"noopener\">D\u00e9sormais les chantiers doivent \u00eatre gard\u00e9s <\/a>jour et nuit. Pour celui de l&rsquo;ex piscine des Iris \u00e0 Villeneuve , le co\u00fbt a \u00e9t\u00e9 de 300 000 \u20ac pour un chantier d&rsquo;un montant de 900 000 \u20ac !  La Chambre R\u00e9gionale des Comptes a fix\u00e9 en 2019 \u00e0 8 Millions d&rsquo;\u20ac\u00a0le cout annuel <a href=\"https:\/\/grenoble-le-changement.fr\/2024\/03\/12\/insecurite-dans-les-transports-la-gratuite-est-en-marche\/\" target=\"_blank\" rel=\"noopener\">de la d\u00e9linquance dans les transports en communs.<\/a><\/p>\n<p>La d\u00e9linquance a pris le pouvoir et le fait savoir. Elle s&rsquo;affiche. Pourquoi peut elle le faire avec autant d&rsquo;arrogance? Le groupe d&rsquo;opposition n&rsquo;a cess\u00e9 d&rsquo;alerter et de proposer \u00e0 chaque \u00e9tape de cette descente aux enfers. <\/p>\n<p><strong>LA MUNICIPALITE REFUSE DE DEMANDER LE FICHIER DES DEALERS CONDAMNES<\/strong><\/p>\n<p>Alain Carignon a demand\u00e9 pourquoi la ville avait pass\u00e9 convention avec la CAF pour fliquer les propri\u00e9taires qui loueraient leur appartement sans avoir sollicit\u00e9 \u00a0\u00bb l&rsquo;autorisation de louer\u00a0\u00bb \u00e0 la municipalit\u00e9 et n&rsquo;a pas demand\u00e9, afin de les expulser des HLM,  la liste des dealers condamn\u00e9s transmises \u00e0 cette m\u00eame CAF par le Procureur, pour leur retirer certaines allocations? <\/p>\n<p><img decoding=\"async\" data-id=\"18764\" src=\"https:\/\/i2.wp.com\/grenoble-le-changement.fr\/wp-content\/uploads\/2017\/10\/dealers-Piolle-tr\u00e8s-cloitres-11016-1-2.jpg?w=678&amp;ssl=1\" alt=\"\" class=\"wp-image-18764 jetpack-lazy-image\" data-recalc-dims=\"1\" data-lazy-src=\"https:\/\/i2.wp.com\/grenoble-le-changement.fr\/wp-content\/uploads\/2017\/10\/dealers-Piolle-tr\u00e8s-cloitres-11016-1-2.jpg?w=678&amp;is-pending-load=1#038;ssl=1\" \/><br \/>\nA L&rsquo;alma le micro de Piolle s&rsquo;installe pendant que le trafic se poursuit au fond de la place&#8230;.<\/p>\n<p><strong>PREMIERE POUR LA DELINQUANCE POUR 1000 HABITANTS<\/strong><\/p>\n<p>En devenant la premi\u00e8re ville de France <a href=\"https:\/\/grenoble-le-changement.fr\/2025\/04\/09\/insecurite-toutes-les-stats-qui-confirment-que-grenoble-est-n1\/\" target=\"_blank\" rel=\"noopener\">pour la d\u00e9linquance pour 1000 habitants<\/a>, la municipalit\u00e9 a fait de Grenoble la recordman des agressions. Mais toute aussi inqui\u00e9tante est le niveau de p\u00e9n\u00e9tration des mafias dans les sph\u00e8res publiques . Car la lutte contre la d\u00e9linquance, d\u00e9j\u00e0 difficile, sera rendue encore plus probl\u00e9matique et dangereuse plus le temps passe.\u00a0<\/p>\n<p><strong>PIOLLE, MARTIN, BEJJAJI FERMENT LES YEUX SUR FERRARI de MISTRAL<\/strong><\/p>\n<p>Le groupe d&rsquo;opposition a pris la mesure de tous les aspects de la probl\u00e9matique et notamment l&rsquo;attaque par l&rsquo;argent. Traquer le niveau de vie qui devrait exclure du logement social. Un policier retrait\u00e9 qui habitait Hoche &#8211; justement le 3 place Andr\u00e9 Malraux- a du quitter son logement du fait du sur-loyer qui lui \u00e9tait impos\u00e9 par Actis \u00e0 cause du niveau de sa retraite qui d\u00e9passait juste le plafond. Mais les m\u00eames, Eric Piolle, Elisa Martin et Pierre Bejjaji qui ont pr\u00e9sid\u00e9 ou pr\u00e9sident Actis n&rsquo;ont rien trouv\u00e9 \u00e0 dire aux locataires de Mistral qui ont f\u00eat\u00e9 un mariage avec des Ferrari&#8230;.<\/p>\n<p><strong>DES ACTIONS FORTES , IMMEDIATES : LE CHANGEMENT VITE<\/strong><\/p>\n<p>La lutte contre la gangr\u00e8ne \u00e9voqu\u00e9e par les Procureurs de la R\u00e9publique successifs ne pourra pas \u00eatre men\u00e9e tant que les \u00e9lus &#8211; \u00e0 minima- fermeront les yeux sur elle et ses ramifications. Les montages de Laurence Ruffin pour tromper \u00e0 nouveau les grenoblois se heurtent \u00e0 une situation qui interdit de r\u00eaver et demande des actions. Fortes et imm\u00e9diates. Bref, le changement ,vite.\u00a0<\/p>\n","protected":false},"excerpt":{"rendered":"Posted On 15 juin 2025 \u00ab\u00a0Nous n\u2019avons donn\u00e9 l\u2019adresse \u00e0 personne. Nous n\u2019avons m\u00eame pas fait de demande&hellip;\n","protected":false},"author":2,"featured_media":177558,"comment_status":"","ping_status":"","sticky":false,"template":"","format":"standard","meta":{"footnotes":""},"categories":[9566],"tags":[31377,1111,11,10127,9601,2430,31378,10131,9607,1777,674,1011,27,2731,10136,12,31379,10140,25,31380],"class_list":{"0":"post-177557","1":"post","2":"type-post","3":"status-publish","4":"format-standard","5":"has-post-thumbnail","7":"category-grenoble","8":"tag-actis","9":"tag-actu","10":"tag-actualites","11":"tag-ades","12":"tag-alain-carignon","13":"tag-auvergne-rhone-alpes","14":"tag-claude-jacquier","15":"tag-elisa-martin","16":"tag-eric-piolle","17":"tag-eu","18":"tag-europe","19":"tag-fr","20":"tag-france","21":"tag-grenoble","22":"tag-laurence-ruffin","23":"tag-news","24":"tag-pierre-bejjaji","25":"tag-raymond-avrillier","26":"tag-republique-francaise","27":"tag-richardson"},"share_on_mastodon":{"url":"https:\/\/pubeurope.com\/@fr\/114685544212270706","error":""},"_links":{"self":[{"href":"https:\/\/www.europesays.com\/fr\/wp-json\/wp\/v2\/posts\/177557","targetHints":{"allow":["GET"]}}],"collection":[{"href":"https:\/\/www.europesays.com\/fr\/wp-json\/wp\/v2\/posts"}],"about":[{"href":"https:\/\/www.europesays.com\/fr\/wp-json\/wp\/v2\/types\/post"}],"author":[{"embeddable":true,"href":"https:\/\/www.europesays.com\/fr\/wp-json\/wp\/v2\/users\/2"}],"replies":[{"embeddable":true,"href":"https:\/\/www.europesays.com\/fr\/wp-json\/wp\/v2\/comments?post=177557"}],"version-history":[{"count":0,"href":"https:\/\/www.europesays.com\/fr\/wp-json\/wp\/v2\/posts\/177557\/revisions"}],"wp:featuredmedia":[{"embeddable":true,"href":"https:\/\/www.europesays.com\/fr\/wp-json\/wp\/v2\/media\/177558"}],"wp:attachment":[{"href":"https:\/\/www.europesays.com\/fr\/wp-json\/wp\/v2\/media?parent=177557"}],"wp:term":[{"taxonomy":"category","embeddable":true,"href":"https:\/\/www.europesays.com\/fr\/wp-json\/wp\/v2\/categories?post=177557"},{"taxonomy":"post_tag","embeddable":true,"href":"https:\/\/www.europesays.com\/fr\/wp-json\/wp\/v2\/tags?post=177557"}],"curies":[{"name":"wp","href":"https:\/\/api.w.org\/{rel}","templated":true}]}}