{"id":177577,"date":"2025-06-15T04:51:16","date_gmt":"2025-06-15T04:51:16","guid":{"rendered":"https:\/\/www.europesays.com\/fr\/177577\/"},"modified":"2025-06-15T04:51:16","modified_gmt":"2025-06-15T04:51:16","slug":"loeil-de-niko-apres-sa-defaite-a-bordeaux-le-rugby-club-vannes-coule-en-pro-d2","status":"publish","type":"post","link":"https:\/\/www.europesays.com\/fr\/177577\/","title":{"rendered":"L\u2019\u0153il de Niko\u00a0: apr\u00e8s sa d\u00e9faite \u00e0 Bordeaux, le Rugby Club Vannes coule en Pro D2"},"content":{"rendered":"<p>Comme dirait Jack dans le film Titanic, \u00ab\u00a0quand on n\u2019a rien, on n\u2019a rien \u00e0 perdre\u00a0\u00bb. Ce n\u2019\u00e9tait pas le cas du Rugby Club Vannes, qui pouvait encore r\u00eaver de maintien jusqu\u2019\u00e0 l\u2019ultime journ\u00e9e de championnat de Top 14. Malheureusement, les hommes de Jean-No\u00ebl Spitzer n\u2019ont pas r\u00e9ussi l\u2019exploit et se sont heurt\u00e9s \u00e0 un roc (\u00e0 moins que ce ne soit un iceberg)\u00a0: l\u2019\u00e9quipe de l\u2019Union Bordeaux B\u00e8gles, champions d\u2019Europe en titre.<\/p>\n<p>Les Vannetais retournent donc en seconde division, seulement un an apr\u00e8s leur mont\u00e9e. Malgr\u00e9 un bel engouement, un stade plein \u00e0 chaque rencontre \u00e0 domicile, et des supporters pr\u00e9sents pour les encourager par tous les temps, les joueurs du RCV n\u2019auront pas r\u00e9ussi \u00e0 se maintenir dans l\u2019\u00e9lite. Avec des victoires m\u00e9morables, une \u00e9quipe acharn\u00e9e et un mental en acier, nul doute que le club aura r\u00e9ussi \u00e0 rendre fier le peuple vannetais\u00a0!<\/p>\n","protected":false},"excerpt":{"rendered":"Comme dirait Jack dans le film Titanic, \u00ab\u00a0quand on n\u2019a rien, on n\u2019a rien \u00e0 perdre\u00a0\u00bb. Ce n\u2019\u00e9tait&hellip;\n","protected":false},"author":2,"featured_media":177578,"comment_status":"","ping_status":"","sticky":false,"template":"","format":"standard","meta":{"footnotes":""},"categories":[2817],"tags":[1111,11,1997,1777,674,1011,27,12,2219,25,3165],"class_list":{"0":"post-177577","1":"post","2":"type-post","3":"status-publish","4":"format-standard","5":"has-post-thumbnail","7":"category-bordeaux","8":"tag-actu","9":"tag-actualites","10":"tag-bordeaux","11":"tag-eu","12":"tag-europe","13":"tag-fr","14":"tag-france","15":"tag-news","16":"tag-nouvelle-aquitaine","17":"tag-republique-francaise","18":"tag-vannes"},"share_on_mastodon":{"url":"https:\/\/pubeurope.com\/@fr\/114685587184757941","error":""},"_links":{"self":[{"href":"https:\/\/www.europesays.com\/fr\/wp-json\/wp\/v2\/posts\/177577","targetHints":{"allow":["GET"]}}],"collection":[{"href":"https:\/\/www.europesays.com\/fr\/wp-json\/wp\/v2\/posts"}],"about":[{"href":"https:\/\/www.europesays.com\/fr\/wp-json\/wp\/v2\/types\/post"}],"author":[{"embeddable":true,"href":"https:\/\/www.europesays.com\/fr\/wp-json\/wp\/v2\/users\/2"}],"replies":[{"embeddable":true,"href":"https:\/\/www.europesays.com\/fr\/wp-json\/wp\/v2\/comments?post=177577"}],"version-history":[{"count":0,"href":"https:\/\/www.europesays.com\/fr\/wp-json\/wp\/v2\/posts\/177577\/revisions"}],"wp:featuredmedia":[{"embeddable":true,"href":"https:\/\/www.europesays.com\/fr\/wp-json\/wp\/v2\/media\/177578"}],"wp:attachment":[{"href":"https:\/\/www.europesays.com\/fr\/wp-json\/wp\/v2\/media?parent=177577"}],"wp:term":[{"taxonomy":"category","embeddable":true,"href":"https:\/\/www.europesays.com\/fr\/wp-json\/wp\/v2\/categories?post=177577"},{"taxonomy":"post_tag","embeddable":true,"href":"https:\/\/www.europesays.com\/fr\/wp-json\/wp\/v2\/tags?post=177577"}],"curies":[{"name":"wp","href":"https:\/\/api.w.org\/{rel}","templated":true}]}}