{"id":177585,"date":"2025-06-15T04:56:08","date_gmt":"2025-06-15T04:56:08","guid":{"rendered":"https:\/\/www.europesays.com\/fr\/177585\/"},"modified":"2025-06-15T04:56:08","modified_gmt":"2025-06-15T04:56:08","slug":"marseille-quel-avenir-pour-la-gare-saint-charles-les-habitants-invites-a-donner-leur-avis","status":"publish","type":"post","link":"https:\/\/www.europesays.com\/fr\/177585\/","title":{"rendered":"Marseille. Quel avenir pour la gare Saint-Charles ? Les habitants invit\u00e9s \u00e0 donner leur avis"},"content":{"rendered":"<p>            Par<br \/>\n        <strong><br \/>\n            <a href=\"https:\/\/actu.fr\/auteur\/thibault-nadal-actu-fr\" title=\"Consulter tous les articles de Thibault Nadal\" target=\"_blank\" rel=\"noopener\">Thibault Nadal<\/a><br \/>\n        <\/strong><\/p>\n<p>        Publi\u00e9 le<\/p>\n<p>            15 juin 2025 \u00e0 6h18        <\/p>\n<p>C\u2019est un endroit historique et embl\u00e9matique de <a href=\"https:\/\/actu.fr\/marseille\/\" target=\"_blank\" rel=\"noopener\">Marseille<\/a> qui va subir une profonde transformation. Le quartier de <a href=\"https:\/\/actu.fr\/tag\/gare-saint-charles\" target=\"_blank\" rel=\"noopener\">Saint-Charles<\/a> va subir de lourds travaux durant les ann\u00e9es \u00e0 venir avec notamment la cr\u00e9ation d\u2019une ZAC (Zone d\u2019Am\u00e9nagement Concert\u00e9). Mais avant cela, les habitants des <strong>1er, 2e, 3e et 7e arrondissements<\/strong> peuvent donner leur avis sur <a href=\"https:\/\/actu.fr\/provence-alpes-cote-d-azur\/marseille_13055\/marseille-la-gare-saint-charles-devoile-son-futur-visage-dans-une-video-en-3d_61986922.html\" target=\"_blank\" rel=\"noopener\">ce projet pharaonique<\/a>.<\/p>\n<p class=\" wall-content\">La M\u00e9tropole a en effet ouvert une grande concertation depuis le 26\u00a0mai dernier. <strong>Elle dure jusqu\u2019au 31\u00a0juillet prochain<\/strong>.<\/p>\n<p>Plusieurs moyens pour s\u2019exprimer<\/p>\n<p class=\" wall-content\">Durant ces deux mois, les habitants peuvent <strong>se rendre dans leur mairie d\u2019arrondissement<\/strong> pour obtenir des informations et formuler des requ\u00eates, mais aussi <a href=\"https:\/\/www.registre-numerique.fr\/concertation-Saint-Charles\" target=\"_blank\" rel=\"noopener\">en ligne<\/a>.<\/p>\n<p class=\" wall-content\">\n<p class=\" wall-content\">\u00ab\u2009Ce projet majeur de d\u00e9veloppement urbain vise \u00e0 r\u00e9pondre aux enjeux d\u2019interfaces ville\/gare tant en mati\u00e8re d\u2019insertion urbaine, de mixit\u00e9 fonctionnelle (habitat, \u00e9conomie, \u00e9quipement), de coh\u00e9sion sociale que de prise en compte des enjeux environnementaux d\u2019une grande infrastructure ferroviaire dans le quartier de centre-ville de Marseille\u2009\u00bb, indique la M\u00e9tropole sur <a href=\"https:\/\/www.registre-numerique.fr\/concertation-Saint-Charles\" target=\"_blank\" rel=\"noopener\">son site<\/a>.<\/p>\n<p>Quel est le projet\u2009?<\/p>\n<p class=\" wall-content\">\u00ab\u2009Marseille Saint-Charles \u00e0 360\u00b0\u2009\u00bb doit voir le jour en 2035, selon les premiers calendriers annonc\u00e9s. Concr\u00e8tement, \u00e0 cette date, la gare sera ouverte sur la ville et il sera plus facile de s\u2019y rendre \u00e0 gr\u00e2ce \u00e0 de nouveaux acc\u00e8s pi\u00e9tons, comme <a href=\"https:\/\/actu.fr\/provence-alpes-cote-d-azur\/marseille_13055\/marseille-la-gare-saint-charles-devoile-son-futur-visage-dans-une-video-en-3d_61986922.html\" target=\"_blank\" rel=\"noopener\">nous le racontions il y a sept mois<\/a>. Aujourd\u2019hui, se rendre \u00e0 pied \u00e0 Saint-Charles peut s\u2019apparenter \u00e0 un parcours du combattant avec notamment <a href=\"https:\/\/actu.fr\/provence-alpes-cote-d-azur\/marseille_13055\/combien-y-a-t-il-de-marches-sur-l-escalier-de-la-gare-saint-charles-a-marseille_56419715.html\" target=\"_blank\" rel=\"noopener\">cet escalier de 104 marches de haut<\/a>.<\/p>\n<p>Vid\u00e9os : en ce moment sur Actu<\/p>\n<p class=\" wall-content\">\n<p class=\" wall-content\">Des espaces verts avec un jardin sur le parvis et des zones commerciales doivent aussi \u00eatre cr\u00e9\u00e9s. Enfin, les sous-terrains de Saint-Charles vont concentrer la plus importante partie des travaux. <strong>Un tunnel ferroviaire de huit kilom\u00e8tres<\/strong> doit voir le jour pour permettre de mieux desservir Marseille avec les autres villes de la r\u00e9gion Paca.<\/p>\n<p class=\" wall-content\">\u00ab\u2009Le bilan de la concertation <strong>sera rendu public d\u2019ici fin 2025<\/strong>\u2009\u00bb, conclut la M\u00e9tropole.<\/p>\n<p class=\" wall-content\">Suivez toute l\u2019actualit\u00e9 de vos villes et m\u00e9dias favoris en vous inscrivant \u00e0 <a href=\"https:\/\/moncompte.actu.fr\" title=\"D\u00e9couvez Mon Actu\" rel=\"nofollow noopener\" data-trk=\"{&quot;cta&quot;:{&quot;action&quot;:&quot;https:\\\/\\\/moncompte.actu.fr&quot;,&quot;category&quot;:&quot;mon compte&quot;,&quot;from&quot;:&quot;article footer&quot;,&quot;name&quot;:&quot;Mon actu&quot;,&quot;type&quot;:&quot;cta&quot;}}\" target=\"_blank\">Mon Actu<\/a>.<\/p>\n<ul class=\"ac-article-tag wall-content\">\n<li><a href=\"https:\/\/actu.fr\/tag\/gare-saint-charles\" data-trk=\"{&quot;cta&quot;:{&quot;action&quot;:&quot;Gare Saint Charles&quot;,&quot;category&quot;:&quot;tag&quot;,&quot;from&quot;:&quot;article footer&quot;,&quot;name&quot;:&quot;Gare Saint Charles&quot;,&quot;type&quot;:&quot;cta&quot;}}\" target=\"_blank\" rel=\"noopener\">#Gare Saint Charles<\/a><\/li>\n<li><a href=\"https:\/\/actu.fr\/tag\/travaux\" data-trk=\"{&quot;cta&quot;:{&quot;action&quot;:&quot;Travaux&quot;,&quot;category&quot;:&quot;tag&quot;,&quot;from&quot;:&quot;article footer&quot;,&quot;name&quot;:&quot;Travaux&quot;,&quot;type&quot;:&quot;cta&quot;}}\" target=\"_blank\" rel=\"noopener\">#Travaux<\/a><\/li>\n<\/ul>\n","protected":false},"excerpt":{"rendered":"Par Thibault Nadal Publi\u00e9 le 15 juin 2025 \u00e0 6h18 C\u2019est un endroit historique et embl\u00e9matique de Marseille&hellip;\n","protected":false},"author":2,"featured_media":177586,"comment_status":"","ping_status":"","sticky":false,"template":"","format":"standard","meta":{"footnotes":""},"categories":[2814],"tags":[1111,11,1777,674,1011,27,6305,884,12,882,25,104,2086],"class_list":{"0":"post-177585","1":"post","2":"type-post","3":"status-publish","4":"format-standard","5":"has-post-thumbnail","7":"category-marseille","8":"tag-actu","9":"tag-actualites","10":"tag-eu","11":"tag-europe","12":"tag-fr","13":"tag-france","14":"tag-gare-saint-charles","15":"tag-marseille","16":"tag-news","17":"tag-provence-alpes-cote-dazur","18":"tag-republique-francaise","19":"tag-societe","20":"tag-travaux"},"share_on_mastodon":{"url":"https:\/\/pubeurope.com\/@fr\/114685606814187682","error":""},"_links":{"self":[{"href":"https:\/\/www.europesays.com\/fr\/wp-json\/wp\/v2\/posts\/177585","targetHints":{"allow":["GET"]}}],"collection":[{"href":"https:\/\/www.europesays.com\/fr\/wp-json\/wp\/v2\/posts"}],"about":[{"href":"https:\/\/www.europesays.com\/fr\/wp-json\/wp\/v2\/types\/post"}],"author":[{"embeddable":true,"href":"https:\/\/www.europesays.com\/fr\/wp-json\/wp\/v2\/users\/2"}],"replies":[{"embeddable":true,"href":"https:\/\/www.europesays.com\/fr\/wp-json\/wp\/v2\/comments?post=177585"}],"version-history":[{"count":0,"href":"https:\/\/www.europesays.com\/fr\/wp-json\/wp\/v2\/posts\/177585\/revisions"}],"wp:featuredmedia":[{"embeddable":true,"href":"https:\/\/www.europesays.com\/fr\/wp-json\/wp\/v2\/media\/177586"}],"wp:attachment":[{"href":"https:\/\/www.europesays.com\/fr\/wp-json\/wp\/v2\/media?parent=177585"}],"wp:term":[{"taxonomy":"category","embeddable":true,"href":"https:\/\/www.europesays.com\/fr\/wp-json\/wp\/v2\/categories?post=177585"},{"taxonomy":"post_tag","embeddable":true,"href":"https:\/\/www.europesays.com\/fr\/wp-json\/wp\/v2\/tags?post=177585"}],"curies":[{"name":"wp","href":"https:\/\/api.w.org\/{rel}","templated":true}]}}