{"id":177589,"date":"2025-06-15T04:58:12","date_gmt":"2025-06-15T04:58:12","guid":{"rendered":"https:\/\/www.europesays.com\/fr\/177589\/"},"modified":"2025-06-15T04:58:12","modified_gmt":"2025-06-15T04:58:12","slug":"les-dealers-forcent-une-porte-anti-squat-leur-cache-darme-et-de-drogue-decouverte-par-la-police","status":"publish","type":"post","link":"https:\/\/www.europesays.com\/fr\/177589\/","title":{"rendered":"les dealers forcent une porte anti-squat, leur cache d&rsquo;arme et de drogue d\u00e9couverte par la police"},"content":{"rendered":"<p itemprop=\"description\"><strong>Ce samedi apr\u00e8s-midi, les forces de l&rsquo;ordre ont r\u00e9alis\u00e9 une visite des parties communes de la tour 39 du boulevard L\u00e9nine \u00e0 V\u00e9nissieux.<\/strong><\/p>\n<p>Selon nos informations, la BST a eu le nez creux puisque les agents sont tomb\u00e9s au 2e \u00e9tage sur une porte anti-squat qui avait \u00e9t\u00e9 forc\u00e9e.<\/p>\n<p>A l&rsquo;int\u00e9rieur de l&rsquo;appartement condamn\u00e9, l&rsquo;\u00e9quipage a d\u00e9couvert une cache de dealers qui renfermait 12 kilos d&rsquo;herbe et de r\u00e9sine de cannabis, ainsi qu&rsquo;une arme de poing et des munitions.<\/p>\n<p>Une intervention qui met un coup, probablement temporaire, aux trafiquants des Minguettes.<\/p>\n","protected":false},"excerpt":{"rendered":"Ce samedi apr\u00e8s-midi, les forces de l&rsquo;ordre ont r\u00e9alis\u00e9 une visite des parties communes de la tour 39&hellip;\n","protected":false},"author":2,"featured_media":177590,"comment_status":"","ping_status":"","sticky":false,"template":"","format":"standard","meta":{"footnotes":""},"categories":[1889],"tags":[1111,11,2813,2190,2430,1109,251,1112,2811,1777,674,118,1011,27,1922,1110,1114,2428,2810,12,241,316,25,2812,517,800],"class_list":{"0":"post-177589","1":"post","2":"type-post","3":"status-publish","4":"format-standard","5":"has-post-thumbnail","7":"category-lyon","8":"tag-actu","9":"tag-actualites","10":"tag-article","11":"tag-asvel","12":"tag-auvergne-rhone-alpes","13":"tag-breves","14":"tag-culture","15":"tag-depeches","16":"tag-economique","17":"tag-eu","18":"tag-europe","19":"tag-faits-divers","20":"tag-fr","21":"tag-france","22":"tag-info","23":"tag-informations","24":"tag-infos","25":"tag-lyon","26":"tag-lyonmag","27":"tag-news","28":"tag-ol","29":"tag-politique","30":"tag-republique-francaise","31":"tag-sociale","32":"tag-sport","33":"tag-transports"},"share_on_mastodon":{"url":"https:\/\/pubeurope.com\/@fr\/114685614827072813","error":""},"_links":{"self":[{"href":"https:\/\/www.europesays.com\/fr\/wp-json\/wp\/v2\/posts\/177589","targetHints":{"allow":["GET"]}}],"collection":[{"href":"https:\/\/www.europesays.com\/fr\/wp-json\/wp\/v2\/posts"}],"about":[{"href":"https:\/\/www.europesays.com\/fr\/wp-json\/wp\/v2\/types\/post"}],"author":[{"embeddable":true,"href":"https:\/\/www.europesays.com\/fr\/wp-json\/wp\/v2\/users\/2"}],"replies":[{"embeddable":true,"href":"https:\/\/www.europesays.com\/fr\/wp-json\/wp\/v2\/comments?post=177589"}],"version-history":[{"count":0,"href":"https:\/\/www.europesays.com\/fr\/wp-json\/wp\/v2\/posts\/177589\/revisions"}],"wp:featuredmedia":[{"embeddable":true,"href":"https:\/\/www.europesays.com\/fr\/wp-json\/wp\/v2\/media\/177590"}],"wp:attachment":[{"href":"https:\/\/www.europesays.com\/fr\/wp-json\/wp\/v2\/media?parent=177589"}],"wp:term":[{"taxonomy":"category","embeddable":true,"href":"https:\/\/www.europesays.com\/fr\/wp-json\/wp\/v2\/categories?post=177589"},{"taxonomy":"post_tag","embeddable":true,"href":"https:\/\/www.europesays.com\/fr\/wp-json\/wp\/v2\/tags?post=177589"}],"curies":[{"name":"wp","href":"https:\/\/api.w.org\/{rel}","templated":true}]}}